{"id":23656,"date":"2022-09-22T06:00:00","date_gmt":"2022-09-22T04:00:00","guid":{"rendered":"https:\/\/www.treatwell.de\/treatment-files\/?p=24681"},"modified":"2026-01-18T16:43:26","modified_gmt":"2026-01-18T15:43:26","slug":"rotbraunes-haar-30-ideen-die-wir-noch-diesen-herbst-probieren-wollen","status":"publish","type":"post","link":"https:\/\/www.treatwell.de/treatment-files\/rotbraunes-haar-30-ideen-die-wir-noch-diesen-herbst-probieren-wollen\/","title":{"rendered":"Rotbraunes Haar? 30 Ideen f\u00fcr den Herbst"},"content":{"rendered":"<p style=\"text-align: justify\"><span style=\"font-weight: 400\">Rot oder rotbraunes Haar f\u00fcr den Herbst? Nicht unbedingt etwas Neues, aber ein Klassiker in Sachen Haarfarben f\u00fcr die Herbstsaison. Wo man auch hinsieht, ist das warme Rotbraun mit zartem K\u00fcrbis-Orange zu sehen \u2013 auf TikTok sorgt der Hashtag #gingerhair mit 100 Millionen Views f\u00fcr Staunen.&nbsp;<\/span><\/p>\n<p style=\"text-align: justify\"><span style=\"font-weight: 400\">Ist es der Glanz, die Farbpracht, die Sehnsucht nach Lagerfeuern und K\u00fcrbis oder einfach nur die Tatsache, dass wir uns auf den Herbst freuen? Etwas an dieser wundersch\u00f6nen Haarfarbe zieht uns einfach jeden Herbst immer und immer wieder in den Bann. So oder so haben wir in dieser Saison bereits eine erschreckende Menge an Pumpkin Spice-Lattes konsumiert \u2013 und es ist gerade erst Mitte Oktober.<\/span><\/p>\n<p style=\"text-align: justify\"><span style=\"font-weight: 400\">Rotbraunes Haar hat den Vorteil, dass es jeder Hautfarbe und jedem Haartyp schmeichelt. Ausserdem gibt es eine endlose Auswahl an Farbnuancen zur Auswahl. Wer sich f\u00fcr einen subtilen und nat\u00fcrlichen Ton entscheidet, wird mit einem zarten Erdbeerblond, nat\u00fcrlichen Rotton oder einem warmen Rotbraun besonders Freude haben. Gigi Hadid hat es bereits auf der Fashion Week vorgemacht und wir schw\u00e4rmen noch heute von der feurigen Haarpracht. Das hei\u00dft allerdings nicht, dass eine totales Makeover unbedingt notwendig ist. Ganz im Gegenteil \u2013 Highlights k\u00f6nnen oft einen gro\u00dfen Unterschied machen und deine Gesichtsmerkmale besser hervorheben.&nbsp;<\/span><\/p>\n<p style=\"text-align: justify\"><span style=\"font-weight: 400\">Wenn du keine Lust auf eine Komplettver\u00e4nderung hast \u2013 warum nicht einfach ein paar Highlights oder einen Balayage in herbstlichen Rot- und feurigen Oranget\u00f6nen ausprobieren? Mit Halloween vor der T\u00fcr w\u00e4re mit dieser Haarfarbe f\u00fcr einen gro\u00dfen Auftritt gesorgt. Bereit f\u00fcr einen glamour\u00f6sen Halloween-Style? Los geht\u2019s!<\/span><\/p>\n<p style=\"text-align: justify\"><span style=\"font-weight: 400\">Von Isabella<\/span><\/p>\n<p style=\"text-align: justify\">\n<div class=\"schema-faq wp-block-yoast-faq-block\">\n<div class=\"schema-faq-section\" id=\"faq-question-1768750685652\">\n<h3 class=\"schema-faq-question\">Welche Haarfarbe eignet sich besonders gut f\u00fcr den Herbst?<\/h3>\n<p class=\"schema-faq-answer\">Rotbraune Haare mit K\u00fcrbis-Orange wirken im Herbst besonders angesagt und warm. Gerade Nuancen mit zarten Orangeanteilen bringen saisonale Stimmung und ziehen mit ihrem Glanz alle Blicke auf sich.<\/div>\n<div class=\"schema-faq-section\" id=\"faq-question-1768750685653\">\n<h3 class=\"schema-faq-question\">Schmeichelt rotbraunes Haar wirklich jedem Hautton?<\/h3>\n<p class=\"schema-faq-answer\">Ja, rotbraunes Haar eignet sich f\u00fcr jeden Hautton sowie jeden Haartyp. Der Grund daf\u00fcr liegt in der Vielfalt der verf\u00fcgbaren Nuancen, die individuelle Besonderheiten besonders vorteilhaft zur Geltung bringen k\u00f6nnen.<\/div>\n<div class=\"schema-faq-section\" id=\"faq-question-1768750685654\">\n<h3 class=\"schema-faq-question\">Was ist, wenn du keine komplette Typver\u00e4nderung m\u00f6chtest?<\/h3>\n<p class=\"schema-faq-answer\">Highlights in herbstlichen Rot- und Oranget\u00f6nen oder ein Balayage-Effekt sorgen direkt f\u00fcr frische Akzente. So erzielst du mehr Dimension und kannst die Gesichtsmerkmale ohne Komplettumf\u00e4rbung hervorheben.<\/div>\n<div class=\"schema-faq-section\" id=\"faq-question-1768750685655\">\n<h3 class=\"schema-faq-question\">Welche Farbt\u00f6ne stehen zur Auswahl, wenn du es nat\u00fcrlich magst?<\/h3>\n<p class=\"schema-faq-answer\">Subtile Optionen wie Erdbeerblond, nat\u00fcrliche Rott\u00f6ne oder ein sanftes Rotbraun wirken besonders nat\u00fcrlich. Diese Varianten verleihen dem Haar einen warmen Touch und harmonieren bestens mit unterschiedlichen Typen.<\/div>\n<div class=\"schema-faq-section\" id=\"faq-question-1768750685656\">\n<h3 class=\"schema-faq-question\">Wie sorgst du vor Halloween f\u00fcr einen auff\u00e4lligen Look?<\/h3>\n<p class=\"schema-faq-answer\">Ein Rotbraun mit feurigen Oranget\u00f6nen l\u00e4sst dich an Halloween auff\u00e4llig und glamour\u00f6s auftreten. Gerade vor Events oder saisonalen Feiern erzielst du mit der Trendfarbe einen gro\u00dfen Auftritt.<\/div>\n<\/p><\/div>\n","protected":false},"excerpt":{"rendered":"<p>Rot oder rotbraunes Haar f\u00fcr den Herbst? Nicht unbedingt etwas Neues, aber ein Klassiker in Sachen Haarfarben f\u00fcr die Herbstsaison. Wo man auch hinsieht, ist das warme Rotbraun mit zartem K\u00fcrbis-Orange zu sehen \u2013 auf TikTok sorgt der Hashtag #gingerhair mit 100 Millionen Views f\u00fcr Staunen.&nbsp; Ist es der Glanz, die Farbpracht, die Sehnsucht nach [&hellip;]<\/p>\n","protected":false},"author":3318,"featured_media":23688,"comment_status":"closed","ping_status":"closed","sticky":false,"template":"","format":"standard","meta":{"_acf_changed":false,"_yoast_wpseo_title":"Rotbraunes Haar? 30 Ideen f\u00fcr den Herbst - Treatwell","_yoast_wpseo_metadesc":"Rotbraunes Haar f\u00fcr den Herbst? Nicht unbedingt etwas Neues, aber ein Klassiker in Sachen Haarfarben f\u00fcr die Herbstsaison.","_genesis_hide_title":false,"_genesis_hide_breadcrumbs":false,"_genesis_hide_singular_image":false,"_genesis_hide_footer_widgets":false,"_genesis_custom_body_class":"","_genesis_custom_post_class":"","_genesis_layout":"","saswp_custom_schema_field":"{\"@context\":\"https:\/\/schema.org\",\"@type\":\"FAQPage\",\"mainEntity\":[{\"@type\":\"Question\",\"name\":\"Welche Haarfarbe eignet sich besonders gut f\u00fcr den Herbst?\",\"acceptedAnswer\":{\"@type\":\"Answer\",\"text\":\"Rotbraune Haare mit K\u00fcrbis-Orange wirken im Herbst besonders angesagt und warm. Gerade Nuancen mit zarten Orangeanteilen bringen saisonale Stimmung und ziehen mit ihrem Glanz alle Blicke auf sich.\"}},{\"@type\":\"Question\",\"name\":\"Schmeichelt rotbraunes Haar wirklich jedem Hautton?\",\"acceptedAnswer\":{\"@type\":\"Answer\",\"text\":\"Ja, rotbraunes Haar eignet sich f\u00fcr jeden Hautton sowie jeden Haartyp. Der Grund daf\u00fcr liegt in der Vielfalt der verf\u00fcgbaren Nuancen, die individuelle Besonderheiten besonders vorteilhaft zur Geltung bringen k\u00f6nnen.\"}},{\"@type\":\"Question\",\"name\":\"Was ist, wenn du keine komplette Typver\u00e4nderung m\u00f6chtest?\",\"acceptedAnswer\":{\"@type\":\"Answer\",\"text\":\"Highlights in herbstlichen Rot- und Oranget\u00f6nen oder ein Balayage-Effekt sorgen direkt f\u00fcr frische Akzente. So erzielst du mehr Dimension und kannst die Gesichtsmerkmale ohne Komplettumf\u00e4rbung hervorheben.\"}},{\"@type\":\"Question\",\"name\":\"Welche Farbt\u00f6ne stehen zur Auswahl, wenn du es nat\u00fcrlich magst?\",\"acceptedAnswer\":{\"@type\":\"Answer\",\"text\":\"Subtile Optionen wie Erdbeerblond, nat\u00fcrliche Rott\u00f6ne oder ein sanftes Rotbraun wirken besonders nat\u00fcrlich. Diese Varianten verleihen dem Haar einen warmen Touch und harmonieren bestens mit unterschiedlichen Typen.\"}},{\"@type\":\"Question\",\"name\":\"Wie sorgst du vor Halloween f\u00fcr einen auff\u00e4lligen Look?\",\"acceptedAnswer\":{\"@type\":\"Answer\",\"text\":\"Ein Rotbraun mit feurigen Oranget\u00f6nen l\u00e4sst dich an Halloween auff\u00e4llig und glamour\u00f6s auftreten. Gerade vor Events oder saisonalen Feiern erzielst du mit der Trendfarbe einen gro\u00dfen Auftritt.\"}}]}","footnotes":""},"categories":[2],"tags":[9,36],"class_list":{"0":"post-23656","1":"post","2":"type-post","3":"status-publish","4":"format-standard","5":"has-post-thumbnail","7":"category-trends","8":"tag-tt6","9":"tag-tr273","10":"entry"},"acf":{"post_credits":"Bildrechte: Shutterstock, Instagram: @georgiabunce, @cutlersalon, @nancymefaddihair, @onaiaziz, @viola_pyak, @lanzauk, @kirstyeelizabeth, @dompellihair, @cutlersalon, @coiffeurvincent, @pearlthestylist, @madssune, @colourmesue, @rebeccajacques_hair, @hairbyandi_, @katiecofferonhair","beauty_blog_post_button_title":"Herbststimmung!","beauty_blog_post_button":"https:\/\/www.treatwell.de\/orte\/behandlung-damen-coloration\/angebot-typ-lokal\/in-de\/","landscape_picture":23687,"blocks":[{"block_title":"","block_content":"","video_content":"","block_picture":23657},{"block_title":"","block_content":"","video_content":"","block_picture":23658},{"block_title":"","block_content":"","video_content":"","block_picture":23659},{"block_title":"","block_content":"","video_content":"","block_picture":23660},{"block_title":"","block_content":"","video_content":"","block_picture":23661},{"block_title":"","block_content":"","video_content":"","block_picture":23662},{"block_title":"","block_content":"","video_content":"","block_picture":23663},{"block_title":"","block_content":"","video_content":"","block_picture":23664},{"block_title":"","block_content":"","video_content":"","block_picture":23665},{"block_title":"","block_content":"","video_content":"","block_picture":23666},{"block_title":"","block_content":"","video_content":"","block_picture":23667},{"block_title":"","block_content":"","video_content":"","block_picture":23668},{"block_title":"","block_content":"","video_content":"","block_picture":23669},{"block_title":"","block_content":"","video_content":"","block_picture":23670},{"block_title":"","block_content":"","video_content":"","block_picture":23671},{"block_title":"","block_content":"","video_content":"","block_picture":23672},{"block_title":"","block_content":"","video_content":"","block_picture":23673},{"block_title":"","block_content":"","video_content":"","block_picture":23674},{"block_title":"","block_content":"","video_content":"","block_picture":23675},{"block_title":"","block_content":"","video_content":"","block_picture":23676},{"block_title":"","block_content":"","video_content":"","block_picture":23677},{"block_title":"","block_content":"","video_content":"","block_picture":23678},{"block_title":"","block_content":"","video_content":"","block_picture":23679},{"block_title":"","block_content":"","video_content":"","block_picture":23680},{"block_title":"","block_content":"","video_content":"","block_picture":23681},{"block_title":"","block_content":"","video_content":"","block_picture":23682},{"block_title":"","block_content":"","video_content":"","block_picture":23683},{"block_title":"","block_content":"","video_content":"","block_picture":23684},{"block_title":"","block_content":"","video_content":"","block_picture":23685},{"block_title":"","block_content":"","video_content":"","block_picture":23686}]},"yoast_head":"<!-- This site is optimized with the Yoast SEO plugin v27.5 - https:\/\/yoast.com\/product\/yoast-seo-wordpress\/ -->\n<title>Rotbraunes Haar? 30 Ideen f\u00fcr den Herbst - Treatwell<\/title>\n<meta name=\"description\" content=\"Rotbraunes Haar f\u00fcr den Herbst? Nicht unbedingt etwas Neues, aber ein Klassiker in Sachen Haarfarben f\u00fcr die Herbstsaison.\" \/>\n<meta name=\"robots\" content=\"index, follow, max-snippet:-1, max-image-preview:large, max-video-preview:-1\" \/>\n<link rel=\"canonical\" href=\"https:\/\/www.treatwell.de/treatment-files\/rotbraunes-haar-30-ideen-die-wir-noch-diesen-herbst-probieren-wollen\/\" \/>\n<meta property=\"og:locale\" content=\"de_DE\" \/>\n<meta property=\"og:type\" content=\"article\" \/>\n<meta property=\"og:title\" content=\"Rotbraunes Haar? 30 Ideen f\u00fcr den Herbst - Treatwell\" \/>\n<meta property=\"og:description\" content=\"Rotbraunes Haar f\u00fcr den Herbst? Nicht unbedingt etwas Neues, aber ein Klassiker in Sachen Haarfarben f\u00fcr die Herbstsaison.\" \/>\n<meta property=\"og:url\" content=\"https:\/\/www.treatwell.de/treatment-files\/rotbraunes-haar-30-ideen-die-wir-noch-diesen-herbst-probieren-wollen\/\" \/>\n<meta property=\"og:site_name\" content=\"The Treatment Files Blog\" \/>\n<meta property=\"article:published_time\" content=\"2022-09-22T04:00:00+00:00\" \/>\n<meta property=\"article:modified_time\" content=\"2026-01-18T15:43:26+00:00\" \/>\n<meta property=\"og:image\" content=\"https:\/\/www.treatwell.de/treatment-files\/wp-content\/uploads\/sites\/7\/2022\/03\/shutterstock_editorial_12442601ql-500x628.jpg\" \/>\n\t<meta property=\"og:image:width\" content=\"500\" \/>\n\t<meta property=\"og:image:height\" content=\"628\" \/>\n\t<meta property=\"og:image:type\" content=\"image\/jpeg\" \/>\n<meta name=\"author\" content=\"Isabella Tombinski-robb\" \/>\n<meta name=\"twitter:card\" content=\"summary_large_image\" \/>\n<meta name=\"twitter:label1\" content=\"Verfasst von\" \/>\n\t<meta name=\"twitter:data1\" content=\"Isabella Tombinski-robb\" \/>\n\t<meta name=\"twitter:label2\" content=\"Gesch\u00e4tzte Lesezeit\" \/>\n\t<meta name=\"twitter:data2\" content=\"2 Minuten\" \/>\n<script type=\"application\/ld+json\" class=\"yoast-schema-graph\">{\"@context\":\"https:\\\/\\\/schema.org\",\"@graph\":[{\"@type\":\"Article\",\"@id\":\"https:\\\/\\\/www.treatwell.de/treatment-files\\\/rotbraunes-haar-30-ideen-die-wir-noch-diesen-herbst-probieren-wollen\\\/#article\",\"isPartOf\":{\"@id\":\"https:\\\/\\\/www.treatwell.de/treatment-files\\\/rotbraunes-haar-30-ideen-die-wir-noch-diesen-herbst-probieren-wollen\\\/\"},\"author\":{\"name\":\"Isabella Tombinski-robb\",\"@id\":\"https:\\\/\\\/www.treatwell.de/treatment-files\\\/#\\\/schema\\\/person\\\/869d3f19bdf4203c8e6e97c64e1c3c8e\"},\"headline\":\"Rotbraunes Haar? 30 Ideen f\u00fcr den Herbst\",\"datePublished\":\"2022-09-22T04:00:00+00:00\",\"dateModified\":\"2026-01-18T15:43:26+00:00\",\"mainEntityOfPage\":{\"@id\":\"https:\\\/\\\/www.treatwell.de/treatment-files\\\/rotbraunes-haar-30-ideen-die-wir-noch-diesen-herbst-probieren-wollen\\\/\"},\"wordCount\":480,\"publisher\":{\"@id\":\"https:\\\/\\\/www.treatwell.de/treatment-files\\\/#organization\"},\"image\":{\"@id\":\"https:\\\/\\\/www.treatwell.de/treatment-files\\\/rotbraunes-haar-30-ideen-die-wir-noch-diesen-herbst-probieren-wollen\\\/#primaryimage\"},\"thumbnailUrl\":\"https:\\\/\\\/www.treatwell.de/treatment-files\\\/wp-content\\\/uploads\\\/sites\\\/7\\\/2022\\\/03\\\/shutterstock_editorial_12442601ql-500x628.jpg\",\"keywords\":[\"Hair\",\"Hair Colouring and Highlights\"],\"articleSection\":[\"Trends\"],\"inLanguage\":\"de-DE\"},{\"@type\":\"WebPage\",\"@id\":\"https:\\\/\\\/www.treatwell.de/treatment-files\\\/rotbraunes-haar-30-ideen-die-wir-noch-diesen-herbst-probieren-wollen\\\/\",\"url\":\"https:\\\/\\\/www.treatwell.de/treatment-files\\\/rotbraunes-haar-30-ideen-die-wir-noch-diesen-herbst-probieren-wollen\\\/\",\"name\":\"Rotbraunes Haar? 30 Ideen f\u00fcr den Herbst - Treatwell\",\"isPartOf\":{\"@id\":\"https:\\\/\\\/www.treatwell.de/treatment-files\\\/#website\"},\"primaryImageOfPage\":{\"@id\":\"https:\\\/\\\/www.treatwell.de/treatment-files\\\/rotbraunes-haar-30-ideen-die-wir-noch-diesen-herbst-probieren-wollen\\\/#primaryimage\"},\"image\":{\"@id\":\"https:\\\/\\\/www.treatwell.de/treatment-files\\\/rotbraunes-haar-30-ideen-die-wir-noch-diesen-herbst-probieren-wollen\\\/#primaryimage\"},\"thumbnailUrl\":\"https:\\\/\\\/www.treatwell.de/treatment-files\\\/wp-content\\\/uploads\\\/sites\\\/7\\\/2022\\\/03\\\/shutterstock_editorial_12442601ql-500x628.jpg\",\"datePublished\":\"2022-09-22T04:00:00+00:00\",\"dateModified\":\"2026-01-18T15:43:26+00:00\",\"description\":\"Rotbraunes Haar f\u00fcr den Herbst? Nicht unbedingt etwas Neues, aber ein Klassiker in Sachen Haarfarben f\u00fcr die Herbstsaison.\",\"breadcrumb\":{\"@id\":\"https:\\\/\\\/www.treatwell.de/treatment-files\\\/rotbraunes-haar-30-ideen-die-wir-noch-diesen-herbst-probieren-wollen\\\/#breadcrumb\"},\"inLanguage\":\"de-DE\",\"potentialAction\":[{\"@type\":\"ReadAction\",\"target\":[\"https:\\\/\\\/www.treatwell.de/treatment-files\\\/rotbraunes-haar-30-ideen-die-wir-noch-diesen-herbst-probieren-wollen\\\/\"]}]},{\"@type\":\"ImageObject\",\"inLanguage\":\"de-DE\",\"@id\":\"https:\\\/\\\/www.treatwell.de/treatment-files\\\/rotbraunes-haar-30-ideen-die-wir-noch-diesen-herbst-probieren-wollen\\\/#primaryimage\",\"url\":\"https:\\\/\\\/www.treatwell.de/treatment-files\\\/wp-content\\\/uploads\\\/sites\\\/7\\\/2022\\\/03\\\/shutterstock_editorial_12442601ql-500x628.jpg\",\"contentUrl\":\"https:\\\/\\\/www.treatwell.de/treatment-files\\\/wp-content\\\/uploads\\\/sites\\\/7\\\/2022\\\/03\\\/shutterstock_editorial_12442601ql-500x628.jpg\",\"width\":500,\"height\":628},{\"@type\":\"BreadcrumbList\",\"@id\":\"https:\\\/\\\/www.treatwell.de/treatment-files\\\/rotbraunes-haar-30-ideen-die-wir-noch-diesen-herbst-probieren-wollen\\\/#breadcrumb\",\"itemListElement\":[{\"@type\":\"ListItem\",\"position\":1,\"name\":\"Home\",\"item\":\"https:\\\/\\\/www.treatwell.de/treatment-files\\\/\"},{\"@type\":\"ListItem\",\"position\":2,\"name\":\"Trends\",\"item\":\"https:\\\/\\\/www.treatwell.de/treatment-files\\\/trends\\\/\"},{\"@type\":\"ListItem\",\"position\":3,\"name\":\"Rotbraunes Haar? 30 Ideen f\u00fcr den Herbst\"}]},{\"@type\":\"WebSite\",\"@id\":\"https:\\\/\\\/www.treatwell.de/treatment-files\\\/#website\",\"url\":\"https:\\\/\\\/www.treatwell.de/treatment-files\\\/\",\"name\":\"The Treatment Files Blog\",\"description\":\"Beauty entdecken. Beauty erleben.\",\"publisher\":{\"@id\":\"https:\\\/\\\/www.treatwell.de/treatment-files\\\/#organization\"},\"potentialAction\":[{\"@type\":\"SearchAction\",\"target\":{\"@type\":\"EntryPoint\",\"urlTemplate\":\"https:\\\/\\\/www.treatwell.de/treatment-files\\\/?s={search_term_string}\"},\"query-input\":{\"@type\":\"PropertyValueSpecification\",\"valueRequired\":true,\"valueName\":\"search_term_string\"}}],\"inLanguage\":\"de-DE\"},{\"@type\":\"Organization\",\"@id\":\"https:\\\/\\\/www.treatwell.de/treatment-files\\\/#organization\",\"name\":\"Treatwell\",\"url\":\"https:\\\/\\\/www.treatwell.de/treatment-files\\\/\",\"logo\":{\"@type\":\"ImageObject\",\"inLanguage\":\"de-DE\",\"@id\":\"https:\\\/\\\/www.treatwell.de/treatment-files\\\/#\\\/schema\\\/logo\\\/image\\\/\",\"url\":\"https:\\\/\\\/www.treatwell.de/treatment-files\\\/wp-content\\\/uploads\\\/sites\\\/7\\\/2022\\\/03\\\/logo_treatwell.png\",\"contentUrl\":\"https:\\\/\\\/www.treatwell.de/treatment-files\\\/wp-content\\\/uploads\\\/sites\\\/7\\\/2022\\\/03\\\/logo_treatwell.png\",\"width\":889,\"height\":164,\"caption\":\"Treatwell\"},\"image\":{\"@id\":\"https:\\\/\\\/www.treatwell.de/treatment-files\\\/#\\\/schema\\\/logo\\\/image\\\/\"}},{\"@type\":\"Person\",\"@id\":\"https:\\\/\\\/www.treatwell.de/treatment-files\\\/#\\\/schema\\\/person\\\/869d3f19bdf4203c8e6e97c64e1c3c8e\",\"name\":\"Isabella Tombinski-robb\",\"image\":{\"@type\":\"ImageObject\",\"inLanguage\":\"de-DE\",\"@id\":\"https:\\\/\\\/secure.gravatar.com\\\/avatar\\\/624ce3bd6151d711f02c8c31549c8390027943dc1293e17bf28c136ce4288a80?s=96&d=mm&r=g\",\"url\":\"https:\\\/\\\/secure.gravatar.com\\\/avatar\\\/624ce3bd6151d711f02c8c31549c8390027943dc1293e17bf28c136ce4288a80?s=96&d=mm&r=g\",\"contentUrl\":\"https:\\\/\\\/secure.gravatar.com\\\/avatar\\\/624ce3bd6151d711f02c8c31549c8390027943dc1293e17bf28c136ce4288a80?s=96&d=mm&r=g\",\"caption\":\"Isabella Tombinski-robb\"},\"url\":\"https:\\\/\\\/www.treatwell.de/treatment-files\\\/author\\\/isabellatombinskirobb\\\/\"}]}<\/script>\n<!-- \/ Yoast SEO plugin. -->","yoast_head_json":{"title":"Rotbraunes Haar? 30 Ideen f\u00fcr den Herbst - Treatwell","description":"Rotbraunes Haar f\u00fcr den Herbst? Nicht unbedingt etwas Neues, aber ein Klassiker in Sachen Haarfarben f\u00fcr die Herbstsaison.","robots":{"index":"index","follow":"follow","max-snippet":"max-snippet:-1","max-image-preview":"max-image-preview:large","max-video-preview":"max-video-preview:-1"},"canonical":"https:\/\/www.treatwell.de/treatment-files\/rotbraunes-haar-30-ideen-die-wir-noch-diesen-herbst-probieren-wollen\/","og_locale":"de_DE","og_type":"article","og_title":"Rotbraunes Haar? 30 Ideen f\u00fcr den Herbst - Treatwell","og_description":"Rotbraunes Haar f\u00fcr den Herbst? Nicht unbedingt etwas Neues, aber ein Klassiker in Sachen Haarfarben f\u00fcr die Herbstsaison.","og_url":"https:\/\/www.treatwell.de/treatment-files\/rotbraunes-haar-30-ideen-die-wir-noch-diesen-herbst-probieren-wollen\/","og_site_name":"The Treatment Files Blog","article_published_time":"2022-09-22T04:00:00+00:00","article_modified_time":"2026-01-18T15:43:26+00:00","og_image":[{"width":500,"height":628,"url":"https:\/\/www.treatwell.de/treatment-files\/wp-content\/uploads\/sites\/7\/2022\/03\/shutterstock_editorial_12442601ql-500x628.jpg","type":"image\/jpeg"}],"author":"Isabella Tombinski-robb","twitter_card":"summary_large_image","twitter_misc":{"Verfasst von":"Isabella Tombinski-robb","Gesch\u00e4tzte Lesezeit":"2 Minuten"},"schema":{"@context":"https:\/\/schema.org","@graph":[{"@type":"Article","@id":"https:\/\/www.treatwell.de/treatment-files\/rotbraunes-haar-30-ideen-die-wir-noch-diesen-herbst-probieren-wollen\/#article","isPartOf":{"@id":"https:\/\/www.treatwell.de/treatment-files\/rotbraunes-haar-30-ideen-die-wir-noch-diesen-herbst-probieren-wollen\/"},"author":{"name":"Isabella Tombinski-robb","@id":"https:\/\/www.treatwell.de/treatment-files\/#\/schema\/person\/869d3f19bdf4203c8e6e97c64e1c3c8e"},"headline":"Rotbraunes Haar? 30 Ideen f\u00fcr den Herbst","datePublished":"2022-09-22T04:00:00+00:00","dateModified":"2026-01-18T15:43:26+00:00","mainEntityOfPage":{"@id":"https:\/\/www.treatwell.de/treatment-files\/rotbraunes-haar-30-ideen-die-wir-noch-diesen-herbst-probieren-wollen\/"},"wordCount":480,"publisher":{"@id":"https:\/\/www.treatwell.de/treatment-files\/#organization"},"image":{"@id":"https:\/\/www.treatwell.de/treatment-files\/rotbraunes-haar-30-ideen-die-wir-noch-diesen-herbst-probieren-wollen\/#primaryimage"},"thumbnailUrl":"https:\/\/www.treatwell.de/treatment-files\/wp-content\/uploads\/sites\/7\/2022\/03\/shutterstock_editorial_12442601ql-500x628.jpg","keywords":["Hair","Hair Colouring and Highlights"],"articleSection":["Trends"],"inLanguage":"de-DE"},{"@type":"WebPage","@id":"https:\/\/www.treatwell.de/treatment-files\/rotbraunes-haar-30-ideen-die-wir-noch-diesen-herbst-probieren-wollen\/","url":"https:\/\/www.treatwell.de/treatment-files\/rotbraunes-haar-30-ideen-die-wir-noch-diesen-herbst-probieren-wollen\/","name":"Rotbraunes Haar? 30 Ideen f\u00fcr den Herbst - Treatwell","isPartOf":{"@id":"https:\/\/www.treatwell.de/treatment-files\/#website"},"primaryImageOfPage":{"@id":"https:\/\/www.treatwell.de/treatment-files\/rotbraunes-haar-30-ideen-die-wir-noch-diesen-herbst-probieren-wollen\/#primaryimage"},"image":{"@id":"https:\/\/www.treatwell.de/treatment-files\/rotbraunes-haar-30-ideen-die-wir-noch-diesen-herbst-probieren-wollen\/#primaryimage"},"thumbnailUrl":"https:\/\/www.treatwell.de/treatment-files\/wp-content\/uploads\/sites\/7\/2022\/03\/shutterstock_editorial_12442601ql-500x628.jpg","datePublished":"2022-09-22T04:00:00+00:00","dateModified":"2026-01-18T15:43:26+00:00","description":"Rotbraunes Haar f\u00fcr den Herbst? Nicht unbedingt etwas Neues, aber ein Klassiker in Sachen Haarfarben f\u00fcr die Herbstsaison.","breadcrumb":{"@id":"https:\/\/www.treatwell.de/treatment-files\/rotbraunes-haar-30-ideen-die-wir-noch-diesen-herbst-probieren-wollen\/#breadcrumb"},"inLanguage":"de-DE","potentialAction":[{"@type":"ReadAction","target":["https:\/\/www.treatwell.de/treatment-files\/rotbraunes-haar-30-ideen-die-wir-noch-diesen-herbst-probieren-wollen\/"]}]},{"@type":"ImageObject","inLanguage":"de-DE","@id":"https:\/\/www.treatwell.de/treatment-files\/rotbraunes-haar-30-ideen-die-wir-noch-diesen-herbst-probieren-wollen\/#primaryimage","url":"https:\/\/www.treatwell.de/treatment-files\/wp-content\/uploads\/sites\/7\/2022\/03\/shutterstock_editorial_12442601ql-500x628.jpg","contentUrl":"https:\/\/www.treatwell.de/treatment-files\/wp-content\/uploads\/sites\/7\/2022\/03\/shutterstock_editorial_12442601ql-500x628.jpg","width":500,"height":628},{"@type":"BreadcrumbList","@id":"https:\/\/www.treatwell.de/treatment-files\/rotbraunes-haar-30-ideen-die-wir-noch-diesen-herbst-probieren-wollen\/#breadcrumb","itemListElement":[{"@type":"ListItem","position":1,"name":"Home","item":"https:\/\/www.treatwell.de/treatment-files\/"},{"@type":"ListItem","position":2,"name":"Trends","item":"https:\/\/www.treatwell.de/treatment-files\/trends\/"},{"@type":"ListItem","position":3,"name":"Rotbraunes Haar? 30 Ideen f\u00fcr den Herbst"}]},{"@type":"WebSite","@id":"https:\/\/www.treatwell.de/treatment-files\/#website","url":"https:\/\/www.treatwell.de/treatment-files\/","name":"The Treatment Files Blog","description":"Beauty entdecken. Beauty erleben.","publisher":{"@id":"https:\/\/www.treatwell.de/treatment-files\/#organization"},"potentialAction":[{"@type":"SearchAction","target":{"@type":"EntryPoint","urlTemplate":"https:\/\/www.treatwell.de/treatment-files\/?s={search_term_string}"},"query-input":{"@type":"PropertyValueSpecification","valueRequired":true,"valueName":"search_term_string"}}],"inLanguage":"de-DE"},{"@type":"Organization","@id":"https:\/\/www.treatwell.de/treatment-files\/#organization","name":"Treatwell","url":"https:\/\/www.treatwell.de/treatment-files\/","logo":{"@type":"ImageObject","inLanguage":"de-DE","@id":"https:\/\/www.treatwell.de/treatment-files\/#\/schema\/logo\/image\/","url":"https:\/\/www.treatwell.de/treatment-files\/wp-content\/uploads\/sites\/7\/2022\/03\/logo_treatwell.png","contentUrl":"https:\/\/www.treatwell.de/treatment-files\/wp-content\/uploads\/sites\/7\/2022\/03\/logo_treatwell.png","width":889,"height":164,"caption":"Treatwell"},"image":{"@id":"https:\/\/www.treatwell.de/treatment-files\/#\/schema\/logo\/image\/"}},{"@type":"Person","@id":"https:\/\/www.treatwell.de/treatment-files\/#\/schema\/person\/869d3f19bdf4203c8e6e97c64e1c3c8e","name":"Isabella Tombinski-robb","image":{"@type":"ImageObject","inLanguage":"de-DE","@id":"https:\/\/secure.gravatar.com\/avatar\/624ce3bd6151d711f02c8c31549c8390027943dc1293e17bf28c136ce4288a80?s=96&d=mm&r=g","url":"https:\/\/secure.gravatar.com\/avatar\/624ce3bd6151d711f02c8c31549c8390027943dc1293e17bf28c136ce4288a80?s=96&d=mm&r=g","contentUrl":"https:\/\/secure.gravatar.com\/avatar\/624ce3bd6151d711f02c8c31549c8390027943dc1293e17bf28c136ce4288a80?s=96&d=mm&r=g","caption":"Isabella Tombinski-robb"},"url":"https:\/\/www.treatwell.de/treatment-files\/author\/isabellatombinskirobb\/"}]}},"featured_image_src":"https:\/\/www.treatwell.de/treatment-files\/wp-content\/uploads\/sites\/7\/2022\/03\/shutterstock_editorial_12442601ql-500x628-500x400.jpg","featured_image_src_square":"https:\/\/www.treatwell.de/treatment-files\/wp-content\/uploads\/sites\/7\/2022\/03\/shutterstock_editorial_12442601ql-500x628-500x600.jpg","author_info":{"display_name":"Isabella Tombinski-robb","author_link":"https:\/\/www.treatwell.de/treatment-files\/author\/isabellatombinskirobb\/"},"_links":{"self":[{"href":"https:\/\/www.treatwell.de\/treatment-files\/wp-json\/wp\/v2\/posts\/23656","targetHints":{"allow":["GET"]}}],"collection":[{"href":"https:\/\/www.treatwell.de\/treatment-files\/wp-json\/wp\/v2\/posts"}],"about":[{"href":"https:\/\/www.treatwell.de\/treatment-files\/wp-json\/wp\/v2\/types\/post"}],"author":[{"embeddable":true,"href":"https:\/\/www.treatwell.de\/treatment-files\/wp-json\/wp\/v2\/users\/3318"}],"replies":[{"embeddable":true,"href":"https:\/\/www.treatwell.de\/treatment-files\/wp-json\/wp\/v2\/comments?post=23656"}],"version-history":[{"count":0,"href":"https:\/\/www.treatwell.de\/treatment-files\/wp-json\/wp\/v2\/posts\/23656\/revisions"}],"wp:featuredmedia":[{"embeddable":true,"href":"https:\/\/www.treatwell.de\/treatment-files\/wp-json\/wp\/v2\/media\/23688"}],"wp:attachment":[{"href":"https:\/\/www.treatwell.de\/treatment-files\/wp-json\/wp\/v2\/media?parent=23656"}],"wp:term":[{"taxonomy":"category","embeddable":true,"href":"https:\/\/www.treatwell.de\/treatment-files\/wp-json\/wp\/v2\/categories?post=23656"},{"taxonomy":"post_tag","embeddable":true,"href":"https:\/\/www.treatwell.de\/treatment-files\/wp-json\/wp\/v2\/tags?post=23656"}],"curies":[{"name":"wp","href":"https:\/\/api.w.org\/{rel}","templated":true}]}}