{"id":23478,"date":"2021-09-07T09:38:59","date_gmt":"2021-09-07T07:38:59","guid":{"rendered":"https:\/\/www.treatwell.de\/treatment-files\/?p=24376"},"modified":"2026-01-18T15:04:25","modified_gmt":"2026-01-18T14:04:25","slug":"warum-der-french-bob-diesen-herbst-besonders-gefragt-ist","status":"publish","type":"post","link":"https:\/\/www.treatwell.de/treatment-files\/warum-der-french-bob-diesen-herbst-besonders-gefragt-ist\/","title":{"rendered":"Warum der French Bob diesen Herbst besonders gefragt ist"},"content":{"rendered":"<p style=\"text-align: justify\"><span style=\"font-weight: 400\">Es gibt so einige Dinge, die Franzosen richtig gut k\u00f6nnen. Food, Romance und Style. Die Liste h\u00f6rt hier nat\u00fcrlich noch nicht auf, dazu geh\u00f6rt unter anderem ihrer Vorliebe f\u00fcr Kunst und der unglaublich schwer-zu-kopierende French Chic Look.\u00a0<\/span><\/p>\n<p style=\"text-align: justify\"><span style=\"font-weight: 400\">In letzter Zeit haben uns schon einige French Highlights zur\u00fcck auf den Trend-Radar gebracht. Mitunter die French Mani, die wir diesen Sommer bereits in allen Farben ausprobieren durften. Mit dem Herbst im Anmarsch und den ersten prognostizierten\u00a0 k\u00fchlen Tagen, sehnt sich auch unser Haar nach einem Schnitt mit franz\u00f6sischer Note. Spoiler Alert: Der French Bob steht wieder im Rampenlicht.\u00a0<\/span><\/p>\n<p style=\"text-align: justify\"><span style=\"font-weight: 400\">French Bob, wie? Klingt beim ersten Hinh\u00f6ren nach einem French Guy, mit unglaublichem Charme. Gemeint ist allerdings ein Haarschnitt, der seit den 1920er Jahren ber\u00fchmt ist. Schnitt und die L\u00e4nge unterscheiden den French Bob von einem klassischen Bob und dem leicht zu verwechselnden Sabrina-Haarschnitt aus den 90ern. Geschnitten wird dieser Frisur \u2018choppy\u2019, das hei\u00dft ein frecher und stufiger Schnitt ist hier das Outcome.\u00a0<\/span><\/p>\n<p style=\"text-align: justify\"><span style=\"font-weight: 400\">Der French Bob bringt aber auch viel Interpretationsfreiheit mit sich: Sowohl L\u00e4nge als auch Art des Schnittes und Styling k\u00f6nnen beliebig variieren. Sprich, es gibt keine Grundregel, die bei diesem Haarschnitt befolgt werden muss. Egal, ob superkurz oder schulterlang: Dieser Look sieht besonders gut mit welligen, glatten oder stufigen Stirnfransen aus. Das Endresultat obliegt ganz dir und ist oft eine Mischung aus cool, frech, classy und tr\u00e8s chic.<\/span><\/p>\n<p style=\"text-align: justify\"><span style=\"font-weight: 400\">Bereit? Bevor es richtig losgeht und du zu deinem Termin losrennst, haben wir ein paar Inspo-Pics f\u00fcr dich gesammelt, die du dir noch schnell \u2018saven\u2019 kannst. Somit wei\u00df dein Stylist sofort Bescheid, was du dir vorstellst und dann kann nichts mehr schiefgehen.\u00a0<\/span><\/p>\n<p style=\"text-align: justify\"><span style=\"font-weight: 400\">Was nat\u00fcrlich in keinem Herbstoutfit fehlen darf, ist ein Beret &#8211; <\/span><i><span style=\"font-weight: 400\">et voila!<\/span><\/i><\/p>\n<p style=\"text-align: justify\">Von Isabella<\/p>\n<p style=\"text-align: justify\"><i><span style=\"font-weight: 400\">\u00a0<\/span><\/i><\/p>\n<div class=\"schema-faq wp-block-yoast-faq-block\">\n<div class=\"schema-faq-section\" id=\"faq-question-1768742119526\">\n<h3 class=\"schema-faq-question\">Was unterscheidet den French Bob vom klassischen Bob?<\/h3>\n<p class=\"schema-faq-answer\">Der French Bob verbirgt sich hinter einem frechen, stufigen Schnitt, der oft k\u00fcrzer ausf\u00e4llt als der klassische Bob. Typisch sind choppy L\u00e4ngen und mehr Interpretationsfreiheit bei Form, Stirnfransen und Styling.<\/div>\n<div class=\"schema-faq-section\" id=\"faq-question-1768742119527\">\n<h3 class=\"schema-faq-question\">Wie flexibel kannst du den French Bob stylen?<\/h3>\n<p class=\"schema-faq-answer\">Du kannst den French Bob ganz individuell stylen, denn es existiert keine feste Grundregel. Ob superkurz, schulterlang, glatt, wellig oder mit stufigen Fransen \u2013 Hauptsache, der Look wirkt cool, frech und elegant zugleich.<\/div>\n<div class=\"schema-faq-section\" id=\"faq-question-1768742119528\">\n<h3 class=\"schema-faq-question\">Welche Haarstrukturen passen besonders gut zum French Bob?<\/h3>\n<p class=\"schema-faq-answer\">Der French Bob eignet sich f\u00fcr glatte, wellige oder leicht stufige Haarstrukturen und harmoniert besonders mit auff\u00e4lligen Stirnfransen. Diese Frisur passt sich unterschiedlichen Haarbeschaffenheiten an und bringt franz\u00f6sisches Flair in jeden Look.<\/div>\n<div class=\"schema-faq-section\" id=\"faq-question-1768742119529\">\n<h3 class=\"schema-faq-question\">Was macht den French Chic Look beim Haarschnitt aus?<\/h3>\n<p class=\"schema-faq-answer\">Der French Chic Look beim Haarschnitt vereint L\u00e4ssigkeit mit offensichtlicher Eleganz und einer Spur Verspieltheit. Dein Ergebnis wirkt oft wie eine perfekte Mischung aus cool, classy und tr\u00e8s chic.<\/div>\n<div class=\"schema-faq-section\" id=\"faq-question-1768742119530\">\n<h3 class=\"schema-faq-question\">Wie bereitest du dich am besten auf deinen French Bob Termin vor?<\/h3>\n<p class=\"schema-faq-answer\">Sammle am besten ein paar Inspo-Pics deines Wunschlooks, damit die Fachleute im Salon sofort wissen, was dir vorschwebt. Mit klarer Bildvorlage klappt die Umsetzung besonders unkompliziert und dein French Bob gelingt garantiert.<\/div>\n<\/p><\/div>\n","protected":false},"excerpt":{"rendered":"<p>Es gibt so einige Dinge, die Franzosen richtig gut k\u00f6nnen. Food, Romance und Style. Die Liste h\u00f6rt hier nat\u00fcrlich noch nicht auf, dazu geh\u00f6rt unter anderem ihrer Vorliebe f\u00fcr Kunst und der unglaublich schwer-zu-kopierende French Chic Look.\u00a0 In letzter Zeit haben uns schon einige French Highlights zur\u00fcck auf den Trend-Radar gebracht. Mitunter die French Mani, [&hellip;]<\/p>\n","protected":false},"author":3318,"featured_media":23497,"comment_status":"closed","ping_status":"closed","sticky":false,"template":"","format":"standard","meta":{"_acf_changed":false,"_yoast_wpseo_title":"Warum der French Bob diesen Herbst besonders gefragt ist - Treatwell","_yoast_wpseo_metadesc":"Das Jahr 2021 hat uns allerdings schon einige French Highlights zur\u00fcck auf den Trend-Radar gebracht. Mitunter die French Mani, die wir diesen Sommer bereits in allen Farben ausprobieren durften. Mit dem Herbst im Anmarsch und den ersten prognostizierten\u00a0 k\u00fchlen Tagen, sehnt sich auch unser Haar nach einem Schnitt mit franz\u00f6sischer Note. Spoiler Alert: Der French Bob steht wieder im Rampenlicht.\u00a0","_genesis_hide_title":false,"_genesis_hide_breadcrumbs":false,"_genesis_hide_singular_image":false,"_genesis_hide_footer_widgets":false,"_genesis_custom_body_class":"","_genesis_custom_post_class":"","_genesis_layout":"","saswp_custom_schema_field":"{\"@context\":\"https:\/\/schema.org\",\"@type\":\"FAQPage\",\"mainEntity\":[{\"@type\":\"Question\",\"name\":\"Was unterscheidet den French Bob vom klassischen Bob?\",\"acceptedAnswer\":{\"@type\":\"Answer\",\"text\":\"Der French Bob verbirgt sich hinter einem frechen, stufigen Schnitt, der oft k\u00fcrzer ausf\u00e4llt als der klassische Bob. Typisch sind choppy L\u00e4ngen und mehr Interpretationsfreiheit bei Form, Stirnfransen und Styling.\"}},{\"@type\":\"Question\",\"name\":\"Wie flexibel kannst du den French Bob stylen?\",\"acceptedAnswer\":{\"@type\":\"Answer\",\"text\":\"Du kannst den French Bob ganz individuell stylen, denn es existiert keine feste Grundregel. Ob superkurz, schulterlang, glatt, wellig oder mit stufigen Fransen \u2013 Hauptsache, der Look wirkt cool, frech und elegant zugleich.\"}},{\"@type\":\"Question\",\"name\":\"Welche Haarstrukturen passen besonders gut zum French Bob?\",\"acceptedAnswer\":{\"@type\":\"Answer\",\"text\":\"Der French Bob eignet sich f\u00fcr glatte, wellige oder leicht stufige Haarstrukturen und harmoniert besonders mit auff\u00e4lligen Stirnfransen. Diese Frisur passt sich unterschiedlichen Haarbeschaffenheiten an und bringt franz\u00f6sisches Flair in jeden Look.\"}},{\"@type\":\"Question\",\"name\":\"Was macht den French Chic Look beim Haarschnitt aus?\",\"acceptedAnswer\":{\"@type\":\"Answer\",\"text\":\"Der French Chic Look beim Haarschnitt vereint L\u00e4ssigkeit mit offensichtlicher Eleganz und einer Spur Verspieltheit. Dein Ergebnis wirkt oft wie eine perfekte Mischung aus cool, classy und tr\u00e8s chic.\"}},{\"@type\":\"Question\",\"name\":\"Wie bereitest du dich am besten auf deinen French Bob Termin vor?\",\"acceptedAnswer\":{\"@type\":\"Answer\",\"text\":\"Sammle am besten ein paar Inspo-Pics deines Wunschlooks, damit die Fachleute im Salon sofort wissen, was dir vorschwebt. Mit klarer Bildvorlage klappt die Umsetzung besonders unkompliziert und dein French Bob gelingt garantiert.\"}}]}","footnotes":""},"categories":[2],"tags":[9,26],"class_list":{"0":"post-23478","1":"post","2":"type-post","3":"status-publish","4":"format-standard","5":"has-post-thumbnail","7":"category-trends","8":"tag-tt6","9":"tag-tr166","10":"entry"},"acf":{"post_credits":"Bildrechte: Shutterstock, Instagram:  @ameliagoldie, @lalalopez, @emmabeauty_institut, @erika.king, @katiecofferonhair, @laura.spinney.creative, @lumi_lise, @onaiaziz, @shanti.kali, @thehairbros, @am.e.lie, @endlesslyloveclub, @graciela_santiago,  @mesillusionssousecstasy, @miffydoeshair, @shearcraft, @theauthenticwe, @vivthemole, @zoelaz","beauty_blog_post_button_title":"French Bob buchen","beauty_blog_post_button":"https:\/\/www.treatwell.de\/orte\/behandlung-damenhaarschnitt\/angebot-typ-lokal\/in-de\/","landscape_picture":23496,"blocks":[{"block_title":"","block_content":"","video_content":"","block_picture":23479},{"block_title":"","block_content":"","video_content":"","block_picture":23480},{"block_title":"","block_content":"","video_content":"","block_picture":23481},{"block_title":"","block_content":"","video_content":"","block_picture":23482},{"block_title":"","block_content":"","video_content":"","block_picture":23483},{"block_title":"","block_content":"","video_content":"","block_picture":23484},{"block_title":"","block_content":"","video_content":"","block_picture":23485},{"block_title":"","block_content":"","video_content":"","block_picture":23486},{"block_title":"","block_content":"","video_content":"","block_picture":23487},{"block_title":"","block_content":"","video_content":"","block_picture":23488},{"block_title":"","block_content":"","video_content":"","block_picture":23489},{"block_title":"","block_content":"","video_content":"","block_picture":23490},{"block_title":"","block_content":"","video_content":"","block_picture":23491},{"block_title":"","block_content":"","video_content":"","block_picture":23492},{"block_title":"","block_content":"","video_content":"","block_picture":23493},{"block_title":"","block_content":"","video_content":"","block_picture":23494},{"block_title":"","block_content":"","video_content":"","block_picture":23495}]},"yoast_head":"<!-- This site is optimized with the Yoast SEO plugin v27.5 - https:\/\/yoast.com\/product\/yoast-seo-wordpress\/ -->\n<title>Warum der French Bob diesen Herbst besonders gefragt ist - Treatwell<\/title>\n<meta name=\"description\" content=\"Das Jahr 2021 hat uns allerdings schon einige French Highlights zur\u00fcck auf den Trend-Radar gebracht. Mitunter die French Mani, die wir diesen Sommer bereits in allen Farben ausprobieren durften. Mit dem Herbst im Anmarsch und den ersten prognostizierten\u00a0 k\u00fchlen Tagen, sehnt sich auch unser Haar nach einem Schnitt mit franz\u00f6sischer Note. Spoiler Alert: Der French Bob steht wieder im Rampenlicht.\u00a0\" \/>\n<meta name=\"robots\" content=\"index, follow, max-snippet:-1, max-image-preview:large, max-video-preview:-1\" \/>\n<link rel=\"canonical\" href=\"https:\/\/www.treatwell.de/treatment-files\/warum-der-french-bob-diesen-herbst-besonders-gefragt-ist\/\" \/>\n<meta property=\"og:locale\" content=\"de_DE\" \/>\n<meta property=\"og:type\" content=\"article\" \/>\n<meta property=\"og:title\" content=\"Warum der French Bob diesen Herbst besonders gefragt ist - Treatwell\" \/>\n<meta property=\"og:description\" content=\"Das Jahr 2021 hat uns allerdings schon einige French Highlights zur\u00fcck auf den Trend-Radar gebracht. Mitunter die French Mani, die wir diesen Sommer bereits in allen Farben ausprobieren durften. Mit dem Herbst im Anmarsch und den ersten prognostizierten\u00a0 k\u00fchlen Tagen, sehnt sich auch unser Haar nach einem Schnitt mit franz\u00f6sischer Note. Spoiler Alert: Der French Bob steht wieder im Rampenlicht.\u00a0\" \/>\n<meta property=\"og:url\" content=\"https:\/\/www.treatwell.de/treatment-files\/warum-der-french-bob-diesen-herbst-besonders-gefragt-ist\/\" \/>\n<meta property=\"og:site_name\" content=\"The Treatment Files Blog\" \/>\n<meta property=\"article:published_time\" content=\"2021-09-07T07:38:59+00:00\" \/>\n<meta property=\"article:modified_time\" content=\"2026-01-18T14:04:25+00:00\" \/>\n<meta property=\"og:image\" content=\"https:\/\/www.treatwell.de/treatment-files\/wp-content\/uploads\/sites\/7\/2022\/03\/Featured.jpg\" \/>\n\t<meta property=\"og:image:width\" content=\"600\" \/>\n\t<meta property=\"og:image:height\" content=\"600\" \/>\n\t<meta property=\"og:image:type\" content=\"image\/jpeg\" \/>\n<meta name=\"author\" content=\"Isabella Tombinski-robb\" \/>\n<meta name=\"twitter:card\" content=\"summary_large_image\" \/>\n<meta name=\"twitter:label1\" content=\"Verfasst von\" \/>\n\t<meta name=\"twitter:data1\" content=\"Isabella Tombinski-robb\" \/>\n\t<meta name=\"twitter:label2\" content=\"Gesch\u00e4tzte Lesezeit\" \/>\n\t<meta name=\"twitter:data2\" content=\"3 Minuten\" \/>\n<script type=\"application\/ld+json\" class=\"yoast-schema-graph\">{\"@context\":\"https:\\\/\\\/schema.org\",\"@graph\":[{\"@type\":\"Article\",\"@id\":\"https:\\\/\\\/www.treatwell.de/treatment-files\\\/warum-der-french-bob-diesen-herbst-besonders-gefragt-ist\\\/#article\",\"isPartOf\":{\"@id\":\"https:\\\/\\\/www.treatwell.de/treatment-files\\\/warum-der-french-bob-diesen-herbst-besonders-gefragt-ist\\\/\"},\"author\":{\"name\":\"Isabella Tombinski-robb\",\"@id\":\"https:\\\/\\\/www.treatwell.de/treatment-files\\\/#\\\/schema\\\/person\\\/869d3f19bdf4203c8e6e97c64e1c3c8e\"},\"headline\":\"Warum der French Bob diesen Herbst besonders gefragt ist\",\"datePublished\":\"2021-09-07T07:38:59+00:00\",\"dateModified\":\"2026-01-18T14:04:25+00:00\",\"mainEntityOfPage\":{\"@id\":\"https:\\\/\\\/www.treatwell.de/treatment-files\\\/warum-der-french-bob-diesen-herbst-besonders-gefragt-ist\\\/\"},\"wordCount\":517,\"publisher\":{\"@id\":\"https:\\\/\\\/www.treatwell.de/treatment-files\\\/#organization\"},\"image\":{\"@id\":\"https:\\\/\\\/www.treatwell.de/treatment-files\\\/warum-der-french-bob-diesen-herbst-besonders-gefragt-ist\\\/#primaryimage\"},\"thumbnailUrl\":\"https:\\\/\\\/www.treatwell.de/treatment-files\\\/wp-content\\\/uploads\\\/sites\\\/7\\\/2022\\\/03\\\/Featured.jpg\",\"keywords\":[\"Hair\",\"Haircuts and Hairdressing\"],\"articleSection\":[\"Trends\"],\"inLanguage\":\"de-DE\"},{\"@type\":\"WebPage\",\"@id\":\"https:\\\/\\\/www.treatwell.de/treatment-files\\\/warum-der-french-bob-diesen-herbst-besonders-gefragt-ist\\\/\",\"url\":\"https:\\\/\\\/www.treatwell.de/treatment-files\\\/warum-der-french-bob-diesen-herbst-besonders-gefragt-ist\\\/\",\"name\":\"Warum der French Bob diesen Herbst besonders gefragt ist - Treatwell\",\"isPartOf\":{\"@id\":\"https:\\\/\\\/www.treatwell.de/treatment-files\\\/#website\"},\"primaryImageOfPage\":{\"@id\":\"https:\\\/\\\/www.treatwell.de/treatment-files\\\/warum-der-french-bob-diesen-herbst-besonders-gefragt-ist\\\/#primaryimage\"},\"image\":{\"@id\":\"https:\\\/\\\/www.treatwell.de/treatment-files\\\/warum-der-french-bob-diesen-herbst-besonders-gefragt-ist\\\/#primaryimage\"},\"thumbnailUrl\":\"https:\\\/\\\/www.treatwell.de/treatment-files\\\/wp-content\\\/uploads\\\/sites\\\/7\\\/2022\\\/03\\\/Featured.jpg\",\"datePublished\":\"2021-09-07T07:38:59+00:00\",\"dateModified\":\"2026-01-18T14:04:25+00:00\",\"description\":\"Das Jahr 2021 hat uns allerdings schon einige French Highlights zur\u00fcck auf den Trend-Radar gebracht. Mitunter die French Mani, die wir diesen Sommer bereits in allen Farben ausprobieren durften. Mit dem Herbst im Anmarsch und den ersten prognostizierten\u00a0 k\u00fchlen Tagen, sehnt sich auch unser Haar nach einem Schnitt mit franz\u00f6sischer Note. Spoiler Alert: Der French Bob steht wieder im Rampenlicht.\u00a0\",\"breadcrumb\":{\"@id\":\"https:\\\/\\\/www.treatwell.de/treatment-files\\\/warum-der-french-bob-diesen-herbst-besonders-gefragt-ist\\\/#breadcrumb\"},\"inLanguage\":\"de-DE\",\"potentialAction\":[{\"@type\":\"ReadAction\",\"target\":[\"https:\\\/\\\/www.treatwell.de/treatment-files\\\/warum-der-french-bob-diesen-herbst-besonders-gefragt-ist\\\/\"]}]},{\"@type\":\"ImageObject\",\"inLanguage\":\"de-DE\",\"@id\":\"https:\\\/\\\/www.treatwell.de/treatment-files\\\/warum-der-french-bob-diesen-herbst-besonders-gefragt-ist\\\/#primaryimage\",\"url\":\"https:\\\/\\\/www.treatwell.de/treatment-files\\\/wp-content\\\/uploads\\\/sites\\\/7\\\/2022\\\/03\\\/Featured.jpg\",\"contentUrl\":\"https:\\\/\\\/www.treatwell.de/treatment-files\\\/wp-content\\\/uploads\\\/sites\\\/7\\\/2022\\\/03\\\/Featured.jpg\",\"width\":600,\"height\":600},{\"@type\":\"BreadcrumbList\",\"@id\":\"https:\\\/\\\/www.treatwell.de/treatment-files\\\/warum-der-french-bob-diesen-herbst-besonders-gefragt-ist\\\/#breadcrumb\",\"itemListElement\":[{\"@type\":\"ListItem\",\"position\":1,\"name\":\"Home\",\"item\":\"https:\\\/\\\/www.treatwell.de/treatment-files\\\/\"},{\"@type\":\"ListItem\",\"position\":2,\"name\":\"Trends\",\"item\":\"https:\\\/\\\/www.treatwell.de/treatment-files\\\/trends\\\/\"},{\"@type\":\"ListItem\",\"position\":3,\"name\":\"Warum der French Bob diesen Herbst besonders gefragt ist\"}]},{\"@type\":\"WebSite\",\"@id\":\"https:\\\/\\\/www.treatwell.de/treatment-files\\\/#website\",\"url\":\"https:\\\/\\\/www.treatwell.de/treatment-files\\\/\",\"name\":\"The Treatment Files Blog\",\"description\":\"Beauty entdecken. Beauty erleben.\",\"publisher\":{\"@id\":\"https:\\\/\\\/www.treatwell.de/treatment-files\\\/#organization\"},\"potentialAction\":[{\"@type\":\"SearchAction\",\"target\":{\"@type\":\"EntryPoint\",\"urlTemplate\":\"https:\\\/\\\/www.treatwell.de/treatment-files\\\/?s={search_term_string}\"},\"query-input\":{\"@type\":\"PropertyValueSpecification\",\"valueRequired\":true,\"valueName\":\"search_term_string\"}}],\"inLanguage\":\"de-DE\"},{\"@type\":\"Organization\",\"@id\":\"https:\\\/\\\/www.treatwell.de/treatment-files\\\/#organization\",\"name\":\"Treatwell\",\"url\":\"https:\\\/\\\/www.treatwell.de/treatment-files\\\/\",\"logo\":{\"@type\":\"ImageObject\",\"inLanguage\":\"de-DE\",\"@id\":\"https:\\\/\\\/www.treatwell.de/treatment-files\\\/#\\\/schema\\\/logo\\\/image\\\/\",\"url\":\"https:\\\/\\\/www.treatwell.de/treatment-files\\\/wp-content\\\/uploads\\\/sites\\\/7\\\/2022\\\/03\\\/logo_treatwell.png\",\"contentUrl\":\"https:\\\/\\\/www.treatwell.de/treatment-files\\\/wp-content\\\/uploads\\\/sites\\\/7\\\/2022\\\/03\\\/logo_treatwell.png\",\"width\":889,\"height\":164,\"caption\":\"Treatwell\"},\"image\":{\"@id\":\"https:\\\/\\\/www.treatwell.de/treatment-files\\\/#\\\/schema\\\/logo\\\/image\\\/\"}},{\"@type\":\"Person\",\"@id\":\"https:\\\/\\\/www.treatwell.de/treatment-files\\\/#\\\/schema\\\/person\\\/869d3f19bdf4203c8e6e97c64e1c3c8e\",\"name\":\"Isabella Tombinski-robb\",\"image\":{\"@type\":\"ImageObject\",\"inLanguage\":\"de-DE\",\"@id\":\"https:\\\/\\\/secure.gravatar.com\\\/avatar\\\/624ce3bd6151d711f02c8c31549c8390027943dc1293e17bf28c136ce4288a80?s=96&d=mm&r=g\",\"url\":\"https:\\\/\\\/secure.gravatar.com\\\/avatar\\\/624ce3bd6151d711f02c8c31549c8390027943dc1293e17bf28c136ce4288a80?s=96&d=mm&r=g\",\"contentUrl\":\"https:\\\/\\\/secure.gravatar.com\\\/avatar\\\/624ce3bd6151d711f02c8c31549c8390027943dc1293e17bf28c136ce4288a80?s=96&d=mm&r=g\",\"caption\":\"Isabella Tombinski-robb\"},\"url\":\"https:\\\/\\\/www.treatwell.de/treatment-files\\\/author\\\/isabellatombinskirobb\\\/\"}]}<\/script>\n<!-- \/ Yoast SEO plugin. -->","yoast_head_json":{"title":"Warum der French Bob diesen Herbst besonders gefragt ist - Treatwell","description":"Das Jahr 2021 hat uns allerdings schon einige French Highlights zur\u00fcck auf den Trend-Radar gebracht. Mitunter die French Mani, die wir diesen Sommer bereits in allen Farben ausprobieren durften. Mit dem Herbst im Anmarsch und den ersten prognostizierten\u00a0 k\u00fchlen Tagen, sehnt sich auch unser Haar nach einem Schnitt mit franz\u00f6sischer Note. Spoiler Alert: Der French Bob steht wieder im Rampenlicht.\u00a0","robots":{"index":"index","follow":"follow","max-snippet":"max-snippet:-1","max-image-preview":"max-image-preview:large","max-video-preview":"max-video-preview:-1"},"canonical":"https:\/\/www.treatwell.de/treatment-files\/warum-der-french-bob-diesen-herbst-besonders-gefragt-ist\/","og_locale":"de_DE","og_type":"article","og_title":"Warum der French Bob diesen Herbst besonders gefragt ist - Treatwell","og_description":"Das Jahr 2021 hat uns allerdings schon einige French Highlights zur\u00fcck auf den Trend-Radar gebracht. Mitunter die French Mani, die wir diesen Sommer bereits in allen Farben ausprobieren durften. Mit dem Herbst im Anmarsch und den ersten prognostizierten\u00a0 k\u00fchlen Tagen, sehnt sich auch unser Haar nach einem Schnitt mit franz\u00f6sischer Note. Spoiler Alert: Der French Bob steht wieder im Rampenlicht.\u00a0","og_url":"https:\/\/www.treatwell.de/treatment-files\/warum-der-french-bob-diesen-herbst-besonders-gefragt-ist\/","og_site_name":"The Treatment Files Blog","article_published_time":"2021-09-07T07:38:59+00:00","article_modified_time":"2026-01-18T14:04:25+00:00","og_image":[{"width":600,"height":600,"url":"https:\/\/www.treatwell.de/treatment-files\/wp-content\/uploads\/sites\/7\/2022\/03\/Featured.jpg","type":"image\/jpeg"}],"author":"Isabella Tombinski-robb","twitter_card":"summary_large_image","twitter_misc":{"Verfasst von":"Isabella Tombinski-robb","Gesch\u00e4tzte Lesezeit":"3 Minuten"},"schema":{"@context":"https:\/\/schema.org","@graph":[{"@type":"Article","@id":"https:\/\/www.treatwell.de/treatment-files\/warum-der-french-bob-diesen-herbst-besonders-gefragt-ist\/#article","isPartOf":{"@id":"https:\/\/www.treatwell.de/treatment-files\/warum-der-french-bob-diesen-herbst-besonders-gefragt-ist\/"},"author":{"name":"Isabella Tombinski-robb","@id":"https:\/\/www.treatwell.de/treatment-files\/#\/schema\/person\/869d3f19bdf4203c8e6e97c64e1c3c8e"},"headline":"Warum der French Bob diesen Herbst besonders gefragt ist","datePublished":"2021-09-07T07:38:59+00:00","dateModified":"2026-01-18T14:04:25+00:00","mainEntityOfPage":{"@id":"https:\/\/www.treatwell.de/treatment-files\/warum-der-french-bob-diesen-herbst-besonders-gefragt-ist\/"},"wordCount":517,"publisher":{"@id":"https:\/\/www.treatwell.de/treatment-files\/#organization"},"image":{"@id":"https:\/\/www.treatwell.de/treatment-files\/warum-der-french-bob-diesen-herbst-besonders-gefragt-ist\/#primaryimage"},"thumbnailUrl":"https:\/\/www.treatwell.de/treatment-files\/wp-content\/uploads\/sites\/7\/2022\/03\/Featured.jpg","keywords":["Hair","Haircuts and Hairdressing"],"articleSection":["Trends"],"inLanguage":"de-DE"},{"@type":"WebPage","@id":"https:\/\/www.treatwell.de/treatment-files\/warum-der-french-bob-diesen-herbst-besonders-gefragt-ist\/","url":"https:\/\/www.treatwell.de/treatment-files\/warum-der-french-bob-diesen-herbst-besonders-gefragt-ist\/","name":"Warum der French Bob diesen Herbst besonders gefragt ist - Treatwell","isPartOf":{"@id":"https:\/\/www.treatwell.de/treatment-files\/#website"},"primaryImageOfPage":{"@id":"https:\/\/www.treatwell.de/treatment-files\/warum-der-french-bob-diesen-herbst-besonders-gefragt-ist\/#primaryimage"},"image":{"@id":"https:\/\/www.treatwell.de/treatment-files\/warum-der-french-bob-diesen-herbst-besonders-gefragt-ist\/#primaryimage"},"thumbnailUrl":"https:\/\/www.treatwell.de/treatment-files\/wp-content\/uploads\/sites\/7\/2022\/03\/Featured.jpg","datePublished":"2021-09-07T07:38:59+00:00","dateModified":"2026-01-18T14:04:25+00:00","description":"Das Jahr 2021 hat uns allerdings schon einige French Highlights zur\u00fcck auf den Trend-Radar gebracht. Mitunter die French Mani, die wir diesen Sommer bereits in allen Farben ausprobieren durften. Mit dem Herbst im Anmarsch und den ersten prognostizierten\u00a0 k\u00fchlen Tagen, sehnt sich auch unser Haar nach einem Schnitt mit franz\u00f6sischer Note. Spoiler Alert: Der French Bob steht wieder im Rampenlicht.\u00a0","breadcrumb":{"@id":"https:\/\/www.treatwell.de/treatment-files\/warum-der-french-bob-diesen-herbst-besonders-gefragt-ist\/#breadcrumb"},"inLanguage":"de-DE","potentialAction":[{"@type":"ReadAction","target":["https:\/\/www.treatwell.de/treatment-files\/warum-der-french-bob-diesen-herbst-besonders-gefragt-ist\/"]}]},{"@type":"ImageObject","inLanguage":"de-DE","@id":"https:\/\/www.treatwell.de/treatment-files\/warum-der-french-bob-diesen-herbst-besonders-gefragt-ist\/#primaryimage","url":"https:\/\/www.treatwell.de/treatment-files\/wp-content\/uploads\/sites\/7\/2022\/03\/Featured.jpg","contentUrl":"https:\/\/www.treatwell.de/treatment-files\/wp-content\/uploads\/sites\/7\/2022\/03\/Featured.jpg","width":600,"height":600},{"@type":"BreadcrumbList","@id":"https:\/\/www.treatwell.de/treatment-files\/warum-der-french-bob-diesen-herbst-besonders-gefragt-ist\/#breadcrumb","itemListElement":[{"@type":"ListItem","position":1,"name":"Home","item":"https:\/\/www.treatwell.de/treatment-files\/"},{"@type":"ListItem","position":2,"name":"Trends","item":"https:\/\/www.treatwell.de/treatment-files\/trends\/"},{"@type":"ListItem","position":3,"name":"Warum der French Bob diesen Herbst besonders gefragt ist"}]},{"@type":"WebSite","@id":"https:\/\/www.treatwell.de/treatment-files\/#website","url":"https:\/\/www.treatwell.de/treatment-files\/","name":"The Treatment Files Blog","description":"Beauty entdecken. Beauty erleben.","publisher":{"@id":"https:\/\/www.treatwell.de/treatment-files\/#organization"},"potentialAction":[{"@type":"SearchAction","target":{"@type":"EntryPoint","urlTemplate":"https:\/\/www.treatwell.de/treatment-files\/?s={search_term_string}"},"query-input":{"@type":"PropertyValueSpecification","valueRequired":true,"valueName":"search_term_string"}}],"inLanguage":"de-DE"},{"@type":"Organization","@id":"https:\/\/www.treatwell.de/treatment-files\/#organization","name":"Treatwell","url":"https:\/\/www.treatwell.de/treatment-files\/","logo":{"@type":"ImageObject","inLanguage":"de-DE","@id":"https:\/\/www.treatwell.de/treatment-files\/#\/schema\/logo\/image\/","url":"https:\/\/www.treatwell.de/treatment-files\/wp-content\/uploads\/sites\/7\/2022\/03\/logo_treatwell.png","contentUrl":"https:\/\/www.treatwell.de/treatment-files\/wp-content\/uploads\/sites\/7\/2022\/03\/logo_treatwell.png","width":889,"height":164,"caption":"Treatwell"},"image":{"@id":"https:\/\/www.treatwell.de/treatment-files\/#\/schema\/logo\/image\/"}},{"@type":"Person","@id":"https:\/\/www.treatwell.de/treatment-files\/#\/schema\/person\/869d3f19bdf4203c8e6e97c64e1c3c8e","name":"Isabella Tombinski-robb","image":{"@type":"ImageObject","inLanguage":"de-DE","@id":"https:\/\/secure.gravatar.com\/avatar\/624ce3bd6151d711f02c8c31549c8390027943dc1293e17bf28c136ce4288a80?s=96&d=mm&r=g","url":"https:\/\/secure.gravatar.com\/avatar\/624ce3bd6151d711f02c8c31549c8390027943dc1293e17bf28c136ce4288a80?s=96&d=mm&r=g","contentUrl":"https:\/\/secure.gravatar.com\/avatar\/624ce3bd6151d711f02c8c31549c8390027943dc1293e17bf28c136ce4288a80?s=96&d=mm&r=g","caption":"Isabella Tombinski-robb"},"url":"https:\/\/www.treatwell.de/treatment-files\/author\/isabellatombinskirobb\/"}]}},"featured_image_src":"https:\/\/www.treatwell.de/treatment-files\/wp-content\/uploads\/sites\/7\/2022\/03\/Featured-600x400.jpg","featured_image_src_square":"https:\/\/www.treatwell.de/treatment-files\/wp-content\/uploads\/sites\/7\/2022\/03\/Featured-600x600.jpg","author_info":{"display_name":"Isabella Tombinski-robb","author_link":"https:\/\/www.treatwell.de/treatment-files\/author\/isabellatombinskirobb\/"},"_links":{"self":[{"href":"https:\/\/www.treatwell.de\/treatment-files\/wp-json\/wp\/v2\/posts\/23478","targetHints":{"allow":["GET"]}}],"collection":[{"href":"https:\/\/www.treatwell.de\/treatment-files\/wp-json\/wp\/v2\/posts"}],"about":[{"href":"https:\/\/www.treatwell.de\/treatment-files\/wp-json\/wp\/v2\/types\/post"}],"author":[{"embeddable":true,"href":"https:\/\/www.treatwell.de\/treatment-files\/wp-json\/wp\/v2\/users\/3318"}],"replies":[{"embeddable":true,"href":"https:\/\/www.treatwell.de\/treatment-files\/wp-json\/wp\/v2\/comments?post=23478"}],"version-history":[{"count":0,"href":"https:\/\/www.treatwell.de\/treatment-files\/wp-json\/wp\/v2\/posts\/23478\/revisions"}],"wp:featuredmedia":[{"embeddable":true,"href":"https:\/\/www.treatwell.de\/treatment-files\/wp-json\/wp\/v2\/media\/23497"}],"wp:attachment":[{"href":"https:\/\/www.treatwell.de\/treatment-files\/wp-json\/wp\/v2\/media?parent=23478"}],"wp:term":[{"taxonomy":"category","embeddable":true,"href":"https:\/\/www.treatwell.de\/treatment-files\/wp-json\/wp\/v2\/categories?post=23478"},{"taxonomy":"post_tag","embeddable":true,"href":"https:\/\/www.treatwell.de\/treatment-files\/wp-json\/wp\/v2\/tags?post=23478"}],"curies":[{"name":"wp","href":"https:\/\/api.w.org\/{rel}","templated":true}]}}