{"id":23096,"date":"2021-06-24T10:00:24","date_gmt":"2021-06-24T08:00:24","guid":{"rendered":"https:\/\/www.treatwell.de\/treatment-files\/?p=11201"},"modified":"2026-01-18T16:45:14","modified_gmt":"2026-01-18T15:45:14","slug":"der-90er-haarclips-trend-feiert-ein-comeback","status":"publish","type":"post","link":"https:\/\/www.treatwell.de/treatment-files\/der-90er-haarclips-trend-feiert-ein-comeback\/","title":{"rendered":"Die 90er-Haarspange feiert ein Comeback"},"content":{"rendered":"<p style=\"text-align: justify\"><span style=\"font-weight: 400\">Ach, die 90er. Angefangen bei den Spice Girls, die uns Herzaussetzer sp\u00fcren lie\u00dfen, \u00fcber kitschige Polly Pocket Sammlungen (ja, wir kennen die Peter Pan Special Edition) bis hin zum ersten Nintendo 64: Wir alle lieben mindestens eine Sache, die uns die 90er gebracht haben. Mal abgesehen von der coolen Musik und den ersten Tagen mit der Spielkonsole, erinnere ich mich auch gerne an die Mode und Beautytrends von damals zur\u00fcck \u2013 wie zum Beispiel die riesigen Haarspangen.<\/span><!--more--><\/p>\n<p style=\"text-align: justify\"><span style=\"font-weight: 400\">Bunte Haarspangen (am besten in 5 verschiedenen Farben) haben mich durch die Vorschulzeit begleitet und meinen ersten Scrunchie hatte ich sp\u00e4testens im Altern von 10 Jahren. In Kombi mit dem passenden Sommerkleid konnte man im Handumdrehen den perfekten Look zaubern(<\/span><span style=\"font-weight: 400\">ohne daf\u00fcr Stunden vor dem Spiegel mit dem F\u00f6hn verbracht zu haben<\/span><span style=\"font-weight: 400\">).<\/span><\/p>\n<p style=\"text-align: justify\"><span style=\"font-weight: 400\">Jeder Trend kommt bekanntlich irgendwann einmal wieder. Und Haarspangen in allen Regenbogenfarben sind da definitiv keine Ausnahme. Wir sind absolut entz\u00fcckt, da sie uns einfache, sch\u00f6ne Frisuren bescheren \u2013 egal, ob mit langen oder <\/span><span style=\"font-weight: 400\">kurzen Haaren<\/span><span style=\"font-weight: 400\">. Mit diesen Frisuren kannst du problemlos in die hei\u00dfe Sommersaison starten.<\/span><\/p>\n<p style=\"text-align: justify\">Isabella<\/p>\n<div class=\"schema-faq wp-block-yoast-faq-block\">\n<div class=\"schema-faq-section\" id=\"faq-question-1768750226019\">\n<h3 class=\"schema-faq-question\">Welche Haaraccessoires aus den 90ern feiern gerade ihr Comeback?<\/h3>\n<p class=\"schema-faq-answer\">Bunte Haarspangen in verschiedenen Farben und auff\u00e4llige Scrunchies z\u00e4hlen aktuell zu den wiederentdeckten Klassikern. Diese Accessoires zaubern den 90s-Look und wirken besonders frisch zur Sommermode.<\/div>\n<div class=\"schema-faq-section\" id=\"faq-question-1768750226020\">\n<h3 class=\"schema-faq-question\">Wie lassen sich bunte Haarspangen im Alltag tragen?<\/h3>\n<p class=\"schema-faq-answer\">Bunte Haarspangen bringen unkompliziert Farbe und Stil in deinen Look. Sie eignen sich f\u00fcr kurzes und langes Haar gleicherma\u00dfen und sorgen f\u00fcr eine fr\u00f6hliche Note zu jedem Outfit.<\/div>\n<div class=\"schema-faq-section\" id=\"faq-question-1768750226021\">\n<h3 class=\"schema-faq-question\">Warum passen Haarspangen so gut zur Sommersaison?<\/h3>\n<p class=\"schema-faq-answer\">Haarspangen wirken leicht und verleihen deinen Frisuren im Sommer einen verspielten Akzent. Du kannst schnell stylische Looks zaubern, ohne viel Zeit vor dem Spiegel zu verbringen.<\/div>\n<div class=\"schema-faq-section\" id=\"faq-question-1768750226022\">\n<h3 class=\"schema-faq-question\">Ab welchem Alter eignen sich Scrunchies und bunte Spangen?<\/h3>\n<p class=\"schema-faq-answer\">Scrunchies und bunte Haarspangen eignen sich bereits f\u00fcr Kinder im Vorschulalter und begleiten dich durch viele Modephasen. Die Accessoires wirken auch im Erwachsenenalter l\u00e4ssig und nostalgisch.<\/div>\n<\/p><\/div>\n","protected":false},"excerpt":{"rendered":"<p>Ach, die 90er. Angefangen bei den Spice Girls, die uns Herzaussetzer sp\u00fcren lie\u00dfen, \u00fcber kitschige Polly Pocket Sammlungen (ja, wir kennen die Peter Pan Special Edition) bis hin zum ersten Nintendo 64: Wir alle lieben mindestens eine Sache, die uns die 90er gebracht haben. Mal abgesehen von der coolen Musik und den ersten Tagen mit [&hellip;]<\/p>\n","protected":false},"author":3318,"featured_media":23112,"comment_status":"closed","ping_status":"closed","sticky":false,"template":"","format":"standard","meta":{"_acf_changed":false,"_yoast_wpseo_title":"Die 90er-Haarspange feiert ein Comeback - Treatwell","_yoast_wpseo_metadesc":"Jeder Trend kommt bekanntlich irgendwann einmal wieder. Und 90er-inspirierte Haarspangen in allen Farben des Regenbogens sind da definitiv keine Ausnahme.","_genesis_hide_title":false,"_genesis_hide_breadcrumbs":false,"_genesis_hide_singular_image":false,"_genesis_hide_footer_widgets":false,"_genesis_custom_body_class":"","_genesis_custom_post_class":"","_genesis_layout":"","saswp_custom_schema_field":"{\"@context\":\"https:\/\/schema.org\",\"@type\":\"FAQPage\",\"mainEntity\":[{\"@type\":\"Question\",\"name\":\"Welche Haaraccessoires aus den 90ern feiern gerade ihr Comeback?\",\"acceptedAnswer\":{\"@type\":\"Answer\",\"text\":\"Bunte Haarspangen in verschiedenen Farben und auff\u00e4llige Scrunchies z\u00e4hlen aktuell zu den wiederentdeckten Klassikern. Diese Accessoires zaubern den 90s-Look und wirken besonders frisch zur Sommermode.\"}},{\"@type\":\"Question\",\"name\":\"Wie lassen sich bunte Haarspangen im Alltag tragen?\",\"acceptedAnswer\":{\"@type\":\"Answer\",\"text\":\"Bunte Haarspangen bringen unkompliziert Farbe und Stil in deinen Look. Sie eignen sich f\u00fcr kurzes und langes Haar gleicherma\u00dfen und sorgen f\u00fcr eine fr\u00f6hliche Note zu jedem Outfit.\"}},{\"@type\":\"Question\",\"name\":\"Warum passen Haarspangen so gut zur Sommersaison?\",\"acceptedAnswer\":{\"@type\":\"Answer\",\"text\":\"Haarspangen wirken leicht und verleihen deinen Frisuren im Sommer einen verspielten Akzent. Du kannst schnell stylische Looks zaubern, ohne viel Zeit vor dem Spiegel zu verbringen.\"}},{\"@type\":\"Question\",\"name\":\"Ab welchem Alter eignen sich Scrunchies und bunte Spangen?\",\"acceptedAnswer\":{\"@type\":\"Answer\",\"text\":\"Scrunchies und bunte Haarspangen eignen sich bereits f\u00fcr Kinder im Vorschulalter und begleiten dich durch viele Modephasen. Die Accessoires wirken auch im Erwachsenenalter l\u00e4ssig und nostalgisch.\"}}]}","footnotes":""},"categories":[2],"tags":[9,13,59],"class_list":{"0":"post-23096","1":"post","2":"type-post","3":"status-publish","4":"format-standard","5":"has-post-thumbnail","7":"category-trends","8":"tag-tt6","9":"tag-tr732","10":"tag-tr389","11":"entry"},"acf":{"post_credits":"Bildrechte: Cornel Cristian Petrus\/\u200bShutterstock, @access_or_rise_miami, @archie.it, @augustvariety.ph, @cajsathelander, @camillaelysia, @interiorsbymads, @joannaidaly, @kiramekukumo, @lauramariemerida, @munefl, @rachelshairspot, @rebeccah.hairhealer, @tuongvi_le, @ysaclips","beauty_blog_post_button_title":"","beauty_blog_post_button":"","landscape_picture":23111,"blocks":[{"block_title":"","block_content":"","video_content":"","block_picture":23097},{"block_title":"","block_content":"","video_content":"","block_picture":23098},{"block_title":"","block_content":"","video_content":"","block_picture":23099},{"block_title":"","block_content":"","video_content":"","block_picture":23100},{"block_title":"","block_content":"","video_content":"","block_picture":23101},{"block_title":"","block_content":"","video_content":"","block_picture":23102},{"block_title":"","block_content":"","video_content":"","block_picture":23103},{"block_title":"","block_content":"","video_content":"","block_picture":23104},{"block_title":"","block_content":"","video_content":"","block_picture":23105},{"block_title":"","block_content":"","video_content":"","block_picture":23106},{"block_title":"","block_content":"","video_content":"","block_picture":23107},{"block_title":"","block_content":"","video_content":"","block_picture":23108},{"block_title":"","block_content":"","video_content":"","block_picture":23109},{"block_title":"","block_content":"","video_content":"","block_picture":23110}]},"yoast_head":"<!-- This site is optimized with the Yoast SEO plugin v27.5 - https:\/\/yoast.com\/product\/yoast-seo-wordpress\/ -->\n<title>Die 90er-Haarspange feiert ein Comeback - Treatwell<\/title>\n<meta name=\"description\" content=\"Jeder Trend kommt bekanntlich irgendwann einmal wieder. Und 90er-inspirierte Haarspangen in allen Farben des Regenbogens sind da definitiv keine Ausnahme.\" \/>\n<meta name=\"robots\" content=\"index, follow, max-snippet:-1, max-image-preview:large, max-video-preview:-1\" \/>\n<link rel=\"canonical\" href=\"https:\/\/www.treatwell.de/treatment-files\/der-90er-haarclips-trend-feiert-ein-comeback\/\" \/>\n<meta property=\"og:locale\" content=\"de_DE\" \/>\n<meta property=\"og:type\" content=\"article\" \/>\n<meta property=\"og:title\" content=\"Die 90er-Haarspange feiert ein Comeback - Treatwell\" \/>\n<meta property=\"og:description\" content=\"Jeder Trend kommt bekanntlich irgendwann einmal wieder. Und 90er-inspirierte Haarspangen in allen Farben des Regenbogens sind da definitiv keine Ausnahme.\" \/>\n<meta property=\"og:url\" content=\"https:\/\/www.treatwell.de/treatment-files\/der-90er-haarclips-trend-feiert-ein-comeback\/\" \/>\n<meta property=\"og:site_name\" content=\"The Treatment Files Blog\" \/>\n<meta property=\"article:published_time\" content=\"2021-06-24T08:00:24+00:00\" \/>\n<meta property=\"article:modified_time\" content=\"2026-01-18T15:45:14+00:00\" \/>\n<meta property=\"og:image\" content=\"https:\/\/www.treatwell.de/treatment-files\/wp-content\/uploads\/sites\/7\/2022\/03\/Image_2.jpg\" \/>\n\t<meta property=\"og:image:width\" content=\"500\" \/>\n\t<meta property=\"og:image:height\" content=\"500\" \/>\n\t<meta property=\"og:image:type\" content=\"image\/jpeg\" \/>\n<meta name=\"author\" content=\"Isabella Tombinski-robb\" \/>\n<meta name=\"twitter:card\" content=\"summary_large_image\" \/>\n<meta name=\"twitter:label1\" content=\"Verfasst von\" \/>\n\t<meta name=\"twitter:data1\" content=\"Isabella Tombinski-robb\" \/>\n\t<meta name=\"twitter:label2\" content=\"Gesch\u00e4tzte Lesezeit\" \/>\n\t<meta name=\"twitter:data2\" content=\"2 Minuten\" \/>\n<script type=\"application\/ld+json\" class=\"yoast-schema-graph\">{\"@context\":\"https:\\\/\\\/schema.org\",\"@graph\":[{\"@type\":\"Article\",\"@id\":\"https:\\\/\\\/www.treatwell.de/treatment-files\\\/der-90er-haarclips-trend-feiert-ein-comeback\\\/#article\",\"isPartOf\":{\"@id\":\"https:\\\/\\\/www.treatwell.de/treatment-files\\\/der-90er-haarclips-trend-feiert-ein-comeback\\\/\"},\"author\":{\"name\":\"Isabella Tombinski-robb\",\"@id\":\"https:\\\/\\\/www.treatwell.de/treatment-files\\\/#\\\/schema\\\/person\\\/869d3f19bdf4203c8e6e97c64e1c3c8e\"},\"headline\":\"Die 90er-Haarspange feiert ein Comeback\",\"datePublished\":\"2021-06-24T08:00:24+00:00\",\"dateModified\":\"2026-01-18T15:45:14+00:00\",\"mainEntityOfPage\":{\"@id\":\"https:\\\/\\\/www.treatwell.de/treatment-files\\\/der-90er-haarclips-trend-feiert-ein-comeback\\\/\"},\"wordCount\":332,\"publisher\":{\"@id\":\"https:\\\/\\\/www.treatwell.de/treatment-files\\\/#organization\"},\"image\":{\"@id\":\"https:\\\/\\\/www.treatwell.de/treatment-files\\\/der-90er-haarclips-trend-feiert-ein-comeback\\\/#primaryimage\"},\"thumbnailUrl\":\"https:\\\/\\\/www.treatwell.de/treatment-files\\\/wp-content\\\/uploads\\\/sites\\\/7\\\/2022\\\/03\\\/Image_2.jpg\",\"keywords\":[\"Hair\",\"Hair Salon Extras\",\"Styling\"],\"articleSection\":[\"Trends\"],\"inLanguage\":\"de-DE\"},{\"@type\":\"WebPage\",\"@id\":\"https:\\\/\\\/www.treatwell.de/treatment-files\\\/der-90er-haarclips-trend-feiert-ein-comeback\\\/\",\"url\":\"https:\\\/\\\/www.treatwell.de/treatment-files\\\/der-90er-haarclips-trend-feiert-ein-comeback\\\/\",\"name\":\"Die 90er-Haarspange feiert ein Comeback - Treatwell\",\"isPartOf\":{\"@id\":\"https:\\\/\\\/www.treatwell.de/treatment-files\\\/#website\"},\"primaryImageOfPage\":{\"@id\":\"https:\\\/\\\/www.treatwell.de/treatment-files\\\/der-90er-haarclips-trend-feiert-ein-comeback\\\/#primaryimage\"},\"image\":{\"@id\":\"https:\\\/\\\/www.treatwell.de/treatment-files\\\/der-90er-haarclips-trend-feiert-ein-comeback\\\/#primaryimage\"},\"thumbnailUrl\":\"https:\\\/\\\/www.treatwell.de/treatment-files\\\/wp-content\\\/uploads\\\/sites\\\/7\\\/2022\\\/03\\\/Image_2.jpg\",\"datePublished\":\"2021-06-24T08:00:24+00:00\",\"dateModified\":\"2026-01-18T15:45:14+00:00\",\"description\":\"Jeder Trend kommt bekanntlich irgendwann einmal wieder. Und 90er-inspirierte Haarspangen in allen Farben des Regenbogens sind da definitiv keine Ausnahme.\",\"breadcrumb\":{\"@id\":\"https:\\\/\\\/www.treatwell.de/treatment-files\\\/der-90er-haarclips-trend-feiert-ein-comeback\\\/#breadcrumb\"},\"inLanguage\":\"de-DE\",\"potentialAction\":[{\"@type\":\"ReadAction\",\"target\":[\"https:\\\/\\\/www.treatwell.de/treatment-files\\\/der-90er-haarclips-trend-feiert-ein-comeback\\\/\"]}]},{\"@type\":\"ImageObject\",\"inLanguage\":\"de-DE\",\"@id\":\"https:\\\/\\\/www.treatwell.de/treatment-files\\\/der-90er-haarclips-trend-feiert-ein-comeback\\\/#primaryimage\",\"url\":\"https:\\\/\\\/www.treatwell.de/treatment-files\\\/wp-content\\\/uploads\\\/sites\\\/7\\\/2022\\\/03\\\/Image_2.jpg\",\"contentUrl\":\"https:\\\/\\\/www.treatwell.de/treatment-files\\\/wp-content\\\/uploads\\\/sites\\\/7\\\/2022\\\/03\\\/Image_2.jpg\",\"width\":500,\"height\":500},{\"@type\":\"BreadcrumbList\",\"@id\":\"https:\\\/\\\/www.treatwell.de/treatment-files\\\/der-90er-haarclips-trend-feiert-ein-comeback\\\/#breadcrumb\",\"itemListElement\":[{\"@type\":\"ListItem\",\"position\":1,\"name\":\"Home\",\"item\":\"https:\\\/\\\/www.treatwell.de/treatment-files\\\/\"},{\"@type\":\"ListItem\",\"position\":2,\"name\":\"Trends\",\"item\":\"https:\\\/\\\/www.treatwell.de/treatment-files\\\/trends\\\/\"},{\"@type\":\"ListItem\",\"position\":3,\"name\":\"Die 90er-Haarspange feiert ein Comeback\"}]},{\"@type\":\"WebSite\",\"@id\":\"https:\\\/\\\/www.treatwell.de/treatment-files\\\/#website\",\"url\":\"https:\\\/\\\/www.treatwell.de/treatment-files\\\/\",\"name\":\"The Treatment Files Blog\",\"description\":\"Beauty entdecken. Beauty erleben.\",\"publisher\":{\"@id\":\"https:\\\/\\\/www.treatwell.de/treatment-files\\\/#organization\"},\"potentialAction\":[{\"@type\":\"SearchAction\",\"target\":{\"@type\":\"EntryPoint\",\"urlTemplate\":\"https:\\\/\\\/www.treatwell.de/treatment-files\\\/?s={search_term_string}\"},\"query-input\":{\"@type\":\"PropertyValueSpecification\",\"valueRequired\":true,\"valueName\":\"search_term_string\"}}],\"inLanguage\":\"de-DE\"},{\"@type\":\"Organization\",\"@id\":\"https:\\\/\\\/www.treatwell.de/treatment-files\\\/#organization\",\"name\":\"Treatwell\",\"url\":\"https:\\\/\\\/www.treatwell.de/treatment-files\\\/\",\"logo\":{\"@type\":\"ImageObject\",\"inLanguage\":\"de-DE\",\"@id\":\"https:\\\/\\\/www.treatwell.de/treatment-files\\\/#\\\/schema\\\/logo\\\/image\\\/\",\"url\":\"https:\\\/\\\/www.treatwell.de/treatment-files\\\/wp-content\\\/uploads\\\/sites\\\/7\\\/2022\\\/03\\\/logo_treatwell.png\",\"contentUrl\":\"https:\\\/\\\/www.treatwell.de/treatment-files\\\/wp-content\\\/uploads\\\/sites\\\/7\\\/2022\\\/03\\\/logo_treatwell.png\",\"width\":889,\"height\":164,\"caption\":\"Treatwell\"},\"image\":{\"@id\":\"https:\\\/\\\/www.treatwell.de/treatment-files\\\/#\\\/schema\\\/logo\\\/image\\\/\"}},{\"@type\":\"Person\",\"@id\":\"https:\\\/\\\/www.treatwell.de/treatment-files\\\/#\\\/schema\\\/person\\\/869d3f19bdf4203c8e6e97c64e1c3c8e\",\"name\":\"Isabella Tombinski-robb\",\"image\":{\"@type\":\"ImageObject\",\"inLanguage\":\"de-DE\",\"@id\":\"https:\\\/\\\/secure.gravatar.com\\\/avatar\\\/624ce3bd6151d711f02c8c31549c8390027943dc1293e17bf28c136ce4288a80?s=96&d=mm&r=g\",\"url\":\"https:\\\/\\\/secure.gravatar.com\\\/avatar\\\/624ce3bd6151d711f02c8c31549c8390027943dc1293e17bf28c136ce4288a80?s=96&d=mm&r=g\",\"contentUrl\":\"https:\\\/\\\/secure.gravatar.com\\\/avatar\\\/624ce3bd6151d711f02c8c31549c8390027943dc1293e17bf28c136ce4288a80?s=96&d=mm&r=g\",\"caption\":\"Isabella Tombinski-robb\"},\"url\":\"https:\\\/\\\/www.treatwell.de/treatment-files\\\/author\\\/isabellatombinskirobb\\\/\"}]}<\/script>\n<!-- \/ Yoast SEO plugin. -->","yoast_head_json":{"title":"Die 90er-Haarspange feiert ein Comeback - Treatwell","description":"Jeder Trend kommt bekanntlich irgendwann einmal wieder. Und 90er-inspirierte Haarspangen in allen Farben des Regenbogens sind da definitiv keine Ausnahme.","robots":{"index":"index","follow":"follow","max-snippet":"max-snippet:-1","max-image-preview":"max-image-preview:large","max-video-preview":"max-video-preview:-1"},"canonical":"https:\/\/www.treatwell.de/treatment-files\/der-90er-haarclips-trend-feiert-ein-comeback\/","og_locale":"de_DE","og_type":"article","og_title":"Die 90er-Haarspange feiert ein Comeback - Treatwell","og_description":"Jeder Trend kommt bekanntlich irgendwann einmal wieder. Und 90er-inspirierte Haarspangen in allen Farben des Regenbogens sind da definitiv keine Ausnahme.","og_url":"https:\/\/www.treatwell.de/treatment-files\/der-90er-haarclips-trend-feiert-ein-comeback\/","og_site_name":"The Treatment Files Blog","article_published_time":"2021-06-24T08:00:24+00:00","article_modified_time":"2026-01-18T15:45:14+00:00","og_image":[{"width":500,"height":500,"url":"https:\/\/www.treatwell.de/treatment-files\/wp-content\/uploads\/sites\/7\/2022\/03\/Image_2.jpg","type":"image\/jpeg"}],"author":"Isabella Tombinski-robb","twitter_card":"summary_large_image","twitter_misc":{"Verfasst von":"Isabella Tombinski-robb","Gesch\u00e4tzte Lesezeit":"2 Minuten"},"schema":{"@context":"https:\/\/schema.org","@graph":[{"@type":"Article","@id":"https:\/\/www.treatwell.de/treatment-files\/der-90er-haarclips-trend-feiert-ein-comeback\/#article","isPartOf":{"@id":"https:\/\/www.treatwell.de/treatment-files\/der-90er-haarclips-trend-feiert-ein-comeback\/"},"author":{"name":"Isabella Tombinski-robb","@id":"https:\/\/www.treatwell.de/treatment-files\/#\/schema\/person\/869d3f19bdf4203c8e6e97c64e1c3c8e"},"headline":"Die 90er-Haarspange feiert ein Comeback","datePublished":"2021-06-24T08:00:24+00:00","dateModified":"2026-01-18T15:45:14+00:00","mainEntityOfPage":{"@id":"https:\/\/www.treatwell.de/treatment-files\/der-90er-haarclips-trend-feiert-ein-comeback\/"},"wordCount":332,"publisher":{"@id":"https:\/\/www.treatwell.de/treatment-files\/#organization"},"image":{"@id":"https:\/\/www.treatwell.de/treatment-files\/der-90er-haarclips-trend-feiert-ein-comeback\/#primaryimage"},"thumbnailUrl":"https:\/\/www.treatwell.de/treatment-files\/wp-content\/uploads\/sites\/7\/2022\/03\/Image_2.jpg","keywords":["Hair","Hair Salon Extras","Styling"],"articleSection":["Trends"],"inLanguage":"de-DE"},{"@type":"WebPage","@id":"https:\/\/www.treatwell.de/treatment-files\/der-90er-haarclips-trend-feiert-ein-comeback\/","url":"https:\/\/www.treatwell.de/treatment-files\/der-90er-haarclips-trend-feiert-ein-comeback\/","name":"Die 90er-Haarspange feiert ein Comeback - Treatwell","isPartOf":{"@id":"https:\/\/www.treatwell.de/treatment-files\/#website"},"primaryImageOfPage":{"@id":"https:\/\/www.treatwell.de/treatment-files\/der-90er-haarclips-trend-feiert-ein-comeback\/#primaryimage"},"image":{"@id":"https:\/\/www.treatwell.de/treatment-files\/der-90er-haarclips-trend-feiert-ein-comeback\/#primaryimage"},"thumbnailUrl":"https:\/\/www.treatwell.de/treatment-files\/wp-content\/uploads\/sites\/7\/2022\/03\/Image_2.jpg","datePublished":"2021-06-24T08:00:24+00:00","dateModified":"2026-01-18T15:45:14+00:00","description":"Jeder Trend kommt bekanntlich irgendwann einmal wieder. Und 90er-inspirierte Haarspangen in allen Farben des Regenbogens sind da definitiv keine Ausnahme.","breadcrumb":{"@id":"https:\/\/www.treatwell.de/treatment-files\/der-90er-haarclips-trend-feiert-ein-comeback\/#breadcrumb"},"inLanguage":"de-DE","potentialAction":[{"@type":"ReadAction","target":["https:\/\/www.treatwell.de/treatment-files\/der-90er-haarclips-trend-feiert-ein-comeback\/"]}]},{"@type":"ImageObject","inLanguage":"de-DE","@id":"https:\/\/www.treatwell.de/treatment-files\/der-90er-haarclips-trend-feiert-ein-comeback\/#primaryimage","url":"https:\/\/www.treatwell.de/treatment-files\/wp-content\/uploads\/sites\/7\/2022\/03\/Image_2.jpg","contentUrl":"https:\/\/www.treatwell.de/treatment-files\/wp-content\/uploads\/sites\/7\/2022\/03\/Image_2.jpg","width":500,"height":500},{"@type":"BreadcrumbList","@id":"https:\/\/www.treatwell.de/treatment-files\/der-90er-haarclips-trend-feiert-ein-comeback\/#breadcrumb","itemListElement":[{"@type":"ListItem","position":1,"name":"Home","item":"https:\/\/www.treatwell.de/treatment-files\/"},{"@type":"ListItem","position":2,"name":"Trends","item":"https:\/\/www.treatwell.de/treatment-files\/trends\/"},{"@type":"ListItem","position":3,"name":"Die 90er-Haarspange feiert ein Comeback"}]},{"@type":"WebSite","@id":"https:\/\/www.treatwell.de/treatment-files\/#website","url":"https:\/\/www.treatwell.de/treatment-files\/","name":"The Treatment Files Blog","description":"Beauty entdecken. Beauty erleben.","publisher":{"@id":"https:\/\/www.treatwell.de/treatment-files\/#organization"},"potentialAction":[{"@type":"SearchAction","target":{"@type":"EntryPoint","urlTemplate":"https:\/\/www.treatwell.de/treatment-files\/?s={search_term_string}"},"query-input":{"@type":"PropertyValueSpecification","valueRequired":true,"valueName":"search_term_string"}}],"inLanguage":"de-DE"},{"@type":"Organization","@id":"https:\/\/www.treatwell.de/treatment-files\/#organization","name":"Treatwell","url":"https:\/\/www.treatwell.de/treatment-files\/","logo":{"@type":"ImageObject","inLanguage":"de-DE","@id":"https:\/\/www.treatwell.de/treatment-files\/#\/schema\/logo\/image\/","url":"https:\/\/www.treatwell.de/treatment-files\/wp-content\/uploads\/sites\/7\/2022\/03\/logo_treatwell.png","contentUrl":"https:\/\/www.treatwell.de/treatment-files\/wp-content\/uploads\/sites\/7\/2022\/03\/logo_treatwell.png","width":889,"height":164,"caption":"Treatwell"},"image":{"@id":"https:\/\/www.treatwell.de/treatment-files\/#\/schema\/logo\/image\/"}},{"@type":"Person","@id":"https:\/\/www.treatwell.de/treatment-files\/#\/schema\/person\/869d3f19bdf4203c8e6e97c64e1c3c8e","name":"Isabella Tombinski-robb","image":{"@type":"ImageObject","inLanguage":"de-DE","@id":"https:\/\/secure.gravatar.com\/avatar\/624ce3bd6151d711f02c8c31549c8390027943dc1293e17bf28c136ce4288a80?s=96&d=mm&r=g","url":"https:\/\/secure.gravatar.com\/avatar\/624ce3bd6151d711f02c8c31549c8390027943dc1293e17bf28c136ce4288a80?s=96&d=mm&r=g","contentUrl":"https:\/\/secure.gravatar.com\/avatar\/624ce3bd6151d711f02c8c31549c8390027943dc1293e17bf28c136ce4288a80?s=96&d=mm&r=g","caption":"Isabella Tombinski-robb"},"url":"https:\/\/www.treatwell.de/treatment-files\/author\/isabellatombinskirobb\/"}]}},"featured_image_src":"https:\/\/www.treatwell.de/treatment-files\/wp-content\/uploads\/sites\/7\/2022\/03\/Image_2-500x400.jpg","featured_image_src_square":"https:\/\/www.treatwell.de/treatment-files\/wp-content\/uploads\/sites\/7\/2022\/03\/Image_2.jpg","author_info":{"display_name":"Isabella Tombinski-robb","author_link":"https:\/\/www.treatwell.de/treatment-files\/author\/isabellatombinskirobb\/"},"_links":{"self":[{"href":"https:\/\/www.treatwell.de\/treatment-files\/wp-json\/wp\/v2\/posts\/23096","targetHints":{"allow":["GET"]}}],"collection":[{"href":"https:\/\/www.treatwell.de\/treatment-files\/wp-json\/wp\/v2\/posts"}],"about":[{"href":"https:\/\/www.treatwell.de\/treatment-files\/wp-json\/wp\/v2\/types\/post"}],"author":[{"embeddable":true,"href":"https:\/\/www.treatwell.de\/treatment-files\/wp-json\/wp\/v2\/users\/3318"}],"replies":[{"embeddable":true,"href":"https:\/\/www.treatwell.de\/treatment-files\/wp-json\/wp\/v2\/comments?post=23096"}],"version-history":[{"count":0,"href":"https:\/\/www.treatwell.de\/treatment-files\/wp-json\/wp\/v2\/posts\/23096\/revisions"}],"wp:featuredmedia":[{"embeddable":true,"href":"https:\/\/www.treatwell.de\/treatment-files\/wp-json\/wp\/v2\/media\/23112"}],"wp:attachment":[{"href":"https:\/\/www.treatwell.de\/treatment-files\/wp-json\/wp\/v2\/media?parent=23096"}],"wp:term":[{"taxonomy":"category","embeddable":true,"href":"https:\/\/www.treatwell.de\/treatment-files\/wp-json\/wp\/v2\/categories?post=23096"},{"taxonomy":"post_tag","embeddable":true,"href":"https:\/\/www.treatwell.de\/treatment-files\/wp-json\/wp\/v2\/tags?post=23096"}],"curies":[{"name":"wp","href":"https:\/\/api.w.org\/{rel}","templated":true}]}}