{"id":22926,"date":"2021-04-27T12:33:54","date_gmt":"2021-04-27T10:33:54","guid":{"rendered":"https:\/\/www.treatwell.de\/treatment-files\/?p=23514"},"modified":"2026-01-18T15:03:42","modified_gmt":"2026-01-18T14:03:42","slug":"oscars-2021-das-waren-die-beauty-highlights-der-academy-awards","status":"publish","type":"post","link":"https:\/\/www.treatwell.de/treatment-files\/oscars-2021-das-waren-die-beauty-highlights-der-academy-awards\/","title":{"rendered":"Oscars 2021: Das waren Die Beauty-Highlights der Academy Awards"},"content":{"rendered":"<h2><span style=\"font-weight: 400\">Amanda Seyfried<\/span><\/h2>\n<p><span style=\"font-weight: 400\">Keep it old-fashioned. Amanda Seyfried strahlte in klassischem Hollywood-Look, mit Low-Bun und einem romantischen Seitenscheitel.\u00a0<\/span><\/p>\n<p><img decoding=\"async\" class=\"alignnone wp-image-23523 lazyload\" data-src=\"https:\/\/www.treatwell.de\/treatment-files\/wp-content\/uploads\/sites\/37\/2021\/04\/shutterstock_editorial_11875500rs.jpg\" alt width=\"500\" height=\"699\" src=\"image\/gif;base64,R0lGODlhAQABAAAAACH5BAEKAAEALAAAAAABAAEAAAICTAEAOw==\" style=\"--smush-placeholder-width: 500px;--smush-placeholder-aspect-ratio: 500\/699\"><\/p>\n<h2><span style=\"font-weight: 400\">Celeste Waite<\/span><\/h2>\n<p><span style=\"font-weight: 400\">Rote Lippen, fedrige Brauen und ein volumin\u00f6ser Afro mit Mittelscheitel. Wir finden diesen Look cool und sophisticated.\u00a0<\/span><\/p>\n<p><img decoding=\"async\" class=\"alignnone wp-image-23521 lazyload\" data-src=\"https:\/\/www.treatwell.de\/treatment-files\/wp-content\/uploads\/sites\/37\/2021\/04\/shutterstock_editorial_11875500mz.jpg\" alt width=\"500\" height=\"699\" src=\"image\/gif;base64,R0lGODlhAQABAAAAACH5BAEKAAEALAAAAAABAAEAAAICTAEAOw==\" style=\"--smush-placeholder-width: 500px;--smush-placeholder-aspect-ratio: 500\/699\"><\/p>\n<h2><span style=\"font-weight: 400\">Reese Witherspoon<\/span><\/h2>\n<p><span style=\"font-weight: 400\">Edel und stilvoll sahen wir bei Reese Witherspoon. Hier wurden Smokey Eyes mit\u00a0 langen gegl\u00e4tteten Haaren kombiniert. Das Ergebnis? Extra Glam.<\/span><\/p>\n<p><img decoding=\"async\" class=\"alignnone wp-image-23517 lazyload\" data-src=\"https:\/\/www.treatwell.de\/treatment-files\/wp-content\/uploads\/sites\/37\/2021\/04\/shutterstock_editorial_11875500uo.jpg\" alt width=\"500\" height=\"699\" src=\"image\/gif;base64,R0lGODlhAQABAAAAACH5BAEKAAEALAAAAAABAAEAAAICTAEAOw==\" style=\"--smush-placeholder-width: 500px;--smush-placeholder-aspect-ratio: 500\/699\"><\/p>\n<h2><span style=\"font-weight: 400\">Zendaya<\/span><\/h2>\n<p><span style=\"font-weight: 400\">Kreppeisen-Feels gab es bei Zendaya zu sehen. Die Schauspielerin rockte ihr langes Haar mit extra viel Wellen.<\/span><\/p>\n<p><img decoding=\"async\" class=\"alignnone wp-image-23518 lazyload\" data-src=\"https:\/\/www.treatwell.de\/treatment-files\/wp-content\/uploads\/sites\/37\/2021\/04\/shutterstock_editorial_11875500ux.jpg\" alt width=\"500\" height=\"699\" src=\"image\/gif;base64,R0lGODlhAQABAAAAACH5BAEKAAEALAAAAAABAAEAAAICTAEAOw==\" style=\"--smush-placeholder-width: 500px;--smush-placeholder-aspect-ratio: 500\/699\"><\/p>\n<h2><span style=\"font-weight: 400\">Chlo\u00e9 Zhao<\/span><\/h2>\n<p><span style=\"font-weight: 400\">Nomadland Darstellerin Chlo\u00e9 Zhao hielt es schlicht und nat\u00fcrlich mit soften Z\u00f6pfen und einem nat\u00fcrlichen Make-Up Look.<\/span><\/p>\n<p><img decoding=\"async\" class=\"alignnone wp-image-23519 lazyload\" data-src=\"https:\/\/www.treatwell.de\/treatment-files\/wp-content\/uploads\/sites\/37\/2021\/04\/shutterstock_editorial_11876348a.jpg\" alt width=\"500\" height=\"699\" src=\"image\/gif;base64,R0lGODlhAQABAAAAACH5BAEKAAEALAAAAAABAAEAAAICTAEAOw==\" style=\"--smush-placeholder-width: 500px;--smush-placeholder-aspect-ratio: 500\/699\"><\/p>\n<h2><span style=\"font-weight: 400\">Margot Robbie<\/span><\/h2>\n<p><span style=\"font-weight: 400\">Margot Robbie\u2019s Low-Ponytail sorgte f\u00fcr einen verspielten Beauty-Look insbesondere dank des erdbeerblonden Balayage.<\/span><\/p>\n<p><img decoding=\"async\" class=\"alignnone wp-image-23525 lazyload\" data-src=\"https:\/\/www.treatwell.de\/treatment-files\/wp-content\/uploads\/sites\/37\/2021\/04\/Oscars-9.jpg\" alt width=\"500\" height=\"699\" src=\"image\/gif;base64,R0lGODlhAQABAAAAACH5BAEKAAEALAAAAAABAAEAAAICTAEAOw==\" style=\"--smush-placeholder-width: 500px;--smush-placeholder-aspect-ratio: 500\/699\"><\/p>\n<h2><span style=\"font-weight: 400\">H.E.R<\/span><\/h2>\n<p><span style=\"font-weight: 400\">H.E.R\u2019s lilafarbener Head-to-Toe Style war eine Hommage an Prince\u2019s Oscar-Look aus dem Jahr 1985. Wir kriegen totale \u2018Purple Rain\u2019-Feels!<\/span><\/p>\n<p><img decoding=\"async\" class=\"alignnone wp-image-23516 lazyload\" data-src=\"https:\/\/www.treatwell.de\/treatment-files\/wp-content\/uploads\/sites\/37\/2021\/04\/shutterstock_editorial_11876325ap.jpg\" alt width=\"500\" height=\"699\" src=\"image\/gif;base64,R0lGODlhAQABAAAAACH5BAEKAAEALAAAAAABAAEAAAICTAEAOw==\" style=\"--smush-placeholder-width: 500px;--smush-placeholder-aspect-ratio: 500\/699\"><\/p>\n<h2><span style=\"font-weight: 400\">Vanessa Kirby<\/span><\/h2>\n<p><span style=\"font-weight: 400\">Einen bezaubernd sch\u00f6nen Beauty-Look mit streng zur\u00fcckgek\u00e4mmter Frisur und dunkelrotem Lippenstift gab es bei Vanessa Kirby zu sehen. Ein boldes Statement, das man nicht so schnell vergisst.\u00a0<\/span><\/p>\n<p><img decoding=\"async\" class=\"alignnone wp-image-23524 lazyload\" data-src=\"https:\/\/www.treatwell.de\/treatment-files\/wp-content\/uploads\/sites\/37\/2021\/04\/shutterstock_editorial_11875500sa.jpg\" alt width=\"500\" height=\"699\" src=\"image\/gif;base64,R0lGODlhAQABAAAAACH5BAEKAAEALAAAAAABAAEAAAICTAEAOw==\" style=\"--smush-placeholder-width: 500px;--smush-placeholder-aspect-ratio: 500\/699\"><\/p>\n<h2><span style=\"font-weight: 400\">Halle Berry<\/span><\/h2>\n<p><span style=\"font-weight: 400\">Die Schauspielerin rockte einen frechen Sci-Fi Bob mit l\u00e4ssigen Mini-Fringe in Stufenschnitt.\u00a0<\/span><\/p>\n<p><img decoding=\"async\" class=\"alignnone wp-image-23520 lazyload\" data-src=\"https:\/\/www.treatwell.de\/treatment-files\/wp-content\/uploads\/sites\/37\/2021\/04\/shutterstock_editorial_11875380ve.jpg\" alt width=\"500\" height=\"699\" src=\"image\/gif;base64,R0lGODlhAQABAAAAACH5BAEKAAEALAAAAAABAAEAAAICTAEAOw==\" style=\"--smush-placeholder-width: 500px;--smush-placeholder-aspect-ratio: 500\/699\"><\/p>\n<div class=\"schema-faq wp-block-yoast-faq-block\">\n<div class=\"schema-faq-section\" id=\"faq-question-1768742326110\">\n<h3 class=\"schema-faq-question\">Welcher Look wirkt besonders klassisch und elegant?<\/h3>\n<p class=\"schema-faq-answer\">Der Look mit Low-Bun und romantischem Seitenscheitel wirkt besonders klassisch und elegant. Diese Frisur spiegelt den zeitlosen Hollywood-Charme wider und sorgt f\u00fcr einen stilvollen Auftritt.<\/div>\n<div class=\"schema-faq-section\" id=\"faq-question-1768742326111\">\n<h3 class=\"schema-faq-question\">Wie erzielst du einen auff\u00e4lligen und modernen Beauty-Look?<\/h3>\n<p class=\"schema-faq-answer\">Ein volumin\u00f6ser Afro mit Mittelscheitel, betonten roten Lippen und fedrigen Brauen schafft einen auff\u00e4lligen und modernen Look. Diese Kombination bringt Individualit\u00e4t zum Ausdruck und unterstreicht Selbstbewusstsein.<\/div>\n<div class=\"schema-faq-section\" id=\"faq-question-1768742326112\">\n<h3 class=\"schema-faq-question\">Mit welchem Styling erh\u00e4ltst du extra Glamour?<\/h3>\n<p class=\"schema-faq-answer\">Lange, gegl\u00e4ttete Haare in Kombination mit Smokey Eyes sorgen f\u00fcr extra Glamour. Dieses Styling wirkt edel und hebt deine Augen auff\u00e4llig hervor.<\/div>\n<div class=\"schema-faq-section\" id=\"faq-question-1768742326113\">\n<h3 class=\"schema-faq-question\">Welche Frisur setzt auf nat\u00fcrliche Akzente und Softness?<\/h3>\n<p class=\"schema-faq-answer\">Softe Z\u00f6pfe zusammen mit einem nat\u00fcrlichen Make-Up Look verleihen dir einen besonders nat\u00fcrlichen und soften Stil. Diese Kombination unterstreicht deine individuelle Sch\u00f6nheit auf dezente Weise.<\/div>\n<div class=\"schema-faq-section\" id=\"faq-question-1768742326114\">\n<h3 class=\"schema-faq-question\">Wie kannst du einen verspielten Look mit modernen Farbnuancen kreieren?<\/h3>\n<p class=\"schema-faq-answer\">Ein Low-Ponytail mit erdbeerblondem Balayage sorgt f\u00fcr einen verspielten Beauty-Look. Das Balayage setzt sanfte Farbakzente und bringt Frische in dein Styling.<\/div>\n<\/p><\/div>\n","protected":false},"excerpt":{"rendered":"<p>Amanda Seyfried Keep it old-fashioned. Amanda Seyfried strahlte in klassischem Hollywood-Look, mit Low-Bun und einem romantischen Seitenscheitel.\u00a0 Celeste Waite Rote Lippen, fedrige Brauen und ein volumin\u00f6ser Afro mit Mittelscheitel. Wir finden diesen Look cool und sophisticated.\u00a0 Reese Witherspoon Edel und stilvoll sahen wir bei Reese Witherspoon. Hier wurden Smokey Eyes mit\u00a0 langen gegl\u00e4tteten Haaren kombiniert. [&hellip;]<\/p>\n","protected":false},"author":3318,"featured_media":22928,"comment_status":"closed","ping_status":"closed","sticky":false,"template":"","format":"standard","meta":{"_acf_changed":false,"_yoast_wpseo_title":"Oscars 2021: Das waren Die Beauty-Highlights der Academy Awards - Treatwell","_yoast_wpseo_metadesc":"Kein Monat des Jahres ist aufregender, als wenn die Oscars stattfinden. Auch wenn die Oscars 2021 wegen der Korona-Krise zwei Monate versp\u00e4tet waren, gab es unz\u00e4hlige Beauty-Looks, von denen wir jetzt noch nachts tr\u00e4umen.","_genesis_hide_title":false,"_genesis_hide_breadcrumbs":false,"_genesis_hide_singular_image":false,"_genesis_hide_footer_widgets":false,"_genesis_custom_body_class":"","_genesis_custom_post_class":"","_genesis_layout":"","saswp_custom_schema_field":"{\"@context\":\"https:\/\/schema.org\",\"@type\":\"FAQPage\",\"mainEntity\":[{\"@type\":\"Question\",\"name\":\"Welcher Look wirkt besonders klassisch und elegant?\",\"acceptedAnswer\":{\"@type\":\"Answer\",\"text\":\"Der Look mit Low-Bun und romantischem Seitenscheitel wirkt besonders klassisch und elegant. Diese Frisur spiegelt den zeitlosen Hollywood-Charme wider und sorgt f\u00fcr einen stilvollen Auftritt.\"}},{\"@type\":\"Question\",\"name\":\"Wie erzielst du einen auff\u00e4lligen und modernen Beauty-Look?\",\"acceptedAnswer\":{\"@type\":\"Answer\",\"text\":\"Ein volumin\u00f6ser Afro mit Mittelscheitel, betonten roten Lippen und fedrigen Brauen schafft einen auff\u00e4lligen und modernen Look. Diese Kombination bringt Individualit\u00e4t zum Ausdruck und unterstreicht Selbstbewusstsein.\"}},{\"@type\":\"Question\",\"name\":\"Mit welchem Styling erh\u00e4ltst du extra Glamour?\",\"acceptedAnswer\":{\"@type\":\"Answer\",\"text\":\"Lange, gegl\u00e4ttete Haare in Kombination mit Smokey Eyes sorgen f\u00fcr extra Glamour. Dieses Styling wirkt edel und hebt deine Augen auff\u00e4llig hervor.\"}},{\"@type\":\"Question\",\"name\":\"Welche Frisur setzt auf nat\u00fcrliche Akzente und Softness?\",\"acceptedAnswer\":{\"@type\":\"Answer\",\"text\":\"Softe Z\u00f6pfe zusammen mit einem nat\u00fcrlichen Make-Up Look verleihen dir einen besonders nat\u00fcrlichen und soften Stil. Diese Kombination unterstreicht deine individuelle Sch\u00f6nheit auf dezente Weise.\"}},{\"@type\":\"Question\",\"name\":\"Wie kannst du einen verspielten Look mit modernen Farbnuancen kreieren?\",\"acceptedAnswer\":{\"@type\":\"Answer\",\"text\":\"Ein Low-Ponytail mit erdbeerblondem Balayage sorgt f\u00fcr einen verspielten Beauty-Look. Das Balayage setzt sanfte Farbakzente und bringt Frische in dein Styling.\"}}]}","footnotes":""},"categories":[134],"tags":[9,15],"class_list":{"0":"post-22926","1":"post","2":"type-post","3":"status-publish","4":"format-standard","5":"has-post-thumbnail","7":"category-editors-picks-long-form","8":"tag-tt6","9":"tag-tr212","10":"entry"},"acf":{"post_credits":"Bildrechte: Shutterstock","beauty_blog_post_button_title":"","beauty_blog_post_button":"","landscape_picture":22927,"blocks":null},"yoast_head":"<!-- This site is optimized with the Yoast SEO plugin v27.5 - https:\/\/yoast.com\/product\/yoast-seo-wordpress\/ -->\n<title>Oscars 2021: Das waren Die Beauty-Highlights der Academy Awards - Treatwell<\/title>\n<meta name=\"description\" content=\"Kein Monat des Jahres ist aufregender, als wenn die Oscars stattfinden. Auch wenn die Oscars 2021 wegen der Korona-Krise zwei Monate versp\u00e4tet waren, gab es unz\u00e4hlige Beauty-Looks, von denen wir jetzt noch nachts tr\u00e4umen.\" \/>\n<meta name=\"robots\" content=\"index, follow, max-snippet:-1, max-image-preview:large, max-video-preview:-1\" \/>\n<link rel=\"canonical\" href=\"https:\/\/www.treatwell.de/treatment-files\/oscars-2021-das-waren-die-beauty-highlights-der-academy-awards\/\" \/>\n<meta property=\"og:locale\" content=\"de_DE\" \/>\n<meta property=\"og:type\" content=\"article\" \/>\n<meta property=\"og:title\" content=\"Oscars 2021: Das waren Die Beauty-Highlights der Academy Awards - Treatwell\" \/>\n<meta property=\"og:description\" content=\"Kein Monat des Jahres ist aufregender, als wenn die Oscars stattfinden. Auch wenn die Oscars 2021 wegen der Korona-Krise zwei Monate versp\u00e4tet waren, gab es unz\u00e4hlige Beauty-Looks, von denen wir jetzt noch nachts tr\u00e4umen.\" \/>\n<meta property=\"og:url\" content=\"https:\/\/www.treatwell.de/treatment-files\/oscars-2021-das-waren-die-beauty-highlights-der-academy-awards\/\" \/>\n<meta property=\"og:site_name\" content=\"The Treatment Files Blog\" \/>\n<meta property=\"article:published_time\" content=\"2021-04-27T10:33:54+00:00\" \/>\n<meta property=\"article:modified_time\" content=\"2026-01-18T14:03:42+00:00\" \/>\n<meta property=\"og:image\" content=\"https:\/\/www.treatwell.de/treatment-files\/wp-content\/uploads\/sites\/7\/2022\/03\/Oscars-Featured.jpg\" \/>\n\t<meta property=\"og:image:width\" content=\"628\" \/>\n\t<meta property=\"og:image:height\" content=\"628\" \/>\n\t<meta property=\"og:image:type\" content=\"image\/jpeg\" \/>\n<meta name=\"author\" content=\"Isabella Tombinski-robb\" \/>\n<meta name=\"twitter:card\" content=\"summary_large_image\" \/>\n<meta name=\"twitter:label1\" content=\"Verfasst von\" \/>\n\t<meta name=\"twitter:data1\" content=\"Isabella Tombinski-robb\" \/>\n\t<meta name=\"twitter:label2\" content=\"Gesch\u00e4tzte Lesezeit\" \/>\n\t<meta name=\"twitter:data2\" content=\"2 Minuten\" \/>\n<script type=\"application\/ld+json\" class=\"yoast-schema-graph\">{\"@context\":\"https:\\\/\\\/schema.org\",\"@graph\":[{\"@type\":\"Article\",\"@id\":\"https:\\\/\\\/www.treatwell.de/treatment-files\\\/oscars-2021-das-waren-die-beauty-highlights-der-academy-awards\\\/#article\",\"isPartOf\":{\"@id\":\"https:\\\/\\\/www.treatwell.de/treatment-files\\\/oscars-2021-das-waren-die-beauty-highlights-der-academy-awards\\\/\"},\"author\":{\"name\":\"Isabella Tombinski-robb\",\"@id\":\"https:\\\/\\\/www.treatwell.de/treatment-files\\\/#\\\/schema\\\/person\\\/869d3f19bdf4203c8e6e97c64e1c3c8e\"},\"headline\":\"Oscars 2021: Das waren Die Beauty-Highlights der Academy Awards\",\"datePublished\":\"2021-04-27T10:33:54+00:00\",\"dateModified\":\"2026-01-18T14:03:42+00:00\",\"mainEntityOfPage\":{\"@id\":\"https:\\\/\\\/www.treatwell.de/treatment-files\\\/oscars-2021-das-waren-die-beauty-highlights-der-academy-awards\\\/\"},\"wordCount\":373,\"publisher\":{\"@id\":\"https:\\\/\\\/www.treatwell.de/treatment-files\\\/#organization\"},\"image\":{\"@id\":\"https:\\\/\\\/www.treatwell.de/treatment-files\\\/oscars-2021-das-waren-die-beauty-highlights-der-academy-awards\\\/#primaryimage\"},\"thumbnailUrl\":\"https:\\\/\\\/www.treatwell.de/treatment-files\\\/wp-content\\\/uploads\\\/sites\\\/7\\\/2022\\\/03\\\/Oscars-Featured.jpg\",\"keywords\":[\"Hair\",\"Makeup\"],\"articleSection\":[\"Editor's Picks Long-form\"],\"inLanguage\":\"de-DE\"},{\"@type\":\"WebPage\",\"@id\":\"https:\\\/\\\/www.treatwell.de/treatment-files\\\/oscars-2021-das-waren-die-beauty-highlights-der-academy-awards\\\/\",\"url\":\"https:\\\/\\\/www.treatwell.de/treatment-files\\\/oscars-2021-das-waren-die-beauty-highlights-der-academy-awards\\\/\",\"name\":\"Oscars 2021: Das waren Die Beauty-Highlights der Academy Awards - Treatwell\",\"isPartOf\":{\"@id\":\"https:\\\/\\\/www.treatwell.de/treatment-files\\\/#website\"},\"primaryImageOfPage\":{\"@id\":\"https:\\\/\\\/www.treatwell.de/treatment-files\\\/oscars-2021-das-waren-die-beauty-highlights-der-academy-awards\\\/#primaryimage\"},\"image\":{\"@id\":\"https:\\\/\\\/www.treatwell.de/treatment-files\\\/oscars-2021-das-waren-die-beauty-highlights-der-academy-awards\\\/#primaryimage\"},\"thumbnailUrl\":\"https:\\\/\\\/www.treatwell.de/treatment-files\\\/wp-content\\\/uploads\\\/sites\\\/7\\\/2022\\\/03\\\/Oscars-Featured.jpg\",\"datePublished\":\"2021-04-27T10:33:54+00:00\",\"dateModified\":\"2026-01-18T14:03:42+00:00\",\"description\":\"Kein Monat des Jahres ist aufregender, als wenn die Oscars stattfinden. Auch wenn die Oscars 2021 wegen der Korona-Krise zwei Monate versp\u00e4tet waren, gab es unz\u00e4hlige Beauty-Looks, von denen wir jetzt noch nachts tr\u00e4umen.\",\"breadcrumb\":{\"@id\":\"https:\\\/\\\/www.treatwell.de/treatment-files\\\/oscars-2021-das-waren-die-beauty-highlights-der-academy-awards\\\/#breadcrumb\"},\"inLanguage\":\"de-DE\",\"potentialAction\":[{\"@type\":\"ReadAction\",\"target\":[\"https:\\\/\\\/www.treatwell.de/treatment-files\\\/oscars-2021-das-waren-die-beauty-highlights-der-academy-awards\\\/\"]}]},{\"@type\":\"ImageObject\",\"inLanguage\":\"de-DE\",\"@id\":\"https:\\\/\\\/www.treatwell.de/treatment-files\\\/oscars-2021-das-waren-die-beauty-highlights-der-academy-awards\\\/#primaryimage\",\"url\":\"https:\\\/\\\/www.treatwell.de/treatment-files\\\/wp-content\\\/uploads\\\/sites\\\/7\\\/2022\\\/03\\\/Oscars-Featured.jpg\",\"contentUrl\":\"https:\\\/\\\/www.treatwell.de/treatment-files\\\/wp-content\\\/uploads\\\/sites\\\/7\\\/2022\\\/03\\\/Oscars-Featured.jpg\",\"width\":628,\"height\":628},{\"@type\":\"BreadcrumbList\",\"@id\":\"https:\\\/\\\/www.treatwell.de/treatment-files\\\/oscars-2021-das-waren-die-beauty-highlights-der-academy-awards\\\/#breadcrumb\",\"itemListElement\":[{\"@type\":\"ListItem\",\"position\":1,\"name\":\"Home\",\"item\":\"https:\\\/\\\/www.treatwell.de/treatment-files\\\/\"},{\"@type\":\"ListItem\",\"position\":2,\"name\":\"Editor's Picks Long-form\",\"item\":\"https:\\\/\\\/www.treatwell.de/treatment-files\\\/editors-picks-long-form\\\/\"},{\"@type\":\"ListItem\",\"position\":3,\"name\":\"Oscars 2021: Das waren Die Beauty-Highlights der Academy Awards\"}]},{\"@type\":\"WebSite\",\"@id\":\"https:\\\/\\\/www.treatwell.de/treatment-files\\\/#website\",\"url\":\"https:\\\/\\\/www.treatwell.de/treatment-files\\\/\",\"name\":\"The Treatment Files Blog\",\"description\":\"Beauty entdecken. Beauty erleben.\",\"publisher\":{\"@id\":\"https:\\\/\\\/www.treatwell.de/treatment-files\\\/#organization\"},\"potentialAction\":[{\"@type\":\"SearchAction\",\"target\":{\"@type\":\"EntryPoint\",\"urlTemplate\":\"https:\\\/\\\/www.treatwell.de/treatment-files\\\/?s={search_term_string}\"},\"query-input\":{\"@type\":\"PropertyValueSpecification\",\"valueRequired\":true,\"valueName\":\"search_term_string\"}}],\"inLanguage\":\"de-DE\"},{\"@type\":\"Organization\",\"@id\":\"https:\\\/\\\/www.treatwell.de/treatment-files\\\/#organization\",\"name\":\"Treatwell\",\"url\":\"https:\\\/\\\/www.treatwell.de/treatment-files\\\/\",\"logo\":{\"@type\":\"ImageObject\",\"inLanguage\":\"de-DE\",\"@id\":\"https:\\\/\\\/www.treatwell.de/treatment-files\\\/#\\\/schema\\\/logo\\\/image\\\/\",\"url\":\"https:\\\/\\\/www.treatwell.de/treatment-files\\\/wp-content\\\/uploads\\\/sites\\\/7\\\/2022\\\/03\\\/logo_treatwell.png\",\"contentUrl\":\"https:\\\/\\\/www.treatwell.de/treatment-files\\\/wp-content\\\/uploads\\\/sites\\\/7\\\/2022\\\/03\\\/logo_treatwell.png\",\"width\":889,\"height\":164,\"caption\":\"Treatwell\"},\"image\":{\"@id\":\"https:\\\/\\\/www.treatwell.de/treatment-files\\\/#\\\/schema\\\/logo\\\/image\\\/\"}},{\"@type\":\"Person\",\"@id\":\"https:\\\/\\\/www.treatwell.de/treatment-files\\\/#\\\/schema\\\/person\\\/869d3f19bdf4203c8e6e97c64e1c3c8e\",\"name\":\"Isabella Tombinski-robb\",\"image\":{\"@type\":\"ImageObject\",\"inLanguage\":\"de-DE\",\"@id\":\"https:\\\/\\\/secure.gravatar.com\\\/avatar\\\/624ce3bd6151d711f02c8c31549c8390027943dc1293e17bf28c136ce4288a80?s=96&d=mm&r=g\",\"url\":\"https:\\\/\\\/secure.gravatar.com\\\/avatar\\\/624ce3bd6151d711f02c8c31549c8390027943dc1293e17bf28c136ce4288a80?s=96&d=mm&r=g\",\"contentUrl\":\"https:\\\/\\\/secure.gravatar.com\\\/avatar\\\/624ce3bd6151d711f02c8c31549c8390027943dc1293e17bf28c136ce4288a80?s=96&d=mm&r=g\",\"caption\":\"Isabella Tombinski-robb\"},\"url\":\"https:\\\/\\\/www.treatwell.de/treatment-files\\\/author\\\/isabellatombinskirobb\\\/\"}]}<\/script>\n<!-- \/ Yoast SEO plugin. -->","yoast_head_json":{"title":"Oscars 2021: Das waren Die Beauty-Highlights der Academy Awards - Treatwell","description":"Kein Monat des Jahres ist aufregender, als wenn die Oscars stattfinden. Auch wenn die Oscars 2021 wegen der Korona-Krise zwei Monate versp\u00e4tet waren, gab es unz\u00e4hlige Beauty-Looks, von denen wir jetzt noch nachts tr\u00e4umen.","robots":{"index":"index","follow":"follow","max-snippet":"max-snippet:-1","max-image-preview":"max-image-preview:large","max-video-preview":"max-video-preview:-1"},"canonical":"https:\/\/www.treatwell.de/treatment-files\/oscars-2021-das-waren-die-beauty-highlights-der-academy-awards\/","og_locale":"de_DE","og_type":"article","og_title":"Oscars 2021: Das waren Die Beauty-Highlights der Academy Awards - Treatwell","og_description":"Kein Monat des Jahres ist aufregender, als wenn die Oscars stattfinden. Auch wenn die Oscars 2021 wegen der Korona-Krise zwei Monate versp\u00e4tet waren, gab es unz\u00e4hlige Beauty-Looks, von denen wir jetzt noch nachts tr\u00e4umen.","og_url":"https:\/\/www.treatwell.de/treatment-files\/oscars-2021-das-waren-die-beauty-highlights-der-academy-awards\/","og_site_name":"The Treatment Files Blog","article_published_time":"2021-04-27T10:33:54+00:00","article_modified_time":"2026-01-18T14:03:42+00:00","og_image":[{"width":628,"height":628,"url":"https:\/\/www.treatwell.de/treatment-files\/wp-content\/uploads\/sites\/7\/2022\/03\/Oscars-Featured.jpg","type":"image\/jpeg"}],"author":"Isabella Tombinski-robb","twitter_card":"summary_large_image","twitter_misc":{"Verfasst von":"Isabella Tombinski-robb","Gesch\u00e4tzte Lesezeit":"2 Minuten"},"schema":{"@context":"https:\/\/schema.org","@graph":[{"@type":"Article","@id":"https:\/\/www.treatwell.de/treatment-files\/oscars-2021-das-waren-die-beauty-highlights-der-academy-awards\/#article","isPartOf":{"@id":"https:\/\/www.treatwell.de/treatment-files\/oscars-2021-das-waren-die-beauty-highlights-der-academy-awards\/"},"author":{"name":"Isabella Tombinski-robb","@id":"https:\/\/www.treatwell.de/treatment-files\/#\/schema\/person\/869d3f19bdf4203c8e6e97c64e1c3c8e"},"headline":"Oscars 2021: Das waren Die Beauty-Highlights der Academy Awards","datePublished":"2021-04-27T10:33:54+00:00","dateModified":"2026-01-18T14:03:42+00:00","mainEntityOfPage":{"@id":"https:\/\/www.treatwell.de/treatment-files\/oscars-2021-das-waren-die-beauty-highlights-der-academy-awards\/"},"wordCount":373,"publisher":{"@id":"https:\/\/www.treatwell.de/treatment-files\/#organization"},"image":{"@id":"https:\/\/www.treatwell.de/treatment-files\/oscars-2021-das-waren-die-beauty-highlights-der-academy-awards\/#primaryimage"},"thumbnailUrl":"https:\/\/www.treatwell.de/treatment-files\/wp-content\/uploads\/sites\/7\/2022\/03\/Oscars-Featured.jpg","keywords":["Hair","Makeup"],"articleSection":["Editor's Picks Long-form"],"inLanguage":"de-DE"},{"@type":"WebPage","@id":"https:\/\/www.treatwell.de/treatment-files\/oscars-2021-das-waren-die-beauty-highlights-der-academy-awards\/","url":"https:\/\/www.treatwell.de/treatment-files\/oscars-2021-das-waren-die-beauty-highlights-der-academy-awards\/","name":"Oscars 2021: Das waren Die Beauty-Highlights der Academy Awards - Treatwell","isPartOf":{"@id":"https:\/\/www.treatwell.de/treatment-files\/#website"},"primaryImageOfPage":{"@id":"https:\/\/www.treatwell.de/treatment-files\/oscars-2021-das-waren-die-beauty-highlights-der-academy-awards\/#primaryimage"},"image":{"@id":"https:\/\/www.treatwell.de/treatment-files\/oscars-2021-das-waren-die-beauty-highlights-der-academy-awards\/#primaryimage"},"thumbnailUrl":"https:\/\/www.treatwell.de/treatment-files\/wp-content\/uploads\/sites\/7\/2022\/03\/Oscars-Featured.jpg","datePublished":"2021-04-27T10:33:54+00:00","dateModified":"2026-01-18T14:03:42+00:00","description":"Kein Monat des Jahres ist aufregender, als wenn die Oscars stattfinden. Auch wenn die Oscars 2021 wegen der Korona-Krise zwei Monate versp\u00e4tet waren, gab es unz\u00e4hlige Beauty-Looks, von denen wir jetzt noch nachts tr\u00e4umen.","breadcrumb":{"@id":"https:\/\/www.treatwell.de/treatment-files\/oscars-2021-das-waren-die-beauty-highlights-der-academy-awards\/#breadcrumb"},"inLanguage":"de-DE","potentialAction":[{"@type":"ReadAction","target":["https:\/\/www.treatwell.de/treatment-files\/oscars-2021-das-waren-die-beauty-highlights-der-academy-awards\/"]}]},{"@type":"ImageObject","inLanguage":"de-DE","@id":"https:\/\/www.treatwell.de/treatment-files\/oscars-2021-das-waren-die-beauty-highlights-der-academy-awards\/#primaryimage","url":"https:\/\/www.treatwell.de/treatment-files\/wp-content\/uploads\/sites\/7\/2022\/03\/Oscars-Featured.jpg","contentUrl":"https:\/\/www.treatwell.de/treatment-files\/wp-content\/uploads\/sites\/7\/2022\/03\/Oscars-Featured.jpg","width":628,"height":628},{"@type":"BreadcrumbList","@id":"https:\/\/www.treatwell.de/treatment-files\/oscars-2021-das-waren-die-beauty-highlights-der-academy-awards\/#breadcrumb","itemListElement":[{"@type":"ListItem","position":1,"name":"Home","item":"https:\/\/www.treatwell.de/treatment-files\/"},{"@type":"ListItem","position":2,"name":"Editor's Picks Long-form","item":"https:\/\/www.treatwell.de/treatment-files\/editors-picks-long-form\/"},{"@type":"ListItem","position":3,"name":"Oscars 2021: Das waren Die Beauty-Highlights der Academy Awards"}]},{"@type":"WebSite","@id":"https:\/\/www.treatwell.de/treatment-files\/#website","url":"https:\/\/www.treatwell.de/treatment-files\/","name":"The Treatment Files Blog","description":"Beauty entdecken. Beauty erleben.","publisher":{"@id":"https:\/\/www.treatwell.de/treatment-files\/#organization"},"potentialAction":[{"@type":"SearchAction","target":{"@type":"EntryPoint","urlTemplate":"https:\/\/www.treatwell.de/treatment-files\/?s={search_term_string}"},"query-input":{"@type":"PropertyValueSpecification","valueRequired":true,"valueName":"search_term_string"}}],"inLanguage":"de-DE"},{"@type":"Organization","@id":"https:\/\/www.treatwell.de/treatment-files\/#organization","name":"Treatwell","url":"https:\/\/www.treatwell.de/treatment-files\/","logo":{"@type":"ImageObject","inLanguage":"de-DE","@id":"https:\/\/www.treatwell.de/treatment-files\/#\/schema\/logo\/image\/","url":"https:\/\/www.treatwell.de/treatment-files\/wp-content\/uploads\/sites\/7\/2022\/03\/logo_treatwell.png","contentUrl":"https:\/\/www.treatwell.de/treatment-files\/wp-content\/uploads\/sites\/7\/2022\/03\/logo_treatwell.png","width":889,"height":164,"caption":"Treatwell"},"image":{"@id":"https:\/\/www.treatwell.de/treatment-files\/#\/schema\/logo\/image\/"}},{"@type":"Person","@id":"https:\/\/www.treatwell.de/treatment-files\/#\/schema\/person\/869d3f19bdf4203c8e6e97c64e1c3c8e","name":"Isabella Tombinski-robb","image":{"@type":"ImageObject","inLanguage":"de-DE","@id":"https:\/\/secure.gravatar.com\/avatar\/624ce3bd6151d711f02c8c31549c8390027943dc1293e17bf28c136ce4288a80?s=96&d=mm&r=g","url":"https:\/\/secure.gravatar.com\/avatar\/624ce3bd6151d711f02c8c31549c8390027943dc1293e17bf28c136ce4288a80?s=96&d=mm&r=g","contentUrl":"https:\/\/secure.gravatar.com\/avatar\/624ce3bd6151d711f02c8c31549c8390027943dc1293e17bf28c136ce4288a80?s=96&d=mm&r=g","caption":"Isabella Tombinski-robb"},"url":"https:\/\/www.treatwell.de/treatment-files\/author\/isabellatombinskirobb\/"}]}},"featured_image_src":"https:\/\/www.treatwell.de/treatment-files\/wp-content\/uploads\/sites\/7\/2022\/03\/Oscars-Featured-600x400.jpg","featured_image_src_square":"https:\/\/www.treatwell.de/treatment-files\/wp-content\/uploads\/sites\/7\/2022\/03\/Oscars-Featured-600x600.jpg","author_info":{"display_name":"Isabella Tombinski-robb","author_link":"https:\/\/www.treatwell.de/treatment-files\/author\/isabellatombinskirobb\/"},"_links":{"self":[{"href":"https:\/\/www.treatwell.de\/treatment-files\/wp-json\/wp\/v2\/posts\/22926","targetHints":{"allow":["GET"]}}],"collection":[{"href":"https:\/\/www.treatwell.de\/treatment-files\/wp-json\/wp\/v2\/posts"}],"about":[{"href":"https:\/\/www.treatwell.de\/treatment-files\/wp-json\/wp\/v2\/types\/post"}],"author":[{"embeddable":true,"href":"https:\/\/www.treatwell.de\/treatment-files\/wp-json\/wp\/v2\/users\/3318"}],"replies":[{"embeddable":true,"href":"https:\/\/www.treatwell.de\/treatment-files\/wp-json\/wp\/v2\/comments?post=22926"}],"version-history":[{"count":0,"href":"https:\/\/www.treatwell.de\/treatment-files\/wp-json\/wp\/v2\/posts\/22926\/revisions"}],"wp:featuredmedia":[{"embeddable":true,"href":"https:\/\/www.treatwell.de\/treatment-files\/wp-json\/wp\/v2\/media\/22928"}],"wp:attachment":[{"href":"https:\/\/www.treatwell.de\/treatment-files\/wp-json\/wp\/v2\/media?parent=22926"}],"wp:term":[{"taxonomy":"category","embeddable":true,"href":"https:\/\/www.treatwell.de\/treatment-files\/wp-json\/wp\/v2\/categories?post=22926"},{"taxonomy":"post_tag","embeddable":true,"href":"https:\/\/www.treatwell.de\/treatment-files\/wp-json\/wp\/v2\/tags?post=22926"}],"curies":[{"name":"wp","href":"https:\/\/api.w.org\/{rel}","templated":true}]}}