{"id":22314,"date":"2020-10-02T07:00:21","date_gmt":"2020-10-02T05:00:21","guid":{"rendered":"https:\/\/www.treatwell.de\/treatment-files\/?p=21963"},"modified":"2026-01-18T15:02:41","modified_gmt":"2026-01-18T14:02:41","slug":"die-schoensten-manikuere-trends-fuer-den-herbst-2020","status":"publish","type":"post","link":"https:\/\/www.treatwell.de/treatment-files\/die-schoensten-manikuere-trends-fuer-den-herbst-2020\/","title":{"rendered":"Die sch\u00f6nsten Manik\u00fcre-Trends f\u00fcr den Herbst 2020"},"content":{"rendered":"<p style=\"text-align: justify\"><span style=\"font-weight: 400\">Vielleicht liegt es daran, dass wir den ersten Teil des Jahres so schnell wie m\u00f6glich hinter uns lassen wollen, aber irgendwie f\u00fchlt sich der Herbstbeginn dieses Mal etwas aufregender an. Klar stehen wir alle auf den Sommer, aber ein goldener Herbst hat definitiv auch was! Und wenn bei dir jetzt direkt ein \u201cN\u00f6\u201d im Kopf aufploppt, haben wir die sch\u00f6nste Manik\u00fcre-Inspo f\u00fcr dich rausgesucht, damit du vielleicht doch noch in Herbst-Laune kommst.<\/span><\/p>\n<p style=\"text-align: justify\"><span style=\"font-weight: 400\">Im Sommer haben die <\/span><a href=\"https:\/\/www.treatwell.de\/treatment-files\/half-dipped-nails\/\"><span style=\"font-weight: 400\">Half Dipped Nails ganz Instagram<\/span><\/a><span style=\"font-weight: 400\"> okkupiert. Und der Herbst? Beh\u00e4lt den Geist der Originalit\u00e4t einfach bei: Eine Farbe reicht uns nicht mehr. Senfgelb, Oranget\u00f6ne, Rostrot, erdige Pastell- und dunkle Gr\u00fcnt\u00f6ne. Die Jahreszeit, in der die Bl\u00e4tter fallen, spiegelt sich ganz klar auf unseren N\u00e4geln wieder.\u00a0<\/span><\/p>\n<p style=\"text-align: justify\"><span style=\"font-weight: 400\">Hier also die sch\u00f6nsten Mani-Trends, die wir auftreiben konnten. Bewundern, ausw\u00e4hlen und buchen!<\/span><\/p>\n<div class=\"schema-faq wp-block-yoast-faq-block\">\n<div class=\"schema-faq-section\" id=\"faq-question-1768742621019\">\n<h3 class=\"schema-faq-question\">Welche Nagelfarben wirken im Herbst besonders angesagt?<\/h3>\n<p class=\"schema-faq-answer\">Im Herbst wirken Senfgelb, Oranget\u00f6ne, Rostrot, erdige Pastellt\u00f6ne und dunkle Gr\u00fcnt\u00f6ne besonders angesagt. Diese Farbt\u00f6ne spiegeln die bunte Vielfalt der fallenden Bl\u00e4tter wider und sorgen f\u00fcr Styling-Inspiration auf deinen N\u00e4geln.<\/div>\n<div class=\"schema-faq-section\" id=\"faq-question-1768742621020\">\n<h3 class=\"schema-faq-question\">Was verbirgt sich hinter den aktuellen Mani-Trends f\u00fcr den Herbst?<\/h3>\n<p class=\"schema-faq-answer\">Die aktuellen Mani-Trends im Herbst setzen auf Originalit\u00e4t und Vielfalt bei der Farbauswahl. Statt nur einer Farbe stehen mehrere Nuancen im Mittelpunkt, was deinen Look individueller und kreativer wirken l\u00e4sst.<\/div>\n<div class=\"schema-faq-section\" id=\"faq-question-1768742621021\">\n<h3 class=\"schema-faq-question\">Wie kannst du dich mit Manik\u00fcre auf den Herbst einstimmen?<\/h3>\n<p class=\"schema-faq-answer\">Mit einer herbstlichen Manik\u00fcre wirkst du sofort in Herbst-Laune versetzt. W\u00e4hle Farben, die zur goldenen Saison passen und verschiedene T\u00f6ne auf deinen N\u00e4geln vereinen, um die besonderen Stimmungen und Farbspiele des Herbstes aufzugreifen.<\/div>\n<div class=\"schema-faq-section\" id=\"faq-question-1768742621022\">\n<h3 class=\"schema-faq-question\">Wann lohnt sich eine Nail-Art Inspiration besonders?<\/h3>\n<p class=\"schema-faq-answer\">Nail-Art Inspiration lohnt sich besonders, wenn du einen neuen Saisonstart zelebrieren oder dein Styling auffrischen m\u00f6chtest. Gerade bei Jahreszeitenwechseln wirken aktuelle Farben und Designtrends besonders auff\u00e4llig und passen optimal zu deinem Look.<\/div>\n<\/p><\/div>\n","protected":false},"excerpt":{"rendered":"<p>Vielleicht liegt es daran, dass wir den ersten Teil des Jahres so schnell wie m\u00f6glich hinter uns lassen wollen, aber irgendwie f\u00fchlt sich der Herbstbeginn dieses Mal etwas aufregender an. Klar stehen wir alle auf den Sommer, aber ein goldener Herbst hat definitiv auch was! Und wenn bei dir jetzt direkt ein \u201cN\u00f6\u201d im Kopf [&hellip;]<\/p>\n","protected":false},"author":3290,"featured_media":22339,"comment_status":"closed","ping_status":"closed","sticky":false,"template":"","format":"standard","meta":{"_acf_changed":false,"_yoast_wpseo_title":"Die sch\u00f6nsten Manik\u00fcre-Trends f\u00fcr den Herbst 2020 - Treatwell","_yoast_wpseo_metadesc":"Im Sommer haben die Half Dipped Nails ganz Instagram okkupiert. Und der Geist der Originalit\u00e4t bleibt: Das sind die Manik\u00fcre-Trends f\u00fcr den Herbst 2020!","_genesis_hide_title":false,"_genesis_hide_breadcrumbs":false,"_genesis_hide_singular_image":false,"_genesis_hide_footer_widgets":false,"_genesis_custom_body_class":"","_genesis_custom_post_class":"","_genesis_layout":"","saswp_custom_schema_field":"{\"@context\":\"https:\/\/schema.org\",\"@type\":\"FAQPage\",\"mainEntity\":[{\"@type\":\"Question\",\"name\":\"Welche Nagelfarben wirken im Herbst besonders angesagt?\",\"acceptedAnswer\":{\"@type\":\"Answer\",\"text\":\"Im Herbst wirken Senfgelb, Oranget\u00f6ne, Rostrot, erdige Pastellt\u00f6ne und dunkle Gr\u00fcnt\u00f6ne besonders angesagt. Diese Farbt\u00f6ne spiegeln die bunte Vielfalt der fallenden Bl\u00e4tter wider und sorgen f\u00fcr Styling-Inspiration auf deinen N\u00e4geln.\"}},{\"@type\":\"Question\",\"name\":\"Was verbirgt sich hinter den aktuellen Mani-Trends f\u00fcr den Herbst?\",\"acceptedAnswer\":{\"@type\":\"Answer\",\"text\":\"Die aktuellen Mani-Trends im Herbst setzen auf Originalit\u00e4t und Vielfalt bei der Farbauswahl. Statt nur einer Farbe stehen mehrere Nuancen im Mittelpunkt, was deinen Look individueller und kreativer wirken l\u00e4sst.\"}},{\"@type\":\"Question\",\"name\":\"Wie kannst du dich mit Manik\u00fcre auf den Herbst einstimmen?\",\"acceptedAnswer\":{\"@type\":\"Answer\",\"text\":\"Mit einer herbstlichen Manik\u00fcre wirkst du sofort in Herbst-Laune versetzt. W\u00e4hle Farben, die zur goldenen Saison passen und verschiedene T\u00f6ne auf deinen N\u00e4geln vereinen, um die besonderen Stimmungen und Farbspiele des Herbstes aufzugreifen.\"}},{\"@type\":\"Question\",\"name\":\"Wann lohnt sich eine Nail-Art Inspiration besonders?\",\"acceptedAnswer\":{\"@type\":\"Answer\",\"text\":\"Nail-Art Inspiration lohnt sich besonders, wenn du einen neuen Saisonstart zelebrieren oder dein Styling auffrischen m\u00f6chtest. Gerade bei Jahreszeitenwechseln wirken aktuelle Farben und Designtrends besonders auff\u00e4llig und passen optimal zu deinem Look.\"}}]}","footnotes":""},"categories":[2],"tags":[25,7,16,54,61],"class_list":{"0":"post-22314","1":"post","2":"type-post","3":"status-publish","4":"format-standard","5":"has-post-thumbnail","7":"category-trends","8":"tag-tr540","9":"tag-tr81","10":"tag-tr578","11":"tag-tr248","12":"tag-tr595","13":"entry"},"acf":{"post_credits":"Bildrechte: @_nailgirlshae, @amie_nail.n, @anouknailedit, @beautiful_soul_beauty, @citron_sugar, @copyandpastels, @earth_kodairanail, @harrietwestmoreland, @keonailbarofficial, @megs_nails_los, @nafsalon, @selfish_london, @thelittlebeautyroomuk","beauty_blog_post_button_title":"Hol's dir","beauty_blog_post_button":"https:\/\/www.treatwell.de\/orte\/behandlung-manikuere\/angebot-typ-lokal\/ext-in-162801\/","landscape_picture":22338,"blocks":[{"block_title":"","block_content":"","video_content":"","block_picture":22315},{"block_title":"","block_content":"","video_content":"","block_picture":22316},{"block_title":"","block_content":"","video_content":"","block_picture":22317},{"block_title":"","block_content":"","video_content":"","block_picture":22318},{"block_title":"","block_content":"","video_content":"","block_picture":22319},{"block_title":"","block_content":"","video_content":"","block_picture":22320},{"block_title":"","block_content":"","video_content":"","block_picture":22321},{"block_title":"","block_content":"","video_content":"","block_picture":22322},{"block_title":"","block_content":"","video_content":"","block_picture":22323},{"block_title":"","block_content":"","video_content":"","block_picture":22324},{"block_title":"","block_content":"","video_content":"","block_picture":22325},{"block_title":"","block_content":"","video_content":"","block_picture":22326},{"block_title":"","block_content":"","video_content":"","block_picture":22327},{"block_title":"","block_content":"","video_content":"","block_picture":22328},{"block_title":"","block_content":"","video_content":"","block_picture":22329},{"block_title":"","block_content":"","video_content":"","block_picture":22330},{"block_title":"","block_content":"","video_content":"","block_picture":22331},{"block_title":"","block_content":"","video_content":"","block_picture":22332},{"block_title":"","block_content":"","video_content":"","block_picture":22333},{"block_title":"","block_content":"","video_content":"","block_picture":22334},{"block_title":"","block_content":"","video_content":"","block_picture":22335},{"block_title":"","block_content":"","video_content":"","block_picture":22336},{"block_title":"","block_content":"","video_content":"","block_picture":22337}]},"yoast_head":"<!-- This site is optimized with the Yoast SEO plugin v27.5 - https:\/\/yoast.com\/product\/yoast-seo-wordpress\/ -->\n<title>Die sch\u00f6nsten Manik\u00fcre-Trends f\u00fcr den Herbst 2020 - Treatwell<\/title>\n<meta name=\"description\" content=\"Im Sommer haben die Half Dipped Nails ganz Instagram okkupiert. Und der Geist der Originalit\u00e4t bleibt: Das sind die Manik\u00fcre-Trends f\u00fcr den Herbst 2020!\" \/>\n<meta name=\"robots\" content=\"index, follow, max-snippet:-1, max-image-preview:large, max-video-preview:-1\" \/>\n<link rel=\"canonical\" href=\"https:\/\/www.treatwell.de/treatment-files\/die-schoensten-manikuere-trends-fuer-den-herbst-2020\/\" \/>\n<meta property=\"og:locale\" content=\"de_DE\" \/>\n<meta property=\"og:type\" content=\"article\" \/>\n<meta property=\"og:title\" content=\"Die sch\u00f6nsten Manik\u00fcre-Trends f\u00fcr den Herbst 2020 - Treatwell\" \/>\n<meta property=\"og:description\" content=\"Im Sommer haben die Half Dipped Nails ganz Instagram okkupiert. Und der Geist der Originalit\u00e4t bleibt: Das sind die Manik\u00fcre-Trends f\u00fcr den Herbst 2020!\" \/>\n<meta property=\"og:url\" content=\"https:\/\/www.treatwell.de/treatment-files\/die-schoensten-manikuere-trends-fuer-den-herbst-2020\/\" \/>\n<meta property=\"og:site_name\" content=\"The Treatment Files Blog\" \/>\n<meta property=\"article:published_time\" content=\"2020-10-02T05:00:21+00:00\" \/>\n<meta property=\"article:modified_time\" content=\"2026-01-18T14:02:41+00:00\" \/>\n<meta property=\"og:image\" content=\"https:\/\/www.treatwell.de/treatment-files\/wp-content\/uploads\/sites\/7\/2022\/03\/Maniku\u0308re-Herbst-2020_FEATURED.jpg\" \/>\n\t<meta property=\"og:image:width\" content=\"628\" \/>\n\t<meta property=\"og:image:height\" content=\"628\" \/>\n\t<meta property=\"og:image:type\" content=\"image\/jpeg\" \/>\n<meta name=\"twitter:card\" content=\"summary_large_image\" \/>\n<meta name=\"twitter:label1\" content=\"Verfasst von\" \/>\n\t<meta name=\"twitter:data1\" content=\"\" \/>\n\t<meta name=\"twitter:label2\" content=\"Gesch\u00e4tzte Lesezeit\" \/>\n\t<meta name=\"twitter:data2\" content=\"2 Minuten\" \/>\n<script type=\"application\/ld+json\" class=\"yoast-schema-graph\">{\"@context\":\"https:\\\/\\\/schema.org\",\"@graph\":[{\"@type\":\"Article\",\"@id\":\"https:\\\/\\\/www.treatwell.de/treatment-files\\\/die-schoensten-manikuere-trends-fuer-den-herbst-2020\\\/#article\",\"isPartOf\":{\"@id\":\"https:\\\/\\\/www.treatwell.de/treatment-files\\\/die-schoensten-manikuere-trends-fuer-den-herbst-2020\\\/\"},\"author\":{\"name\":\"\",\"@id\":\"\"},\"headline\":\"Die sch\u00f6nsten Manik\u00fcre-Trends f\u00fcr den Herbst 2020\",\"datePublished\":\"2020-10-02T05:00:21+00:00\",\"dateModified\":\"2026-01-18T14:02:41+00:00\",\"mainEntityOfPage\":{\"@id\":\"https:\\\/\\\/www.treatwell.de/treatment-files\\\/die-schoensten-manikuere-trends-fuer-den-herbst-2020\\\/\"},\"wordCount\":334,\"publisher\":{\"@id\":\"https:\\\/\\\/www.treatwell.de/treatment-files\\\/#organization\"},\"image\":{\"@id\":\"https:\\\/\\\/www.treatwell.de/treatment-files\\\/die-schoensten-manikuere-trends-fuer-den-herbst-2020\\\/#primaryimage\"},\"thumbnailUrl\":\"https:\\\/\\\/www.treatwell.de/treatment-files\\\/wp-content\\\/uploads\\\/sites\\\/7\\\/2022\\\/03\\\/Maniku\u0308re-Herbst-2020_FEATURED.jpg\",\"keywords\":[\"Gel Nails\",\"Manicure\",\"Nail Art\",\"Nail Extensions &amp; Overlays\",\"Two Week Manicure\"],\"articleSection\":[\"Trends\"],\"inLanguage\":\"de-DE\"},{\"@type\":\"WebPage\",\"@id\":\"https:\\\/\\\/www.treatwell.de/treatment-files\\\/die-schoensten-manikuere-trends-fuer-den-herbst-2020\\\/\",\"url\":\"https:\\\/\\\/www.treatwell.de/treatment-files\\\/die-schoensten-manikuere-trends-fuer-den-herbst-2020\\\/\",\"name\":\"Die sch\u00f6nsten Manik\u00fcre-Trends f\u00fcr den Herbst 2020 - Treatwell\",\"isPartOf\":{\"@id\":\"https:\\\/\\\/www.treatwell.de/treatment-files\\\/#website\"},\"primaryImageOfPage\":{\"@id\":\"https:\\\/\\\/www.treatwell.de/treatment-files\\\/die-schoensten-manikuere-trends-fuer-den-herbst-2020\\\/#primaryimage\"},\"image\":{\"@id\":\"https:\\\/\\\/www.treatwell.de/treatment-files\\\/die-schoensten-manikuere-trends-fuer-den-herbst-2020\\\/#primaryimage\"},\"thumbnailUrl\":\"https:\\\/\\\/www.treatwell.de/treatment-files\\\/wp-content\\\/uploads\\\/sites\\\/7\\\/2022\\\/03\\\/Maniku\u0308re-Herbst-2020_FEATURED.jpg\",\"datePublished\":\"2020-10-02T05:00:21+00:00\",\"dateModified\":\"2026-01-18T14:02:41+00:00\",\"description\":\"Im Sommer haben die Half Dipped Nails ganz Instagram okkupiert. Und der Geist der Originalit\u00e4t bleibt: Das sind die Manik\u00fcre-Trends f\u00fcr den Herbst 2020!\",\"breadcrumb\":{\"@id\":\"https:\\\/\\\/www.treatwell.de/treatment-files\\\/die-schoensten-manikuere-trends-fuer-den-herbst-2020\\\/#breadcrumb\"},\"inLanguage\":\"de-DE\",\"potentialAction\":[{\"@type\":\"ReadAction\",\"target\":[\"https:\\\/\\\/www.treatwell.de/treatment-files\\\/die-schoensten-manikuere-trends-fuer-den-herbst-2020\\\/\"]}]},{\"@type\":\"ImageObject\",\"inLanguage\":\"de-DE\",\"@id\":\"https:\\\/\\\/www.treatwell.de/treatment-files\\\/die-schoensten-manikuere-trends-fuer-den-herbst-2020\\\/#primaryimage\",\"url\":\"https:\\\/\\\/www.treatwell.de/treatment-files\\\/wp-content\\\/uploads\\\/sites\\\/7\\\/2022\\\/03\\\/Maniku\u0308re-Herbst-2020_FEATURED.jpg\",\"contentUrl\":\"https:\\\/\\\/www.treatwell.de/treatment-files\\\/wp-content\\\/uploads\\\/sites\\\/7\\\/2022\\\/03\\\/Maniku\u0308re-Herbst-2020_FEATURED.jpg\",\"width\":628,\"height\":628},{\"@type\":\"BreadcrumbList\",\"@id\":\"https:\\\/\\\/www.treatwell.de/treatment-files\\\/die-schoensten-manikuere-trends-fuer-den-herbst-2020\\\/#breadcrumb\",\"itemListElement\":[{\"@type\":\"ListItem\",\"position\":1,\"name\":\"Home\",\"item\":\"https:\\\/\\\/www.treatwell.de/treatment-files\\\/\"},{\"@type\":\"ListItem\",\"position\":2,\"name\":\"Trends\",\"item\":\"https:\\\/\\\/www.treatwell.de/treatment-files\\\/trends\\\/\"},{\"@type\":\"ListItem\",\"position\":3,\"name\":\"Die sch\u00f6nsten Manik\u00fcre-Trends f\u00fcr den Herbst 2020\"}]},{\"@type\":\"WebSite\",\"@id\":\"https:\\\/\\\/www.treatwell.de/treatment-files\\\/#website\",\"url\":\"https:\\\/\\\/www.treatwell.de/treatment-files\\\/\",\"name\":\"The Treatment Files Blog\",\"description\":\"Beauty entdecken. Beauty erleben.\",\"publisher\":{\"@id\":\"https:\\\/\\\/www.treatwell.de/treatment-files\\\/#organization\"},\"potentialAction\":[{\"@type\":\"SearchAction\",\"target\":{\"@type\":\"EntryPoint\",\"urlTemplate\":\"https:\\\/\\\/www.treatwell.de/treatment-files\\\/?s={search_term_string}\"},\"query-input\":{\"@type\":\"PropertyValueSpecification\",\"valueRequired\":true,\"valueName\":\"search_term_string\"}}],\"inLanguage\":\"de-DE\"},{\"@type\":\"Organization\",\"@id\":\"https:\\\/\\\/www.treatwell.de/treatment-files\\\/#organization\",\"name\":\"Treatwell\",\"url\":\"https:\\\/\\\/www.treatwell.de/treatment-files\\\/\",\"logo\":{\"@type\":\"ImageObject\",\"inLanguage\":\"de-DE\",\"@id\":\"https:\\\/\\\/www.treatwell.de/treatment-files\\\/#\\\/schema\\\/logo\\\/image\\\/\",\"url\":\"https:\\\/\\\/www.treatwell.de/treatment-files\\\/wp-content\\\/uploads\\\/sites\\\/7\\\/2022\\\/03\\\/logo_treatwell.png\",\"contentUrl\":\"https:\\\/\\\/www.treatwell.de/treatment-files\\\/wp-content\\\/uploads\\\/sites\\\/7\\\/2022\\\/03\\\/logo_treatwell.png\",\"width\":889,\"height\":164,\"caption\":\"Treatwell\"},\"image\":{\"@id\":\"https:\\\/\\\/www.treatwell.de/treatment-files\\\/#\\\/schema\\\/logo\\\/image\\\/\"}},{\"@type\":\"Person\",\"@id\":\"\",\"url\":\"https:\\\/\\\/www.treatwell.de/treatment-files\\\/author\\\/\"}]}<\/script>\n<!-- \/ Yoast SEO plugin. -->","yoast_head_json":{"title":"Die sch\u00f6nsten Manik\u00fcre-Trends f\u00fcr den Herbst 2020 - Treatwell","description":"Im Sommer haben die Half Dipped Nails ganz Instagram okkupiert. Und der Geist der Originalit\u00e4t bleibt: Das sind die Manik\u00fcre-Trends f\u00fcr den Herbst 2020!","robots":{"index":"index","follow":"follow","max-snippet":"max-snippet:-1","max-image-preview":"max-image-preview:large","max-video-preview":"max-video-preview:-1"},"canonical":"https:\/\/www.treatwell.de/treatment-files\/die-schoensten-manikuere-trends-fuer-den-herbst-2020\/","og_locale":"de_DE","og_type":"article","og_title":"Die sch\u00f6nsten Manik\u00fcre-Trends f\u00fcr den Herbst 2020 - Treatwell","og_description":"Im Sommer haben die Half Dipped Nails ganz Instagram okkupiert. Und der Geist der Originalit\u00e4t bleibt: Das sind die Manik\u00fcre-Trends f\u00fcr den Herbst 2020!","og_url":"https:\/\/www.treatwell.de/treatment-files\/die-schoensten-manikuere-trends-fuer-den-herbst-2020\/","og_site_name":"The Treatment Files Blog","article_published_time":"2020-10-02T05:00:21+00:00","article_modified_time":"2026-01-18T14:02:41+00:00","og_image":[{"width":628,"height":628,"url":"https:\/\/www.treatwell.de/treatment-files\/wp-content\/uploads\/sites\/7\/2022\/03\/Maniku\u0308re-Herbst-2020_FEATURED.jpg","type":"image\/jpeg"}],"twitter_card":"summary_large_image","twitter_misc":{"Verfasst von":"","Gesch\u00e4tzte Lesezeit":"2 Minuten"},"schema":{"@context":"https:\/\/schema.org","@graph":[{"@type":"Article","@id":"https:\/\/www.treatwell.de/treatment-files\/die-schoensten-manikuere-trends-fuer-den-herbst-2020\/#article","isPartOf":{"@id":"https:\/\/www.treatwell.de/treatment-files\/die-schoensten-manikuere-trends-fuer-den-herbst-2020\/"},"author":{"name":"","@id":""},"headline":"Die sch\u00f6nsten Manik\u00fcre-Trends f\u00fcr den Herbst 2020","datePublished":"2020-10-02T05:00:21+00:00","dateModified":"2026-01-18T14:02:41+00:00","mainEntityOfPage":{"@id":"https:\/\/www.treatwell.de/treatment-files\/die-schoensten-manikuere-trends-fuer-den-herbst-2020\/"},"wordCount":334,"publisher":{"@id":"https:\/\/www.treatwell.de/treatment-files\/#organization"},"image":{"@id":"https:\/\/www.treatwell.de/treatment-files\/die-schoensten-manikuere-trends-fuer-den-herbst-2020\/#primaryimage"},"thumbnailUrl":"https:\/\/www.treatwell.de/treatment-files\/wp-content\/uploads\/sites\/7\/2022\/03\/Maniku\u0308re-Herbst-2020_FEATURED.jpg","keywords":["Gel Nails","Manicure","Nail Art","Nail Extensions &amp; Overlays","Two Week Manicure"],"articleSection":["Trends"],"inLanguage":"de-DE"},{"@type":"WebPage","@id":"https:\/\/www.treatwell.de/treatment-files\/die-schoensten-manikuere-trends-fuer-den-herbst-2020\/","url":"https:\/\/www.treatwell.de/treatment-files\/die-schoensten-manikuere-trends-fuer-den-herbst-2020\/","name":"Die sch\u00f6nsten Manik\u00fcre-Trends f\u00fcr den Herbst 2020 - Treatwell","isPartOf":{"@id":"https:\/\/www.treatwell.de/treatment-files\/#website"},"primaryImageOfPage":{"@id":"https:\/\/www.treatwell.de/treatment-files\/die-schoensten-manikuere-trends-fuer-den-herbst-2020\/#primaryimage"},"image":{"@id":"https:\/\/www.treatwell.de/treatment-files\/die-schoensten-manikuere-trends-fuer-den-herbst-2020\/#primaryimage"},"thumbnailUrl":"https:\/\/www.treatwell.de/treatment-files\/wp-content\/uploads\/sites\/7\/2022\/03\/Maniku\u0308re-Herbst-2020_FEATURED.jpg","datePublished":"2020-10-02T05:00:21+00:00","dateModified":"2026-01-18T14:02:41+00:00","description":"Im Sommer haben die Half Dipped Nails ganz Instagram okkupiert. Und der Geist der Originalit\u00e4t bleibt: Das sind die Manik\u00fcre-Trends f\u00fcr den Herbst 2020!","breadcrumb":{"@id":"https:\/\/www.treatwell.de/treatment-files\/die-schoensten-manikuere-trends-fuer-den-herbst-2020\/#breadcrumb"},"inLanguage":"de-DE","potentialAction":[{"@type":"ReadAction","target":["https:\/\/www.treatwell.de/treatment-files\/die-schoensten-manikuere-trends-fuer-den-herbst-2020\/"]}]},{"@type":"ImageObject","inLanguage":"de-DE","@id":"https:\/\/www.treatwell.de/treatment-files\/die-schoensten-manikuere-trends-fuer-den-herbst-2020\/#primaryimage","url":"https:\/\/www.treatwell.de/treatment-files\/wp-content\/uploads\/sites\/7\/2022\/03\/Maniku\u0308re-Herbst-2020_FEATURED.jpg","contentUrl":"https:\/\/www.treatwell.de/treatment-files\/wp-content\/uploads\/sites\/7\/2022\/03\/Maniku\u0308re-Herbst-2020_FEATURED.jpg","width":628,"height":628},{"@type":"BreadcrumbList","@id":"https:\/\/www.treatwell.de/treatment-files\/die-schoensten-manikuere-trends-fuer-den-herbst-2020\/#breadcrumb","itemListElement":[{"@type":"ListItem","position":1,"name":"Home","item":"https:\/\/www.treatwell.de/treatment-files\/"},{"@type":"ListItem","position":2,"name":"Trends","item":"https:\/\/www.treatwell.de/treatment-files\/trends\/"},{"@type":"ListItem","position":3,"name":"Die sch\u00f6nsten Manik\u00fcre-Trends f\u00fcr den Herbst 2020"}]},{"@type":"WebSite","@id":"https:\/\/www.treatwell.de/treatment-files\/#website","url":"https:\/\/www.treatwell.de/treatment-files\/","name":"The Treatment Files Blog","description":"Beauty entdecken. Beauty erleben.","publisher":{"@id":"https:\/\/www.treatwell.de/treatment-files\/#organization"},"potentialAction":[{"@type":"SearchAction","target":{"@type":"EntryPoint","urlTemplate":"https:\/\/www.treatwell.de/treatment-files\/?s={search_term_string}"},"query-input":{"@type":"PropertyValueSpecification","valueRequired":true,"valueName":"search_term_string"}}],"inLanguage":"de-DE"},{"@type":"Organization","@id":"https:\/\/www.treatwell.de/treatment-files\/#organization","name":"Treatwell","url":"https:\/\/www.treatwell.de/treatment-files\/","logo":{"@type":"ImageObject","inLanguage":"de-DE","@id":"https:\/\/www.treatwell.de/treatment-files\/#\/schema\/logo\/image\/","url":"https:\/\/www.treatwell.de/treatment-files\/wp-content\/uploads\/sites\/7\/2022\/03\/logo_treatwell.png","contentUrl":"https:\/\/www.treatwell.de/treatment-files\/wp-content\/uploads\/sites\/7\/2022\/03\/logo_treatwell.png","width":889,"height":164,"caption":"Treatwell"},"image":{"@id":"https:\/\/www.treatwell.de/treatment-files\/#\/schema\/logo\/image\/"}},{"@type":"Person","@id":"","url":"https:\/\/www.treatwell.de/treatment-files\/author\/"}]}},"featured_image_src":"https:\/\/www.treatwell.de/treatment-files\/wp-content\/uploads\/sites\/7\/2022\/03\/Maniku\u0308re-Herbst-2020_FEATURED-600x400.jpg","featured_image_src_square":"https:\/\/www.treatwell.de/treatment-files\/wp-content\/uploads\/sites\/7\/2022\/03\/Maniku\u0308re-Herbst-2020_FEATURED-600x600.jpg","author_info":{"display_name":"","author_link":"https:\/\/www.treatwell.de/treatment-files\/author\/"},"_links":{"self":[{"href":"https:\/\/www.treatwell.de\/treatment-files\/wp-json\/wp\/v2\/posts\/22314","targetHints":{"allow":["GET"]}}],"collection":[{"href":"https:\/\/www.treatwell.de\/treatment-files\/wp-json\/wp\/v2\/posts"}],"about":[{"href":"https:\/\/www.treatwell.de\/treatment-files\/wp-json\/wp\/v2\/types\/post"}],"author":[{"embeddable":true,"href":"https:\/\/www.treatwell.de\/treatment-files\/wp-json\/wp\/v2\/users\/3290"}],"replies":[{"embeddable":true,"href":"https:\/\/www.treatwell.de\/treatment-files\/wp-json\/wp\/v2\/comments?post=22314"}],"version-history":[{"count":0,"href":"https:\/\/www.treatwell.de\/treatment-files\/wp-json\/wp\/v2\/posts\/22314\/revisions"}],"wp:featuredmedia":[{"embeddable":true,"href":"https:\/\/www.treatwell.de\/treatment-files\/wp-json\/wp\/v2\/media\/22339"}],"wp:attachment":[{"href":"https:\/\/www.treatwell.de\/treatment-files\/wp-json\/wp\/v2\/media?parent=22314"}],"wp:term":[{"taxonomy":"category","embeddable":true,"href":"https:\/\/www.treatwell.de\/treatment-files\/wp-json\/wp\/v2\/categories?post=22314"},{"taxonomy":"post_tag","embeddable":true,"href":"https:\/\/www.treatwell.de\/treatment-files\/wp-json\/wp\/v2\/tags?post=22314"}],"curies":[{"name":"wp","href":"https:\/\/api.w.org\/{rel}","templated":true}]}}