{"id":22159,"date":"2020-08-25T08:20:40","date_gmt":"2020-08-25T06:20:40","guid":{"rendered":"https:\/\/www.treatwell.de\/treatment-files\/?p=21472"},"modified":"2026-01-18T15:02:29","modified_gmt":"2026-01-18T14:02:29","slug":"last-call-frisuren-fuer-den-spaetsommer","status":"publish","type":"post","link":"https:\/\/www.treatwell.de/treatment-files\/last-call-frisuren-fuer-den-spaetsommer\/","title":{"rendered":"Last Call: Frisuren f\u00fcr den Sp\u00e4tsommer"},"content":{"rendered":"<p style=\"text-align: justify\"><span style=\"font-weight: 400\">So langsam l\u00e4sst die Hitze zwar etwas nach, dennoch w\u00e4rmt langes Haar noch mal on top. Fast jeden Morgen binden wir schon vollautomatisch unsere Haare zusammen oder stecken sie hoch, damit Gesicht, Nacken und Schultern frei sind. Pferdeschwanz und Dutt bedienen den Zweck, nach einigen Wochen sehnen wir uns aber vielleicht nach etwas Originellerem, ohne dass es zu einer komplizierten Angelegenheit wird.<\/span><\/p>\n<p style=\"text-align: justify\"><span style=\"font-weight: 400\">Die gute Nachricht: Ein bisschen Haarschmuck und 5 Minuten reichen schon aus, um etwas Neues auszuprobieren! Der Satinschal f\u00fcr einen <a href=\"https:\/\/www.treatwell.de\/treatment-files\/bowl-cut\/\">Retro-Look<\/a>, Haarspangen und geflochtene Z\u00f6pfe f\u00fcr den 90s-Vibe, ein niedriger, eleganter Dutt f\u00fcr eine einfache, aber raffinierte Frisur, gekr\u00f6nt mit einem Scrunchie&#8230;<\/span><\/p>\n<p style=\"text-align: justify\"><span style=\"font-weight: 400\">Lass dich von diesen 20 Ideen inspirieren, um doch noch die letzten Sommertage und -abende zu feiern!<\/span><\/p>\n<p style=\"text-align: justify\">\n<div class=\"schema-faq wp-block-yoast-faq-block\">\n<div class=\"schema-faq-section\" id=\"faq-question-1768742670743\">\n<h3 class=\"schema-faq-question\">Wie kannst du dein langes Haar einfach und schnell ver\u00e4ndern?<\/h3>\n<p class=\"schema-faq-answer\">Mit Haarschmuck und 5 Minuten Zeit gelingt dir eine neue Frisur ganz unkompliziert. Ein Satinschal, Haarspangen oder geflochtene Z\u00f6pfe sorgen schon f\u00fcr einen frischen Look \u2013 ideal, wenn du Abwechslung suchst, ohne gro\u00dfen Aufwand.<\/div>\n<div class=\"schema-faq-section\" id=\"faq-question-1768742670744\">\n<h3 class=\"schema-faq-question\">Welche Frisuren bringen im Sp\u00e4tsommer Abwechslung f\u00fcr langes Haar?<\/h3>\n<p class=\"schema-faq-answer\">Geflochtene Z\u00f6pfe, der niedrige Dutt und der Retro-Look mit Satinschal machen dein Styling vielseitig. Diese Optionen wirken originell und lassen sich in wenigen Minuten umsetzen, sodass du auch an warmen Tagen Gesicht und Nacken frei hast.<\/div>\n<div class=\"schema-faq-section\" id=\"faq-question-1768742670745\">\n<h3 class=\"schema-faq-question\">Wie setzt du Haarschmuck f\u00fcr einen neuen Look ein?<\/h3>\n<p class=\"schema-faq-answer\">Mit einfachen Accessoires wie Haarspangen, Scrunchie oder Satinschal ver\u00e4nderst du dein Styling sofort. Haarschmuck betont deine Pers\u00f6nlichkeit und macht aus klassischen Frisuren wie Pferdeschwanz oder Dutt einen echten Hingucker.<\/div>\n<div class=\"schema-faq-section\" id=\"faq-question-1768742670746\">\n<h3 class=\"schema-faq-question\">Wann eignet sich ein eleganter Dutt besonders gut?<\/h3>\n<p class=\"schema-faq-answer\">Ein niedriger, eleganter Dutt wirkt immer modern und zur\u00fcckhaltend chic. Diese Frisur eignet sich sowohl f\u00fcr den Alltag als auch f\u00fcr besondere Anl\u00e4sse \u2013 besonders praktisch, wenn du schnell einen aufger\u00e4umten, gepflegten Eindruck machen m\u00f6chtest.<\/div>\n<div class=\"schema-faq-section\" id=\"faq-question-1768742670747\">\n<h3 class=\"schema-faq-question\">Warum greifen viele im Sommer zu Pferdeschwanz und Dutt?<\/h3>\n<p class=\"schema-faq-answer\">Pferdeschwanz und Dutt sorgen f\u00fcr freie Gesichtsz\u00fcge sowie k\u00fchlen Nacken und Schultern. Gerade an w\u00e4rmeren Tagen schaffst du so mehr Komfort und startest entspannt in den Tag, ohne dass das Styling zu aufwendig wird.<\/div>\n<\/p><\/div>\n","protected":false},"excerpt":{"rendered":"<p>So langsam l\u00e4sst die Hitze zwar etwas nach, dennoch w\u00e4rmt langes Haar noch mal on top. Fast jeden Morgen binden wir schon vollautomatisch unsere Haare zusammen oder stecken sie hoch, damit Gesicht, Nacken und Schultern frei sind. Pferdeschwanz und Dutt bedienen den Zweck, nach einigen Wochen sehnen wir uns aber vielleicht nach etwas Originellerem, ohne [&hellip;]<\/p>\n","protected":false},"author":3290,"featured_media":22181,"comment_status":"closed","ping_status":"closed","sticky":false,"template":"","format":"standard","meta":{"_acf_changed":false,"_yoast_wpseo_title":"Last Call: Frisuren f\u00fcr den Sp\u00e4tsommer - Treatwell","_yoast_wpseo_metadesc":"Vielleicht sehnst du dich nach einigen Wochen nach etwas Originellerem, ohne dass es zu kompliziert wird: Hier sind die Frisuren f\u00fcr den Sp\u00e4tsommer.","_genesis_hide_title":false,"_genesis_hide_breadcrumbs":false,"_genesis_hide_singular_image":false,"_genesis_hide_footer_widgets":false,"_genesis_custom_body_class":"","_genesis_custom_post_class":"","_genesis_layout":"","saswp_custom_schema_field":"{\"@context\":\"https:\/\/schema.org\",\"@type\":\"FAQPage\",\"mainEntity\":[{\"@type\":\"Question\",\"name\":\"Wie kannst du dein langes Haar einfach und schnell ver\u00e4ndern?\",\"acceptedAnswer\":{\"@type\":\"Answer\",\"text\":\"Mit Haarschmuck und 5 Minuten Zeit gelingt dir eine neue Frisur ganz unkompliziert. Ein Satinschal, Haarspangen oder geflochtene Z\u00f6pfe sorgen schon f\u00fcr einen frischen Look \u2013 ideal, wenn du Abwechslung suchst, ohne gro\u00dfen Aufwand.\"}},{\"@type\":\"Question\",\"name\":\"Welche Frisuren bringen im Sp\u00e4tsommer Abwechslung f\u00fcr langes Haar?\",\"acceptedAnswer\":{\"@type\":\"Answer\",\"text\":\"Geflochtene Z\u00f6pfe, der niedrige Dutt und der Retro-Look mit Satinschal machen dein Styling vielseitig. Diese Optionen wirken originell und lassen sich in wenigen Minuten umsetzen, sodass du auch an warmen Tagen Gesicht und Nacken frei hast.\"}},{\"@type\":\"Question\",\"name\":\"Wie setzt du Haarschmuck f\u00fcr einen neuen Look ein?\",\"acceptedAnswer\":{\"@type\":\"Answer\",\"text\":\"Mit einfachen Accessoires wie Haarspangen, Scrunchie oder Satinschal ver\u00e4nderst du dein Styling sofort. Haarschmuck betont deine Pers\u00f6nlichkeit und macht aus klassischen Frisuren wie Pferdeschwanz oder Dutt einen echten Hingucker.\"}},{\"@type\":\"Question\",\"name\":\"Wann eignet sich ein eleganter Dutt besonders gut?\",\"acceptedAnswer\":{\"@type\":\"Answer\",\"text\":\"Ein niedriger, eleganter Dutt wirkt immer modern und zur\u00fcckhaltend chic. Diese Frisur eignet sich sowohl f\u00fcr den Alltag als auch f\u00fcr besondere Anl\u00e4sse \u2013 besonders praktisch, wenn du schnell einen aufger\u00e4umten, gepflegten Eindruck machen m\u00f6chtest.\"}},{\"@type\":\"Question\",\"name\":\"Warum greifen viele im Sommer zu Pferdeschwanz und Dutt?\",\"acceptedAnswer\":{\"@type\":\"Answer\",\"text\":\"Pferdeschwanz und Dutt sorgen f\u00fcr freie Gesichtsz\u00fcge sowie k\u00fchlen Nacken und Schultern. Gerade an w\u00e4rmeren Tagen schaffst du so mehr Komfort und startest entspannt in den Tag, ohne dass das Styling zu aufwendig wird.\"}}]}","footnotes":""},"categories":[2],"tags":[9,41,13,56,59],"class_list":{"0":"post-22159","1":"post","2":"type-post","3":"status-publish","4":"format-standard","5":"has-post-thumbnail","7":"category-trends","8":"tag-tt6","9":"tag-tr484","10":"tag-tr732","11":"tag-tr721","12":"tag-tr389","13":"entry"},"acf":{"post_credits":"Bildrechte: HERO - Laura De Meo\/Shutterstock, @theextensionroom, @pati.rhair, @natalie.yerger, @malinvernvik, @lvcilex, @londisgoods, @juliesjohannessen, @curlswithpurpose, @chloe_georgina, @cannoisesurmesure, @ariana.arrivillaga, @aliceandthehair, @amaka.hamelijnck","beauty_blog_post_button_title":"","beauty_blog_post_button":"","landscape_picture":22180,"blocks":[{"block_title":"","block_content":"","video_content":"","block_picture":22160},{"block_title":"","block_content":"","video_content":"","block_picture":22161},{"block_title":"","block_content":"","video_content":"","block_picture":22162},{"block_title":"","block_content":"","video_content":"","block_picture":22163},{"block_title":"","block_content":"","video_content":"","block_picture":22164},{"block_title":"","block_content":"","video_content":"","block_picture":22165},{"block_title":"","block_content":"","video_content":"","block_picture":22166},{"block_title":"","block_content":"","video_content":"","block_picture":22167},{"block_title":"","block_content":"","video_content":"","block_picture":22168},{"block_title":"","block_content":"","video_content":"","block_picture":22169},{"block_title":"","block_content":"","video_content":"","block_picture":22170},{"block_title":"","block_content":"","video_content":"","block_picture":22171},{"block_title":"","block_content":"","video_content":"","block_picture":22172},{"block_title":"","block_content":"","video_content":"","block_picture":22173},{"block_title":"","block_content":"","video_content":"","block_picture":22174},{"block_title":"","block_content":"","video_content":"","block_picture":22175},{"block_title":"","block_content":"","video_content":"","block_picture":22176},{"block_title":"","block_content":"","video_content":"","block_picture":22177},{"block_title":"","block_content":"","video_content":"","block_picture":22178},{"block_title":"","block_content":"","video_content":"","block_picture":22179}]},"yoast_head":"<!-- This site is optimized with the Yoast SEO plugin v27.5 - https:\/\/yoast.com\/product\/yoast-seo-wordpress\/ -->\n<title>Last Call: Frisuren f\u00fcr den Sp\u00e4tsommer - Treatwell<\/title>\n<meta name=\"description\" content=\"Vielleicht sehnst du dich nach einigen Wochen nach etwas Originellerem, ohne dass es zu kompliziert wird: Hier sind die Frisuren f\u00fcr den Sp\u00e4tsommer.\" \/>\n<meta name=\"robots\" content=\"index, follow, max-snippet:-1, max-image-preview:large, max-video-preview:-1\" \/>\n<link rel=\"canonical\" href=\"https:\/\/www.treatwell.de/treatment-files\/last-call-frisuren-fuer-den-spaetsommer\/\" \/>\n<meta property=\"og:locale\" content=\"de_DE\" \/>\n<meta property=\"og:type\" content=\"article\" \/>\n<meta property=\"og:title\" content=\"Last Call: Frisuren f\u00fcr den Sp\u00e4tsommer - Treatwell\" \/>\n<meta property=\"og:description\" content=\"Vielleicht sehnst du dich nach einigen Wochen nach etwas Originellerem, ohne dass es zu kompliziert wird: Hier sind die Frisuren f\u00fcr den Sp\u00e4tsommer.\" \/>\n<meta property=\"og:url\" content=\"https:\/\/www.treatwell.de/treatment-files\/last-call-frisuren-fuer-den-spaetsommer\/\" \/>\n<meta property=\"og:site_name\" content=\"The Treatment Files Blog\" \/>\n<meta property=\"article:published_time\" content=\"2020-08-25T06:20:40+00:00\" \/>\n<meta property=\"article:modified_time\" content=\"2026-01-18T14:02:29+00:00\" \/>\n<meta property=\"og:image\" content=\"https:\/\/www.treatwell.de/treatment-files\/wp-content\/uploads\/sites\/7\/2022\/03\/Sommerfrisuren_FEATURED-min.jpg\" \/>\n\t<meta property=\"og:image:width\" content=\"628\" \/>\n\t<meta property=\"og:image:height\" content=\"628\" \/>\n\t<meta property=\"og:image:type\" content=\"image\/jpeg\" \/>\n<meta name=\"twitter:card\" content=\"summary_large_image\" \/>\n<meta name=\"twitter:label1\" content=\"Verfasst von\" \/>\n\t<meta name=\"twitter:data1\" content=\"\" \/>\n\t<meta name=\"twitter:label2\" content=\"Gesch\u00e4tzte Lesezeit\" \/>\n\t<meta name=\"twitter:data2\" content=\"2 Minuten\" \/>\n<script type=\"application\/ld+json\" class=\"yoast-schema-graph\">{\"@context\":\"https:\\\/\\\/schema.org\",\"@graph\":[{\"@type\":\"Article\",\"@id\":\"https:\\\/\\\/www.treatwell.de/treatment-files\\\/last-call-frisuren-fuer-den-spaetsommer\\\/#article\",\"isPartOf\":{\"@id\":\"https:\\\/\\\/www.treatwell.de/treatment-files\\\/last-call-frisuren-fuer-den-spaetsommer\\\/\"},\"author\":{\"name\":\"\",\"@id\":\"\"},\"headline\":\"Last Call: Frisuren f\u00fcr den Sp\u00e4tsommer\",\"datePublished\":\"2020-08-25T06:20:40+00:00\",\"dateModified\":\"2026-01-18T14:02:29+00:00\",\"mainEntityOfPage\":{\"@id\":\"https:\\\/\\\/www.treatwell.de/treatment-files\\\/last-call-frisuren-fuer-den-spaetsommer\\\/\"},\"wordCount\":364,\"publisher\":{\"@id\":\"https:\\\/\\\/www.treatwell.de/treatment-files\\\/#organization\"},\"image\":{\"@id\":\"https:\\\/\\\/www.treatwell.de/treatment-files\\\/last-call-frisuren-fuer-den-spaetsommer\\\/#primaryimage\"},\"thumbnailUrl\":\"https:\\\/\\\/www.treatwell.de/treatment-files\\\/wp-content\\\/uploads\\\/sites\\\/7\\\/2022\\\/03\\\/Sommerfrisuren_FEATURED-min.jpg\",\"keywords\":[\"Hair\",\"Hair Consulting\",\"Hair Salon Extras\",\"Hair Up\",\"Styling\"],\"articleSection\":[\"Trends\"],\"inLanguage\":\"de-DE\"},{\"@type\":\"WebPage\",\"@id\":\"https:\\\/\\\/www.treatwell.de/treatment-files\\\/last-call-frisuren-fuer-den-spaetsommer\\\/\",\"url\":\"https:\\\/\\\/www.treatwell.de/treatment-files\\\/last-call-frisuren-fuer-den-spaetsommer\\\/\",\"name\":\"Last Call: Frisuren f\u00fcr den Sp\u00e4tsommer - Treatwell\",\"isPartOf\":{\"@id\":\"https:\\\/\\\/www.treatwell.de/treatment-files\\\/#website\"},\"primaryImageOfPage\":{\"@id\":\"https:\\\/\\\/www.treatwell.de/treatment-files\\\/last-call-frisuren-fuer-den-spaetsommer\\\/#primaryimage\"},\"image\":{\"@id\":\"https:\\\/\\\/www.treatwell.de/treatment-files\\\/last-call-frisuren-fuer-den-spaetsommer\\\/#primaryimage\"},\"thumbnailUrl\":\"https:\\\/\\\/www.treatwell.de/treatment-files\\\/wp-content\\\/uploads\\\/sites\\\/7\\\/2022\\\/03\\\/Sommerfrisuren_FEATURED-min.jpg\",\"datePublished\":\"2020-08-25T06:20:40+00:00\",\"dateModified\":\"2026-01-18T14:02:29+00:00\",\"description\":\"Vielleicht sehnst du dich nach einigen Wochen nach etwas Originellerem, ohne dass es zu kompliziert wird: Hier sind die Frisuren f\u00fcr den Sp\u00e4tsommer.\",\"breadcrumb\":{\"@id\":\"https:\\\/\\\/www.treatwell.de/treatment-files\\\/last-call-frisuren-fuer-den-spaetsommer\\\/#breadcrumb\"},\"inLanguage\":\"de-DE\",\"potentialAction\":[{\"@type\":\"ReadAction\",\"target\":[\"https:\\\/\\\/www.treatwell.de/treatment-files\\\/last-call-frisuren-fuer-den-spaetsommer\\\/\"]}]},{\"@type\":\"ImageObject\",\"inLanguage\":\"de-DE\",\"@id\":\"https:\\\/\\\/www.treatwell.de/treatment-files\\\/last-call-frisuren-fuer-den-spaetsommer\\\/#primaryimage\",\"url\":\"https:\\\/\\\/www.treatwell.de/treatment-files\\\/wp-content\\\/uploads\\\/sites\\\/7\\\/2022\\\/03\\\/Sommerfrisuren_FEATURED-min.jpg\",\"contentUrl\":\"https:\\\/\\\/www.treatwell.de/treatment-files\\\/wp-content\\\/uploads\\\/sites\\\/7\\\/2022\\\/03\\\/Sommerfrisuren_FEATURED-min.jpg\",\"width\":628,\"height\":628},{\"@type\":\"BreadcrumbList\",\"@id\":\"https:\\\/\\\/www.treatwell.de/treatment-files\\\/last-call-frisuren-fuer-den-spaetsommer\\\/#breadcrumb\",\"itemListElement\":[{\"@type\":\"ListItem\",\"position\":1,\"name\":\"Home\",\"item\":\"https:\\\/\\\/www.treatwell.de/treatment-files\\\/\"},{\"@type\":\"ListItem\",\"position\":2,\"name\":\"Trends\",\"item\":\"https:\\\/\\\/www.treatwell.de/treatment-files\\\/trends\\\/\"},{\"@type\":\"ListItem\",\"position\":3,\"name\":\"Last Call: Frisuren f\u00fcr den Sp\u00e4tsommer\"}]},{\"@type\":\"WebSite\",\"@id\":\"https:\\\/\\\/www.treatwell.de/treatment-files\\\/#website\",\"url\":\"https:\\\/\\\/www.treatwell.de/treatment-files\\\/\",\"name\":\"The Treatment Files Blog\",\"description\":\"Beauty entdecken. Beauty erleben.\",\"publisher\":{\"@id\":\"https:\\\/\\\/www.treatwell.de/treatment-files\\\/#organization\"},\"potentialAction\":[{\"@type\":\"SearchAction\",\"target\":{\"@type\":\"EntryPoint\",\"urlTemplate\":\"https:\\\/\\\/www.treatwell.de/treatment-files\\\/?s={search_term_string}\"},\"query-input\":{\"@type\":\"PropertyValueSpecification\",\"valueRequired\":true,\"valueName\":\"search_term_string\"}}],\"inLanguage\":\"de-DE\"},{\"@type\":\"Organization\",\"@id\":\"https:\\\/\\\/www.treatwell.de/treatment-files\\\/#organization\",\"name\":\"Treatwell\",\"url\":\"https:\\\/\\\/www.treatwell.de/treatment-files\\\/\",\"logo\":{\"@type\":\"ImageObject\",\"inLanguage\":\"de-DE\",\"@id\":\"https:\\\/\\\/www.treatwell.de/treatment-files\\\/#\\\/schema\\\/logo\\\/image\\\/\",\"url\":\"https:\\\/\\\/www.treatwell.de/treatment-files\\\/wp-content\\\/uploads\\\/sites\\\/7\\\/2022\\\/03\\\/logo_treatwell.png\",\"contentUrl\":\"https:\\\/\\\/www.treatwell.de/treatment-files\\\/wp-content\\\/uploads\\\/sites\\\/7\\\/2022\\\/03\\\/logo_treatwell.png\",\"width\":889,\"height\":164,\"caption\":\"Treatwell\"},\"image\":{\"@id\":\"https:\\\/\\\/www.treatwell.de/treatment-files\\\/#\\\/schema\\\/logo\\\/image\\\/\"}},{\"@type\":\"Person\",\"@id\":\"\",\"url\":\"https:\\\/\\\/www.treatwell.de/treatment-files\\\/author\\\/\"}]}<\/script>\n<!-- \/ Yoast SEO plugin. -->","yoast_head_json":{"title":"Last Call: Frisuren f\u00fcr den Sp\u00e4tsommer - Treatwell","description":"Vielleicht sehnst du dich nach einigen Wochen nach etwas Originellerem, ohne dass es zu kompliziert wird: Hier sind die Frisuren f\u00fcr den Sp\u00e4tsommer.","robots":{"index":"index","follow":"follow","max-snippet":"max-snippet:-1","max-image-preview":"max-image-preview:large","max-video-preview":"max-video-preview:-1"},"canonical":"https:\/\/www.treatwell.de/treatment-files\/last-call-frisuren-fuer-den-spaetsommer\/","og_locale":"de_DE","og_type":"article","og_title":"Last Call: Frisuren f\u00fcr den Sp\u00e4tsommer - Treatwell","og_description":"Vielleicht sehnst du dich nach einigen Wochen nach etwas Originellerem, ohne dass es zu kompliziert wird: Hier sind die Frisuren f\u00fcr den Sp\u00e4tsommer.","og_url":"https:\/\/www.treatwell.de/treatment-files\/last-call-frisuren-fuer-den-spaetsommer\/","og_site_name":"The Treatment Files Blog","article_published_time":"2020-08-25T06:20:40+00:00","article_modified_time":"2026-01-18T14:02:29+00:00","og_image":[{"width":628,"height":628,"url":"https:\/\/www.treatwell.de/treatment-files\/wp-content\/uploads\/sites\/7\/2022\/03\/Sommerfrisuren_FEATURED-min.jpg","type":"image\/jpeg"}],"twitter_card":"summary_large_image","twitter_misc":{"Verfasst von":"","Gesch\u00e4tzte Lesezeit":"2 Minuten"},"schema":{"@context":"https:\/\/schema.org","@graph":[{"@type":"Article","@id":"https:\/\/www.treatwell.de/treatment-files\/last-call-frisuren-fuer-den-spaetsommer\/#article","isPartOf":{"@id":"https:\/\/www.treatwell.de/treatment-files\/last-call-frisuren-fuer-den-spaetsommer\/"},"author":{"name":"","@id":""},"headline":"Last Call: Frisuren f\u00fcr den Sp\u00e4tsommer","datePublished":"2020-08-25T06:20:40+00:00","dateModified":"2026-01-18T14:02:29+00:00","mainEntityOfPage":{"@id":"https:\/\/www.treatwell.de/treatment-files\/last-call-frisuren-fuer-den-spaetsommer\/"},"wordCount":364,"publisher":{"@id":"https:\/\/www.treatwell.de/treatment-files\/#organization"},"image":{"@id":"https:\/\/www.treatwell.de/treatment-files\/last-call-frisuren-fuer-den-spaetsommer\/#primaryimage"},"thumbnailUrl":"https:\/\/www.treatwell.de/treatment-files\/wp-content\/uploads\/sites\/7\/2022\/03\/Sommerfrisuren_FEATURED-min.jpg","keywords":["Hair","Hair Consulting","Hair Salon Extras","Hair Up","Styling"],"articleSection":["Trends"],"inLanguage":"de-DE"},{"@type":"WebPage","@id":"https:\/\/www.treatwell.de/treatment-files\/last-call-frisuren-fuer-den-spaetsommer\/","url":"https:\/\/www.treatwell.de/treatment-files\/last-call-frisuren-fuer-den-spaetsommer\/","name":"Last Call: Frisuren f\u00fcr den Sp\u00e4tsommer - Treatwell","isPartOf":{"@id":"https:\/\/www.treatwell.de/treatment-files\/#website"},"primaryImageOfPage":{"@id":"https:\/\/www.treatwell.de/treatment-files\/last-call-frisuren-fuer-den-spaetsommer\/#primaryimage"},"image":{"@id":"https:\/\/www.treatwell.de/treatment-files\/last-call-frisuren-fuer-den-spaetsommer\/#primaryimage"},"thumbnailUrl":"https:\/\/www.treatwell.de/treatment-files\/wp-content\/uploads\/sites\/7\/2022\/03\/Sommerfrisuren_FEATURED-min.jpg","datePublished":"2020-08-25T06:20:40+00:00","dateModified":"2026-01-18T14:02:29+00:00","description":"Vielleicht sehnst du dich nach einigen Wochen nach etwas Originellerem, ohne dass es zu kompliziert wird: Hier sind die Frisuren f\u00fcr den Sp\u00e4tsommer.","breadcrumb":{"@id":"https:\/\/www.treatwell.de/treatment-files\/last-call-frisuren-fuer-den-spaetsommer\/#breadcrumb"},"inLanguage":"de-DE","potentialAction":[{"@type":"ReadAction","target":["https:\/\/www.treatwell.de/treatment-files\/last-call-frisuren-fuer-den-spaetsommer\/"]}]},{"@type":"ImageObject","inLanguage":"de-DE","@id":"https:\/\/www.treatwell.de/treatment-files\/last-call-frisuren-fuer-den-spaetsommer\/#primaryimage","url":"https:\/\/www.treatwell.de/treatment-files\/wp-content\/uploads\/sites\/7\/2022\/03\/Sommerfrisuren_FEATURED-min.jpg","contentUrl":"https:\/\/www.treatwell.de/treatment-files\/wp-content\/uploads\/sites\/7\/2022\/03\/Sommerfrisuren_FEATURED-min.jpg","width":628,"height":628},{"@type":"BreadcrumbList","@id":"https:\/\/www.treatwell.de/treatment-files\/last-call-frisuren-fuer-den-spaetsommer\/#breadcrumb","itemListElement":[{"@type":"ListItem","position":1,"name":"Home","item":"https:\/\/www.treatwell.de/treatment-files\/"},{"@type":"ListItem","position":2,"name":"Trends","item":"https:\/\/www.treatwell.de/treatment-files\/trends\/"},{"@type":"ListItem","position":3,"name":"Last Call: Frisuren f\u00fcr den Sp\u00e4tsommer"}]},{"@type":"WebSite","@id":"https:\/\/www.treatwell.de/treatment-files\/#website","url":"https:\/\/www.treatwell.de/treatment-files\/","name":"The Treatment Files Blog","description":"Beauty entdecken. Beauty erleben.","publisher":{"@id":"https:\/\/www.treatwell.de/treatment-files\/#organization"},"potentialAction":[{"@type":"SearchAction","target":{"@type":"EntryPoint","urlTemplate":"https:\/\/www.treatwell.de/treatment-files\/?s={search_term_string}"},"query-input":{"@type":"PropertyValueSpecification","valueRequired":true,"valueName":"search_term_string"}}],"inLanguage":"de-DE"},{"@type":"Organization","@id":"https:\/\/www.treatwell.de/treatment-files\/#organization","name":"Treatwell","url":"https:\/\/www.treatwell.de/treatment-files\/","logo":{"@type":"ImageObject","inLanguage":"de-DE","@id":"https:\/\/www.treatwell.de/treatment-files\/#\/schema\/logo\/image\/","url":"https:\/\/www.treatwell.de/treatment-files\/wp-content\/uploads\/sites\/7\/2022\/03\/logo_treatwell.png","contentUrl":"https:\/\/www.treatwell.de/treatment-files\/wp-content\/uploads\/sites\/7\/2022\/03\/logo_treatwell.png","width":889,"height":164,"caption":"Treatwell"},"image":{"@id":"https:\/\/www.treatwell.de/treatment-files\/#\/schema\/logo\/image\/"}},{"@type":"Person","@id":"","url":"https:\/\/www.treatwell.de/treatment-files\/author\/"}]}},"featured_image_src":"https:\/\/www.treatwell.de/treatment-files\/wp-content\/uploads\/sites\/7\/2022\/03\/Sommerfrisuren_FEATURED-min-600x400.jpg","featured_image_src_square":"https:\/\/www.treatwell.de/treatment-files\/wp-content\/uploads\/sites\/7\/2022\/03\/Sommerfrisuren_FEATURED-min-600x600.jpg","author_info":{"display_name":"","author_link":"https:\/\/www.treatwell.de/treatment-files\/author\/"},"_links":{"self":[{"href":"https:\/\/www.treatwell.de\/treatment-files\/wp-json\/wp\/v2\/posts\/22159","targetHints":{"allow":["GET"]}}],"collection":[{"href":"https:\/\/www.treatwell.de\/treatment-files\/wp-json\/wp\/v2\/posts"}],"about":[{"href":"https:\/\/www.treatwell.de\/treatment-files\/wp-json\/wp\/v2\/types\/post"}],"author":[{"embeddable":true,"href":"https:\/\/www.treatwell.de\/treatment-files\/wp-json\/wp\/v2\/users\/3290"}],"replies":[{"embeddable":true,"href":"https:\/\/www.treatwell.de\/treatment-files\/wp-json\/wp\/v2\/comments?post=22159"}],"version-history":[{"count":0,"href":"https:\/\/www.treatwell.de\/treatment-files\/wp-json\/wp\/v2\/posts\/22159\/revisions"}],"wp:featuredmedia":[{"embeddable":true,"href":"https:\/\/www.treatwell.de\/treatment-files\/wp-json\/wp\/v2\/media\/22181"}],"wp:attachment":[{"href":"https:\/\/www.treatwell.de\/treatment-files\/wp-json\/wp\/v2\/media?parent=22159"}],"wp:term":[{"taxonomy":"category","embeddable":true,"href":"https:\/\/www.treatwell.de\/treatment-files\/wp-json\/wp\/v2\/categories?post=22159"},{"taxonomy":"post_tag","embeddable":true,"href":"https:\/\/www.treatwell.de\/treatment-files\/wp-json\/wp\/v2\/tags?post=22159"}],"curies":[{"name":"wp","href":"https:\/\/api.w.org\/{rel}","templated":true}]}}