{"id":21989,"date":"2020-07-17T09:09:12","date_gmt":"2020-07-17T07:09:12","guid":{"rendered":"https:\/\/www.treatwell.de\/treatment-files\/?p=20994"},"modified":"2026-01-18T15:02:11","modified_gmt":"2026-01-18T14:02:11","slug":"die-telefonistinnen-und-die-frisur-dieses-sommers","status":"publish","type":"post","link":"https:\/\/www.treatwell.de/treatment-files\/die-telefonistinnen-und-die-frisur-dieses-sommers\/","title":{"rendered":"Die Telefonistinnen \u2013 und die Frisur dieses Sommers"},"content":{"rendered":"<p style=\"text-align: justify\"><span style=\"font-weight: 400\">Wenn uns die Serie <\/span><i><span style=\"font-weight: 400\">Die Telefonistinnen<\/span><\/i><span style=\"font-weight: 400\"> noch etwas anderes gezeigt hat, als das gro\u00dfartige Bild des feministischen Kampfes der 1920er Jahre, dann ist es wohl, dass alle Trends zur\u00fcckkommen. Und zwar dieses Mal in Form des Bobs!<\/span><\/p>\n<p style=\"text-align: justify\"><span style=\"font-weight: 400\">Irgendwas haben die 20er Jahre definitiv an sich, dass wir uns einfach in den Stil verlieben m\u00fcssen. Peaky Blinders hat es uns mit dem trendy M\u00e4nnerhaarschnitt vorgemacht, nun sind <\/span><i><span style=\"font-weight: 400\">Die Telefonistinnen<\/span><\/i><span style=\"font-weight: 400\"> unser Vorbild \u2013 und die M\u00f6glichkeiten des Bobs schier endlos. Kein Wunder also, dass dieser Haarschnitt auch jetzt noch rauf- und runtergetragen wird. Wir lieben es!<\/span><\/p>\n<p style=\"text-align: justify\"><span style=\"font-weight: 400\">Ob kurz, lang, fransig, mit oder ohne Pony \u2013 der Bob kann einfach alles und ist besonders im Sommer angesagter denn je! Wenn du noch mal kurz nachschauen willst, welche wunderbaren Varianten es gibt, <\/span><a href=\"https:\/\/www.treatwell.de\/treatment-files\/lob-wob-oder-doch-sob-der-ultimative-bob-guide\/\"><span style=\"font-weight: 400\">geht\u2019s f\u00fcr dich hier entlang.<\/span><\/a><\/p>\n<div class=\"schema-faq wp-block-yoast-faq-block\">\n<div class=\"schema-faq-section\" id=\"faq-question-1768742758239\">\n<h3 class=\"schema-faq-question\">Welche Bob-Varianten kannst du aktuell w\u00e4hlen?<\/h3>\n<p class=\"schema-faq-answer\">Der Bob bietet zahlreiche Varianten wie kurz, lang, fransig oder mit Pony. Du kannst die Form und L\u00e4nge individuell an deinen Stil und Komfort anpassen.<\/div>\n<div class=\"schema-faq-section\" id=\"faq-question-1768742758240\">\n<h3 class=\"schema-faq-question\">Wann wirkt ein Bob besonders angesagt?<\/h3>\n<p class=\"schema-faq-answer\">Im Sommer erlebt der Bob ein Comeback und wirkt besonders trendy. Durch die leichte Pflege und das luftige Gef\u00fchl eignet sich der Schnitt optimal f\u00fcr die warme Jahreszeit.<\/div>\n<div class=\"schema-faq-section\" id=\"faq-question-1768742758241\">\n<h3 class=\"schema-faq-question\">Warum kehrt der Bob immer wieder als Trend zur\u00fcck?<\/h3>\n<p class=\"schema-faq-answer\">Hinter dem Bob verbirgt sich ein Klassiker, der sich st\u00e4ndig neu interpretiert. Seine Vielseitigkeit spricht viele Trendsetterinnen und Trendsetter an und inspiriert Generationen.<\/div>\n<div class=\"schema-faq-section\" id=\"faq-question-1768742758242\">\n<h3 class=\"schema-faq-question\">Wie findest du Inspiration f\u00fcr deinen Bob-Haarschnitt?<\/h3>\n<p class=\"schema-faq-answer\">Serien wie Die Telefonistinnen und Peaky Blinders zeigen auff\u00e4llige Bob-Varianten, die aktuell beliebt sind. Auch Stars und Modeikonen greifen regelm\u00e4\u00dfig auf den zeitlosen Look zur\u00fcck.<\/div>\n<\/p><\/div>\n","protected":false},"excerpt":{"rendered":"<p>Wenn uns die Serie Die Telefonistinnen noch etwas anderes gezeigt hat, als das gro\u00dfartige Bild des feministischen Kampfes der 1920er Jahre, dann ist es wohl, dass alle Trends zur\u00fcckkommen. Und zwar dieses Mal in Form des Bobs! Irgendwas haben die 20er Jahre definitiv an sich, dass wir uns einfach in den Stil verlieben m\u00fcssen. Peaky [&hellip;]<\/p>\n","protected":false},"author":3290,"featured_media":22005,"comment_status":"closed","ping_status":"closed","sticky":false,"template":"","format":"standard","meta":{"_acf_changed":false,"_yoast_wpseo_title":"Die Telefonistinnen \u2013 und die Frisur dieses Sommers - Treatwell","_yoast_wpseo_metadesc":"Irgendwas haben die 20er Jahre definitiv an sich, dass wir uns einfach in den Stil verlieben m\u00fcssen. Nun sind Die Telefonistinnen unser Vorbild!","_genesis_hide_title":false,"_genesis_hide_breadcrumbs":false,"_genesis_hide_singular_image":false,"_genesis_hide_footer_widgets":false,"_genesis_custom_body_class":"","_genesis_custom_post_class":"","_genesis_layout":"","saswp_custom_schema_field":"{\"@context\":\"https:\/\/schema.org\",\"@type\":\"FAQPage\",\"mainEntity\":[{\"@type\":\"Question\",\"name\":\"Welche Bob-Varianten kannst du aktuell w\u00e4hlen?\",\"acceptedAnswer\":{\"@type\":\"Answer\",\"text\":\"Der Bob bietet zahlreiche Varianten wie kurz, lang, fransig oder mit Pony. Du kannst die Form und L\u00e4nge individuell an deinen Stil und Komfort anpassen.\"}},{\"@type\":\"Question\",\"name\":\"Wann wirkt ein Bob besonders angesagt?\",\"acceptedAnswer\":{\"@type\":\"Answer\",\"text\":\"Im Sommer erlebt der Bob ein Comeback und wirkt besonders trendy. Durch die leichte Pflege und das luftige Gef\u00fchl eignet sich der Schnitt optimal f\u00fcr die warme Jahreszeit.\"}},{\"@type\":\"Question\",\"name\":\"Warum kehrt der Bob immer wieder als Trend zur\u00fcck?\",\"acceptedAnswer\":{\"@type\":\"Answer\",\"text\":\"Hinter dem Bob verbirgt sich ein Klassiker, der sich st\u00e4ndig neu interpretiert. Seine Vielseitigkeit spricht viele Trendsetterinnen und Trendsetter an und inspiriert Generationen.\"}},{\"@type\":\"Question\",\"name\":\"Wie findest du Inspiration f\u00fcr deinen Bob-Haarschnitt?\",\"acceptedAnswer\":{\"@type\":\"Answer\",\"text\":\"Serien wie Die Telefonistinnen und Peaky Blinders zeigen auff\u00e4llige Bob-Varianten, die aktuell beliebt sind. Auch Stars und Modeikonen greifen regelm\u00e4\u00dfig auf den zeitlosen Look zur\u00fcck.\"}}]}","footnotes":""},"categories":[2],"tags":[9,26],"class_list":{"0":"post-21989","1":"post","2":"type-post","3":"status-publish","4":"format-standard","5":"has-post-thumbnail","7":"category-trends","8":"tag-tt6","9":"tag-tr166","10":"entry"},"acf":{"post_credits":"Bildrechte: HERO - Agencia Efe\/Shutterstock, @vzenereglobal, @laschicasdelcable, @chicasdelcable, @cecys_world66, @albisco_carlidia","beauty_blog_post_button_title":"Buch dir den Schnitt","beauty_blog_post_button":"https:\/\/www.treatwell.de\/orte\/behandlung-damenhaarschnitt\/angebot-typ-lokal\/ext-in-162801\/","landscape_picture":22004,"blocks":[{"block_title":"","block_content":"","video_content":"","block_picture":21990},{"block_title":"","block_content":"","video_content":"","block_picture":21991},{"block_title":"","block_content":"","video_content":"","block_picture":21992},{"block_title":"","block_content":"","video_content":"","block_picture":21993},{"block_title":"","block_content":"","video_content":"","block_picture":21994},{"block_title":"","block_content":"","video_content":"","block_picture":21995},{"block_title":"","block_content":"","video_content":"","block_picture":21996},{"block_title":"","block_content":"","video_content":"","block_picture":21997},{"block_title":"","block_content":"","video_content":"","block_picture":21998},{"block_title":"","block_content":"","video_content":"","block_picture":21999},{"block_title":"","block_content":"","video_content":"","block_picture":22000},{"block_title":"","block_content":"","video_content":"","block_picture":22001},{"block_title":"","block_content":"","video_content":"","block_picture":22002},{"block_title":"","block_content":"","video_content":"","block_picture":22003}]},"yoast_head":"<!-- This site is optimized with the Yoast SEO plugin v27.5 - https:\/\/yoast.com\/product\/yoast-seo-wordpress\/ -->\n<title>Die Telefonistinnen \u2013 und die Frisur dieses Sommers - Treatwell<\/title>\n<meta name=\"description\" content=\"Irgendwas haben die 20er Jahre definitiv an sich, dass wir uns einfach in den Stil verlieben m\u00fcssen. Nun sind Die Telefonistinnen unser Vorbild!\" \/>\n<meta name=\"robots\" content=\"index, follow, max-snippet:-1, max-image-preview:large, max-video-preview:-1\" \/>\n<link rel=\"canonical\" href=\"https:\/\/www.treatwell.de/treatment-files\/die-telefonistinnen-und-die-frisur-dieses-sommers\/\" \/>\n<meta property=\"og:locale\" content=\"de_DE\" \/>\n<meta property=\"og:type\" content=\"article\" \/>\n<meta property=\"og:title\" content=\"Die Telefonistinnen \u2013 und die Frisur dieses Sommers - Treatwell\" \/>\n<meta property=\"og:description\" content=\"Irgendwas haben die 20er Jahre definitiv an sich, dass wir uns einfach in den Stil verlieben m\u00fcssen. Nun sind Die Telefonistinnen unser Vorbild!\" \/>\n<meta property=\"og:url\" content=\"https:\/\/www.treatwell.de/treatment-files\/die-telefonistinnen-und-die-frisur-dieses-sommers\/\" \/>\n<meta property=\"og:site_name\" content=\"The Treatment Files Blog\" \/>\n<meta property=\"article:published_time\" content=\"2020-07-17T07:09:12+00:00\" \/>\n<meta property=\"article:modified_time\" content=\"2026-01-18T14:02:11+00:00\" \/>\n<meta property=\"og:image\" content=\"https:\/\/www.treatwell.de/treatment-files\/wp-content\/uploads\/sites\/7\/2022\/03\/Die-Telefonistinnen_FEATURED.jpg\" \/>\n\t<meta property=\"og:image:width\" content=\"628\" \/>\n\t<meta property=\"og:image:height\" content=\"628\" \/>\n\t<meta property=\"og:image:type\" content=\"image\/jpeg\" \/>\n<meta name=\"twitter:card\" content=\"summary_large_image\" \/>\n<meta name=\"twitter:label1\" content=\"Verfasst von\" \/>\n\t<meta name=\"twitter:data1\" content=\"\" \/>\n\t<meta name=\"twitter:label2\" content=\"Gesch\u00e4tzte Lesezeit\" \/>\n\t<meta name=\"twitter:data2\" content=\"1 Minute\" \/>\n<script type=\"application\/ld+json\" class=\"yoast-schema-graph\">{\"@context\":\"https:\\\/\\\/schema.org\",\"@graph\":[{\"@type\":\"Article\",\"@id\":\"https:\\\/\\\/www.treatwell.de/treatment-files\\\/die-telefonistinnen-und-die-frisur-dieses-sommers\\\/#article\",\"isPartOf\":{\"@id\":\"https:\\\/\\\/www.treatwell.de/treatment-files\\\/die-telefonistinnen-und-die-frisur-dieses-sommers\\\/\"},\"author\":{\"name\":\"\",\"@id\":\"\"},\"headline\":\"Die Telefonistinnen \u2013 und die Frisur dieses Sommers\",\"datePublished\":\"2020-07-17T07:09:12+00:00\",\"dateModified\":\"2026-01-18T14:02:11+00:00\",\"mainEntityOfPage\":{\"@id\":\"https:\\\/\\\/www.treatwell.de/treatment-files\\\/die-telefonistinnen-und-die-frisur-dieses-sommers\\\/\"},\"wordCount\":284,\"publisher\":{\"@id\":\"https:\\\/\\\/www.treatwell.de/treatment-files\\\/#organization\"},\"image\":{\"@id\":\"https:\\\/\\\/www.treatwell.de/treatment-files\\\/die-telefonistinnen-und-die-frisur-dieses-sommers\\\/#primaryimage\"},\"thumbnailUrl\":\"https:\\\/\\\/www.treatwell.de/treatment-files\\\/wp-content\\\/uploads\\\/sites\\\/7\\\/2022\\\/03\\\/Die-Telefonistinnen_FEATURED.jpg\",\"keywords\":[\"Hair\",\"Haircuts and Hairdressing\"],\"articleSection\":[\"Trends\"],\"inLanguage\":\"de-DE\"},{\"@type\":\"WebPage\",\"@id\":\"https:\\\/\\\/www.treatwell.de/treatment-files\\\/die-telefonistinnen-und-die-frisur-dieses-sommers\\\/\",\"url\":\"https:\\\/\\\/www.treatwell.de/treatment-files\\\/die-telefonistinnen-und-die-frisur-dieses-sommers\\\/\",\"name\":\"Die Telefonistinnen \u2013 und die Frisur dieses Sommers - Treatwell\",\"isPartOf\":{\"@id\":\"https:\\\/\\\/www.treatwell.de/treatment-files\\\/#website\"},\"primaryImageOfPage\":{\"@id\":\"https:\\\/\\\/www.treatwell.de/treatment-files\\\/die-telefonistinnen-und-die-frisur-dieses-sommers\\\/#primaryimage\"},\"image\":{\"@id\":\"https:\\\/\\\/www.treatwell.de/treatment-files\\\/die-telefonistinnen-und-die-frisur-dieses-sommers\\\/#primaryimage\"},\"thumbnailUrl\":\"https:\\\/\\\/www.treatwell.de/treatment-files\\\/wp-content\\\/uploads\\\/sites\\\/7\\\/2022\\\/03\\\/Die-Telefonistinnen_FEATURED.jpg\",\"datePublished\":\"2020-07-17T07:09:12+00:00\",\"dateModified\":\"2026-01-18T14:02:11+00:00\",\"description\":\"Irgendwas haben die 20er Jahre definitiv an sich, dass wir uns einfach in den Stil verlieben m\u00fcssen. Nun sind Die Telefonistinnen unser Vorbild!\",\"breadcrumb\":{\"@id\":\"https:\\\/\\\/www.treatwell.de/treatment-files\\\/die-telefonistinnen-und-die-frisur-dieses-sommers\\\/#breadcrumb\"},\"inLanguage\":\"de-DE\",\"potentialAction\":[{\"@type\":\"ReadAction\",\"target\":[\"https:\\\/\\\/www.treatwell.de/treatment-files\\\/die-telefonistinnen-und-die-frisur-dieses-sommers\\\/\"]}]},{\"@type\":\"ImageObject\",\"inLanguage\":\"de-DE\",\"@id\":\"https:\\\/\\\/www.treatwell.de/treatment-files\\\/die-telefonistinnen-und-die-frisur-dieses-sommers\\\/#primaryimage\",\"url\":\"https:\\\/\\\/www.treatwell.de/treatment-files\\\/wp-content\\\/uploads\\\/sites\\\/7\\\/2022\\\/03\\\/Die-Telefonistinnen_FEATURED.jpg\",\"contentUrl\":\"https:\\\/\\\/www.treatwell.de/treatment-files\\\/wp-content\\\/uploads\\\/sites\\\/7\\\/2022\\\/03\\\/Die-Telefonistinnen_FEATURED.jpg\",\"width\":628,\"height\":628},{\"@type\":\"BreadcrumbList\",\"@id\":\"https:\\\/\\\/www.treatwell.de/treatment-files\\\/die-telefonistinnen-und-die-frisur-dieses-sommers\\\/#breadcrumb\",\"itemListElement\":[{\"@type\":\"ListItem\",\"position\":1,\"name\":\"Home\",\"item\":\"https:\\\/\\\/www.treatwell.de/treatment-files\\\/\"},{\"@type\":\"ListItem\",\"position\":2,\"name\":\"Trends\",\"item\":\"https:\\\/\\\/www.treatwell.de/treatment-files\\\/trends\\\/\"},{\"@type\":\"ListItem\",\"position\":3,\"name\":\"Die Telefonistinnen \u2013 und die Frisur dieses Sommers\"}]},{\"@type\":\"WebSite\",\"@id\":\"https:\\\/\\\/www.treatwell.de/treatment-files\\\/#website\",\"url\":\"https:\\\/\\\/www.treatwell.de/treatment-files\\\/\",\"name\":\"The Treatment Files Blog\",\"description\":\"Beauty entdecken. Beauty erleben.\",\"publisher\":{\"@id\":\"https:\\\/\\\/www.treatwell.de/treatment-files\\\/#organization\"},\"potentialAction\":[{\"@type\":\"SearchAction\",\"target\":{\"@type\":\"EntryPoint\",\"urlTemplate\":\"https:\\\/\\\/www.treatwell.de/treatment-files\\\/?s={search_term_string}\"},\"query-input\":{\"@type\":\"PropertyValueSpecification\",\"valueRequired\":true,\"valueName\":\"search_term_string\"}}],\"inLanguage\":\"de-DE\"},{\"@type\":\"Organization\",\"@id\":\"https:\\\/\\\/www.treatwell.de/treatment-files\\\/#organization\",\"name\":\"Treatwell\",\"url\":\"https:\\\/\\\/www.treatwell.de/treatment-files\\\/\",\"logo\":{\"@type\":\"ImageObject\",\"inLanguage\":\"de-DE\",\"@id\":\"https:\\\/\\\/www.treatwell.de/treatment-files\\\/#\\\/schema\\\/logo\\\/image\\\/\",\"url\":\"https:\\\/\\\/www.treatwell.de/treatment-files\\\/wp-content\\\/uploads\\\/sites\\\/7\\\/2022\\\/03\\\/logo_treatwell.png\",\"contentUrl\":\"https:\\\/\\\/www.treatwell.de/treatment-files\\\/wp-content\\\/uploads\\\/sites\\\/7\\\/2022\\\/03\\\/logo_treatwell.png\",\"width\":889,\"height\":164,\"caption\":\"Treatwell\"},\"image\":{\"@id\":\"https:\\\/\\\/www.treatwell.de/treatment-files\\\/#\\\/schema\\\/logo\\\/image\\\/\"}},{\"@type\":\"Person\",\"@id\":\"\",\"url\":\"https:\\\/\\\/www.treatwell.de/treatment-files\\\/author\\\/\"}]}<\/script>\n<!-- \/ Yoast SEO plugin. -->","yoast_head_json":{"title":"Die Telefonistinnen \u2013 und die Frisur dieses Sommers - Treatwell","description":"Irgendwas haben die 20er Jahre definitiv an sich, dass wir uns einfach in den Stil verlieben m\u00fcssen. Nun sind Die Telefonistinnen unser Vorbild!","robots":{"index":"index","follow":"follow","max-snippet":"max-snippet:-1","max-image-preview":"max-image-preview:large","max-video-preview":"max-video-preview:-1"},"canonical":"https:\/\/www.treatwell.de/treatment-files\/die-telefonistinnen-und-die-frisur-dieses-sommers\/","og_locale":"de_DE","og_type":"article","og_title":"Die Telefonistinnen \u2013 und die Frisur dieses Sommers - Treatwell","og_description":"Irgendwas haben die 20er Jahre definitiv an sich, dass wir uns einfach in den Stil verlieben m\u00fcssen. Nun sind Die Telefonistinnen unser Vorbild!","og_url":"https:\/\/www.treatwell.de/treatment-files\/die-telefonistinnen-und-die-frisur-dieses-sommers\/","og_site_name":"The Treatment Files Blog","article_published_time":"2020-07-17T07:09:12+00:00","article_modified_time":"2026-01-18T14:02:11+00:00","og_image":[{"width":628,"height":628,"url":"https:\/\/www.treatwell.de/treatment-files\/wp-content\/uploads\/sites\/7\/2022\/03\/Die-Telefonistinnen_FEATURED.jpg","type":"image\/jpeg"}],"twitter_card":"summary_large_image","twitter_misc":{"Verfasst von":"","Gesch\u00e4tzte Lesezeit":"1 Minute"},"schema":{"@context":"https:\/\/schema.org","@graph":[{"@type":"Article","@id":"https:\/\/www.treatwell.de/treatment-files\/die-telefonistinnen-und-die-frisur-dieses-sommers\/#article","isPartOf":{"@id":"https:\/\/www.treatwell.de/treatment-files\/die-telefonistinnen-und-die-frisur-dieses-sommers\/"},"author":{"name":"","@id":""},"headline":"Die Telefonistinnen \u2013 und die Frisur dieses Sommers","datePublished":"2020-07-17T07:09:12+00:00","dateModified":"2026-01-18T14:02:11+00:00","mainEntityOfPage":{"@id":"https:\/\/www.treatwell.de/treatment-files\/die-telefonistinnen-und-die-frisur-dieses-sommers\/"},"wordCount":284,"publisher":{"@id":"https:\/\/www.treatwell.de/treatment-files\/#organization"},"image":{"@id":"https:\/\/www.treatwell.de/treatment-files\/die-telefonistinnen-und-die-frisur-dieses-sommers\/#primaryimage"},"thumbnailUrl":"https:\/\/www.treatwell.de/treatment-files\/wp-content\/uploads\/sites\/7\/2022\/03\/Die-Telefonistinnen_FEATURED.jpg","keywords":["Hair","Haircuts and Hairdressing"],"articleSection":["Trends"],"inLanguage":"de-DE"},{"@type":"WebPage","@id":"https:\/\/www.treatwell.de/treatment-files\/die-telefonistinnen-und-die-frisur-dieses-sommers\/","url":"https:\/\/www.treatwell.de/treatment-files\/die-telefonistinnen-und-die-frisur-dieses-sommers\/","name":"Die Telefonistinnen \u2013 und die Frisur dieses Sommers - Treatwell","isPartOf":{"@id":"https:\/\/www.treatwell.de/treatment-files\/#website"},"primaryImageOfPage":{"@id":"https:\/\/www.treatwell.de/treatment-files\/die-telefonistinnen-und-die-frisur-dieses-sommers\/#primaryimage"},"image":{"@id":"https:\/\/www.treatwell.de/treatment-files\/die-telefonistinnen-und-die-frisur-dieses-sommers\/#primaryimage"},"thumbnailUrl":"https:\/\/www.treatwell.de/treatment-files\/wp-content\/uploads\/sites\/7\/2022\/03\/Die-Telefonistinnen_FEATURED.jpg","datePublished":"2020-07-17T07:09:12+00:00","dateModified":"2026-01-18T14:02:11+00:00","description":"Irgendwas haben die 20er Jahre definitiv an sich, dass wir uns einfach in den Stil verlieben m\u00fcssen. Nun sind Die Telefonistinnen unser Vorbild!","breadcrumb":{"@id":"https:\/\/www.treatwell.de/treatment-files\/die-telefonistinnen-und-die-frisur-dieses-sommers\/#breadcrumb"},"inLanguage":"de-DE","potentialAction":[{"@type":"ReadAction","target":["https:\/\/www.treatwell.de/treatment-files\/die-telefonistinnen-und-die-frisur-dieses-sommers\/"]}]},{"@type":"ImageObject","inLanguage":"de-DE","@id":"https:\/\/www.treatwell.de/treatment-files\/die-telefonistinnen-und-die-frisur-dieses-sommers\/#primaryimage","url":"https:\/\/www.treatwell.de/treatment-files\/wp-content\/uploads\/sites\/7\/2022\/03\/Die-Telefonistinnen_FEATURED.jpg","contentUrl":"https:\/\/www.treatwell.de/treatment-files\/wp-content\/uploads\/sites\/7\/2022\/03\/Die-Telefonistinnen_FEATURED.jpg","width":628,"height":628},{"@type":"BreadcrumbList","@id":"https:\/\/www.treatwell.de/treatment-files\/die-telefonistinnen-und-die-frisur-dieses-sommers\/#breadcrumb","itemListElement":[{"@type":"ListItem","position":1,"name":"Home","item":"https:\/\/www.treatwell.de/treatment-files\/"},{"@type":"ListItem","position":2,"name":"Trends","item":"https:\/\/www.treatwell.de/treatment-files\/trends\/"},{"@type":"ListItem","position":3,"name":"Die Telefonistinnen \u2013 und die Frisur dieses Sommers"}]},{"@type":"WebSite","@id":"https:\/\/www.treatwell.de/treatment-files\/#website","url":"https:\/\/www.treatwell.de/treatment-files\/","name":"The Treatment Files Blog","description":"Beauty entdecken. Beauty erleben.","publisher":{"@id":"https:\/\/www.treatwell.de/treatment-files\/#organization"},"potentialAction":[{"@type":"SearchAction","target":{"@type":"EntryPoint","urlTemplate":"https:\/\/www.treatwell.de/treatment-files\/?s={search_term_string}"},"query-input":{"@type":"PropertyValueSpecification","valueRequired":true,"valueName":"search_term_string"}}],"inLanguage":"de-DE"},{"@type":"Organization","@id":"https:\/\/www.treatwell.de/treatment-files\/#organization","name":"Treatwell","url":"https:\/\/www.treatwell.de/treatment-files\/","logo":{"@type":"ImageObject","inLanguage":"de-DE","@id":"https:\/\/www.treatwell.de/treatment-files\/#\/schema\/logo\/image\/","url":"https:\/\/www.treatwell.de/treatment-files\/wp-content\/uploads\/sites\/7\/2022\/03\/logo_treatwell.png","contentUrl":"https:\/\/www.treatwell.de/treatment-files\/wp-content\/uploads\/sites\/7\/2022\/03\/logo_treatwell.png","width":889,"height":164,"caption":"Treatwell"},"image":{"@id":"https:\/\/www.treatwell.de/treatment-files\/#\/schema\/logo\/image\/"}},{"@type":"Person","@id":"","url":"https:\/\/www.treatwell.de/treatment-files\/author\/"}]}},"featured_image_src":"https:\/\/www.treatwell.de/treatment-files\/wp-content\/uploads\/sites\/7\/2022\/03\/Die-Telefonistinnen_FEATURED-600x400.jpg","featured_image_src_square":"https:\/\/www.treatwell.de/treatment-files\/wp-content\/uploads\/sites\/7\/2022\/03\/Die-Telefonistinnen_FEATURED-600x600.jpg","author_info":{"display_name":"","author_link":"https:\/\/www.treatwell.de/treatment-files\/author\/"},"_links":{"self":[{"href":"https:\/\/www.treatwell.de\/treatment-files\/wp-json\/wp\/v2\/posts\/21989","targetHints":{"allow":["GET"]}}],"collection":[{"href":"https:\/\/www.treatwell.de\/treatment-files\/wp-json\/wp\/v2\/posts"}],"about":[{"href":"https:\/\/www.treatwell.de\/treatment-files\/wp-json\/wp\/v2\/types\/post"}],"author":[{"embeddable":true,"href":"https:\/\/www.treatwell.de\/treatment-files\/wp-json\/wp\/v2\/users\/3290"}],"replies":[{"embeddable":true,"href":"https:\/\/www.treatwell.de\/treatment-files\/wp-json\/wp\/v2\/comments?post=21989"}],"version-history":[{"count":0,"href":"https:\/\/www.treatwell.de\/treatment-files\/wp-json\/wp\/v2\/posts\/21989\/revisions"}],"wp:featuredmedia":[{"embeddable":true,"href":"https:\/\/www.treatwell.de\/treatment-files\/wp-json\/wp\/v2\/media\/22005"}],"wp:attachment":[{"href":"https:\/\/www.treatwell.de\/treatment-files\/wp-json\/wp\/v2\/media?parent=21989"}],"wp:term":[{"taxonomy":"category","embeddable":true,"href":"https:\/\/www.treatwell.de\/treatment-files\/wp-json\/wp\/v2\/categories?post=21989"},{"taxonomy":"post_tag","embeddable":true,"href":"https:\/\/www.treatwell.de\/treatment-files\/wp-json\/wp\/v2\/tags?post=21989"}],"curies":[{"name":"wp","href":"https:\/\/api.w.org\/{rel}","templated":true}]}}