{"id":21314,"date":"2020-02-19T10:00:30","date_gmt":"2020-02-19T09:00:30","guid":{"rendered":"https:\/\/www.treatwell.de\/treatment-files\/?p=19138"},"modified":"2026-01-18T15:01:04","modified_gmt":"2026-01-18T14:01:04","slug":"vom-balken-zur-soft-brow","status":"publish","type":"post","link":"https:\/\/www.treatwell.de/treatment-files\/vom-balken-zur-soft-brow\/","title":{"rendered":"Vom Balken zur Soft Brow"},"content":{"rendered":"<p style=\"text-align: justify\">Wie der Look entsteht, ist einfach erkl\u00e4rt: Ein zu deiner Haarfarbe passendes Puder wird so aufgetragen, dass es deine nat\u00fcrliche Form sowie Kontur nicht verf\u00e4lscht, sondern beibeh\u00e4lt. Folge der nat\u00fcrlichen Schattierung deiner Brauen, denn je mehr du versuchst, sie einheitlich zu schminken, desto mehr neigen deine Brauen dazu, wie aufgeklebt auszusehen. Ebenfalls funktioniert das Make-up auch mit einem zweifarbigen, weichen Stift. Wenn du nun einen Farbverlauf \u2013 vorne heller als mittig \u2013 kreierst, wirkt es absolut soft. Sobald du beide Techniken, Puder und Stift, miteinander vereinst, k\u00f6nnen kleine L\u00fccken aufgef\u00fcllt werden und es entsteht der Anschein von zus\u00e4tzlichen H\u00e4rchen. Abschlie\u00dfend kannst du dem Ganzen mit einem faserigen Augenbrauengel mehr F\u00fclle verleihen.<br \/>\nSmoothe Inspiration findest du hier:<\/p>\n<p>https:\/\/www.instagram.com\/p\/B5Tg7xgHIp2\/<\/p>\n<p>https:\/\/www.instagram.com\/p\/B5iSNIkhA6W\/<\/p>\n<p>https:\/\/www.instagram.com\/p\/BwbdKGuHyZ3\/<\/p>\n<p>https:\/\/www.instagram.com\/p\/B68Xq2OBuij\/<\/p>\n<div class=\"schema-faq wp-block-yoast-faq-block\">\n<div class=\"schema-faq-section\" id=\"faq-question-1768743071156\">\n<h3 class=\"schema-faq-question\">Wie bringst du einen nat\u00fcrlichen Brauenlook mit Make-up hervor?<\/h3>\n<p class=\"schema-faq-answer\">Ein nat\u00fcrlicher Brauenlook gelingt, wenn du ein zu deiner Haarfarbe passendes Puder verwendest und der eigenen Schattierung folgst. Je weniger gleichm\u00e4\u00dfig du die Brauen schminkst, desto nat\u00fcrlicher wirkt das Ergebnis.<\/div>\n<div class=\"schema-faq-section\" id=\"faq-question-1768743071157\">\n<h3 class=\"schema-faq-question\">Welche Technik f\u00fcllt L\u00fccken in den Augenbrauen auf?<\/h3>\n<p class=\"schema-faq-answer\">Kombiniere Puder und zweifarbigen, weichen Stift, um kleine L\u00fccken geschickt aufzuf\u00fcllen. Diese Methode erzeugt den Eindruck zus\u00e4tzlicher H\u00e4rchen und sorgt f\u00fcr eine besonders nat\u00fcrliche Wirkung.<\/div>\n<div class=\"schema-faq-section\" id=\"faq-question-1768743071158\">\n<h3 class=\"schema-faq-question\">Wie erreichst du einen soften Farbverlauf in den Brauen?<\/h3>\n<p class=\"schema-faq-answer\">Ein Farbverlauf entsteht, wenn der vordere Teil der Braue heller bleibt als der mittlere Bereich. F\u00fcr dieses Ergebnis eignet sich ein weicher, zweifarbiger Stift besonders gut.<\/div>\n<div class=\"schema-faq-section\" id=\"faq-question-1768743071159\">\n<h3 class=\"schema-faq-question\">Welche Produkte sorgen f\u00fcr mehr F\u00fclle bei Augenbrauen?<\/h3>\n<p class=\"schema-faq-answer\">Ein faseriges Augenbrauengel verleiht den Brauen sichtbar mehr F\u00fclle. Das Gel l\u00e4sst die H\u00e4rchen volumin\u00f6ser wirken und geh\u00f6rt zu den letzten Schritten f\u00fcr ein perfektes Finish.<\/div>\n<\/p><\/div>\n","protected":false},"excerpt":{"rendered":"<p>Wie der Look entsteht, ist einfach erkl\u00e4rt: Ein zu deiner Haarfarbe passendes Puder wird so aufgetragen, dass es deine nat\u00fcrliche Form sowie Kontur nicht verf\u00e4lscht, sondern beibeh\u00e4lt. Folge der nat\u00fcrlichen Schattierung deiner Brauen, denn je mehr du versuchst, sie einheitlich zu schminken, desto mehr neigen deine Brauen dazu, wie aufgeklebt auszusehen. Ebenfalls funktioniert das Make-up [&hellip;]<\/p>\n","protected":false},"author":3290,"featured_media":21316,"comment_status":"closed","ping_status":"closed","sticky":false,"template":"","format":"standard","meta":{"_acf_changed":false,"_yoast_wpseo_title":"Vom Balken zur Soft Brow - Treatwell","_yoast_wpseo_metadesc":"Der starke Instagram-Look mit den dunklen, buschigen, gemalten Augenbrauen ist vorbei. Mit den Soft Brows erwartet uns nun eine nat\u00fcrliche, weiche Variante.","_genesis_hide_title":false,"_genesis_hide_breadcrumbs":false,"_genesis_hide_singular_image":false,"_genesis_hide_footer_widgets":false,"_genesis_custom_body_class":"","_genesis_custom_post_class":"","_genesis_layout":"","saswp_custom_schema_field":"{\"@context\":\"https:\/\/schema.org\",\"@type\":\"FAQPage\",\"mainEntity\":[{\"@type\":\"Question\",\"name\":\"Wie bringst du einen nat\u00fcrlichen Brauenlook mit Make-up hervor?\",\"acceptedAnswer\":{\"@type\":\"Answer\",\"text\":\"Ein nat\u00fcrlicher Brauenlook gelingt, wenn du ein zu deiner Haarfarbe passendes Puder verwendest und der eigenen Schattierung folgst. Je weniger gleichm\u00e4\u00dfig du die Brauen schminkst, desto nat\u00fcrlicher wirkt das Ergebnis.\"}},{\"@type\":\"Question\",\"name\":\"Welche Technik f\u00fcllt L\u00fccken in den Augenbrauen auf?\",\"acceptedAnswer\":{\"@type\":\"Answer\",\"text\":\"Kombiniere Puder und zweifarbigen, weichen Stift, um kleine L\u00fccken geschickt aufzuf\u00fcllen. Diese Methode erzeugt den Eindruck zus\u00e4tzlicher H\u00e4rchen und sorgt f\u00fcr eine besonders nat\u00fcrliche Wirkung.\"}},{\"@type\":\"Question\",\"name\":\"Wie erreichst du einen soften Farbverlauf in den Brauen?\",\"acceptedAnswer\":{\"@type\":\"Answer\",\"text\":\"Ein Farbverlauf entsteht, wenn der vordere Teil der Braue heller bleibt als der mittlere Bereich. F\u00fcr dieses Ergebnis eignet sich ein weicher, zweifarbiger Stift besonders gut.\"}},{\"@type\":\"Question\",\"name\":\"Welche Produkte sorgen f\u00fcr mehr F\u00fclle bei Augenbrauen?\",\"acceptedAnswer\":{\"@type\":\"Answer\",\"text\":\"Ein faseriges Augenbrauengel verleiht den Brauen sichtbar mehr F\u00fclle. Das Gel l\u00e4sst die H\u00e4rchen volumin\u00f6ser wirken und geh\u00f6rt zu den letzten Schritten f\u00fcr ein perfektes Finish.\"}}]}","footnotes":""},"categories":[134],"tags":[12],"class_list":{"0":"post-21314","1":"post","2":"type-post","3":"status-publish","4":"format-standard","5":"has-post-thumbnail","7":"category-editors-picks-long-form","8":"tag-tr48","9":"entry"},"acf":{"post_credits":"Bildrechte: HERO - Shutterstock","beauty_blog_post_button_title":"","beauty_blog_post_button":"","landscape_picture":21315,"blocks":null},"yoast_head":"<!-- This site is optimized with the Yoast SEO plugin v27.5 - https:\/\/yoast.com\/product\/yoast-seo-wordpress\/ -->\n<title>Vom Balken zur Soft Brow - Treatwell<\/title>\n<meta name=\"description\" content=\"Der starke Instagram-Look mit den dunklen, buschigen, gemalten Augenbrauen ist vorbei. Mit den Soft Brows erwartet uns nun eine nat\u00fcrliche, weiche Variante.\" \/>\n<meta name=\"robots\" content=\"index, follow, max-snippet:-1, max-image-preview:large, max-video-preview:-1\" \/>\n<link rel=\"canonical\" href=\"https:\/\/www.treatwell.de/treatment-files\/vom-balken-zur-soft-brow\/\" \/>\n<meta property=\"og:locale\" content=\"de_DE\" \/>\n<meta property=\"og:type\" content=\"article\" \/>\n<meta property=\"og:title\" content=\"Vom Balken zur Soft Brow - Treatwell\" \/>\n<meta property=\"og:description\" content=\"Der starke Instagram-Look mit den dunklen, buschigen, gemalten Augenbrauen ist vorbei. Mit den Soft Brows erwartet uns nun eine nat\u00fcrliche, weiche Variante.\" \/>\n<meta property=\"og:url\" content=\"https:\/\/www.treatwell.de/treatment-files\/vom-balken-zur-soft-brow\/\" \/>\n<meta property=\"og:site_name\" content=\"The Treatment Files Blog\" \/>\n<meta property=\"article:published_time\" content=\"2020-02-19T09:00:30+00:00\" \/>\n<meta property=\"article:modified_time\" content=\"2026-01-18T14:01:04+00:00\" \/>\n<meta property=\"og:image\" content=\"https:\/\/www.treatwell.de/treatment-files\/wp-content\/uploads\/sites\/7\/2022\/03\/Soft-Brows_FEATURED.jpg\" \/>\n\t<meta property=\"og:image:width\" content=\"628\" \/>\n\t<meta property=\"og:image:height\" content=\"628\" \/>\n\t<meta property=\"og:image:type\" content=\"image\/jpeg\" \/>\n<meta name=\"twitter:card\" content=\"summary_large_image\" \/>\n<meta name=\"twitter:label1\" content=\"Verfasst von\" \/>\n\t<meta name=\"twitter:data1\" content=\"\" \/>\n\t<meta name=\"twitter:label2\" content=\"Gesch\u00e4tzte Lesezeit\" \/>\n\t<meta name=\"twitter:data2\" content=\"2 Minuten\" \/>\n<script type=\"application\/ld+json\" class=\"yoast-schema-graph\">{\"@context\":\"https:\\\/\\\/schema.org\",\"@graph\":[{\"@type\":\"Article\",\"@id\":\"https:\\\/\\\/www.treatwell.de/treatment-files\\\/vom-balken-zur-soft-brow\\\/#article\",\"isPartOf\":{\"@id\":\"https:\\\/\\\/www.treatwell.de/treatment-files\\\/vom-balken-zur-soft-brow\\\/\"},\"author\":{\"name\":\"\",\"@id\":\"\"},\"headline\":\"Vom Balken zur Soft Brow\",\"datePublished\":\"2020-02-19T09:00:30+00:00\",\"dateModified\":\"2026-01-18T14:01:04+00:00\",\"mainEntityOfPage\":{\"@id\":\"https:\\\/\\\/www.treatwell.de/treatment-files\\\/vom-balken-zur-soft-brow\\\/\"},\"wordCount\":323,\"publisher\":{\"@id\":\"https:\\\/\\\/www.treatwell.de/treatment-files\\\/#organization\"},\"image\":{\"@id\":\"https:\\\/\\\/www.treatwell.de/treatment-files\\\/vom-balken-zur-soft-brow\\\/#primaryimage\"},\"thumbnailUrl\":\"https:\\\/\\\/www.treatwell.de/treatment-files\\\/wp-content\\\/uploads\\\/sites\\\/7\\\/2022\\\/03\\\/Soft-Brows_FEATURED.jpg\",\"keywords\":[\"Eyebrow and Eyelash Treatments\"],\"articleSection\":[\"Editor's Picks Long-form\"],\"inLanguage\":\"de-DE\"},{\"@type\":\"WebPage\",\"@id\":\"https:\\\/\\\/www.treatwell.de/treatment-files\\\/vom-balken-zur-soft-brow\\\/\",\"url\":\"https:\\\/\\\/www.treatwell.de/treatment-files\\\/vom-balken-zur-soft-brow\\\/\",\"name\":\"Vom Balken zur Soft Brow - Treatwell\",\"isPartOf\":{\"@id\":\"https:\\\/\\\/www.treatwell.de/treatment-files\\\/#website\"},\"primaryImageOfPage\":{\"@id\":\"https:\\\/\\\/www.treatwell.de/treatment-files\\\/vom-balken-zur-soft-brow\\\/#primaryimage\"},\"image\":{\"@id\":\"https:\\\/\\\/www.treatwell.de/treatment-files\\\/vom-balken-zur-soft-brow\\\/#primaryimage\"},\"thumbnailUrl\":\"https:\\\/\\\/www.treatwell.de/treatment-files\\\/wp-content\\\/uploads\\\/sites\\\/7\\\/2022\\\/03\\\/Soft-Brows_FEATURED.jpg\",\"datePublished\":\"2020-02-19T09:00:30+00:00\",\"dateModified\":\"2026-01-18T14:01:04+00:00\",\"description\":\"Der starke Instagram-Look mit den dunklen, buschigen, gemalten Augenbrauen ist vorbei. Mit den Soft Brows erwartet uns nun eine nat\u00fcrliche, weiche Variante.\",\"breadcrumb\":{\"@id\":\"https:\\\/\\\/www.treatwell.de/treatment-files\\\/vom-balken-zur-soft-brow\\\/#breadcrumb\"},\"inLanguage\":\"de-DE\",\"potentialAction\":[{\"@type\":\"ReadAction\",\"target\":[\"https:\\\/\\\/www.treatwell.de/treatment-files\\\/vom-balken-zur-soft-brow\\\/\"]}]},{\"@type\":\"ImageObject\",\"inLanguage\":\"de-DE\",\"@id\":\"https:\\\/\\\/www.treatwell.de/treatment-files\\\/vom-balken-zur-soft-brow\\\/#primaryimage\",\"url\":\"https:\\\/\\\/www.treatwell.de/treatment-files\\\/wp-content\\\/uploads\\\/sites\\\/7\\\/2022\\\/03\\\/Soft-Brows_FEATURED.jpg\",\"contentUrl\":\"https:\\\/\\\/www.treatwell.de/treatment-files\\\/wp-content\\\/uploads\\\/sites\\\/7\\\/2022\\\/03\\\/Soft-Brows_FEATURED.jpg\",\"width\":628,\"height\":628},{\"@type\":\"BreadcrumbList\",\"@id\":\"https:\\\/\\\/www.treatwell.de/treatment-files\\\/vom-balken-zur-soft-brow\\\/#breadcrumb\",\"itemListElement\":[{\"@type\":\"ListItem\",\"position\":1,\"name\":\"Home\",\"item\":\"https:\\\/\\\/www.treatwell.de/treatment-files\\\/\"},{\"@type\":\"ListItem\",\"position\":2,\"name\":\"Editor's Picks Long-form\",\"item\":\"https:\\\/\\\/www.treatwell.de/treatment-files\\\/editors-picks-long-form\\\/\"},{\"@type\":\"ListItem\",\"position\":3,\"name\":\"Vom Balken zur Soft Brow\"}]},{\"@type\":\"WebSite\",\"@id\":\"https:\\\/\\\/www.treatwell.de/treatment-files\\\/#website\",\"url\":\"https:\\\/\\\/www.treatwell.de/treatment-files\\\/\",\"name\":\"The Treatment Files Blog\",\"description\":\"Beauty entdecken. Beauty erleben.\",\"publisher\":{\"@id\":\"https:\\\/\\\/www.treatwell.de/treatment-files\\\/#organization\"},\"potentialAction\":[{\"@type\":\"SearchAction\",\"target\":{\"@type\":\"EntryPoint\",\"urlTemplate\":\"https:\\\/\\\/www.treatwell.de/treatment-files\\\/?s={search_term_string}\"},\"query-input\":{\"@type\":\"PropertyValueSpecification\",\"valueRequired\":true,\"valueName\":\"search_term_string\"}}],\"inLanguage\":\"de-DE\"},{\"@type\":\"Organization\",\"@id\":\"https:\\\/\\\/www.treatwell.de/treatment-files\\\/#organization\",\"name\":\"Treatwell\",\"url\":\"https:\\\/\\\/www.treatwell.de/treatment-files\\\/\",\"logo\":{\"@type\":\"ImageObject\",\"inLanguage\":\"de-DE\",\"@id\":\"https:\\\/\\\/www.treatwell.de/treatment-files\\\/#\\\/schema\\\/logo\\\/image\\\/\",\"url\":\"https:\\\/\\\/www.treatwell.de/treatment-files\\\/wp-content\\\/uploads\\\/sites\\\/7\\\/2022\\\/03\\\/logo_treatwell.png\",\"contentUrl\":\"https:\\\/\\\/www.treatwell.de/treatment-files\\\/wp-content\\\/uploads\\\/sites\\\/7\\\/2022\\\/03\\\/logo_treatwell.png\",\"width\":889,\"height\":164,\"caption\":\"Treatwell\"},\"image\":{\"@id\":\"https:\\\/\\\/www.treatwell.de/treatment-files\\\/#\\\/schema\\\/logo\\\/image\\\/\"}},{\"@type\":\"Person\",\"@id\":\"\",\"url\":\"https:\\\/\\\/www.treatwell.de/treatment-files\\\/author\\\/\"}]}<\/script>\n<!-- \/ Yoast SEO plugin. -->","yoast_head_json":{"title":"Vom Balken zur Soft Brow - Treatwell","description":"Der starke Instagram-Look mit den dunklen, buschigen, gemalten Augenbrauen ist vorbei. Mit den Soft Brows erwartet uns nun eine nat\u00fcrliche, weiche Variante.","robots":{"index":"index","follow":"follow","max-snippet":"max-snippet:-1","max-image-preview":"max-image-preview:large","max-video-preview":"max-video-preview:-1"},"canonical":"https:\/\/www.treatwell.de/treatment-files\/vom-balken-zur-soft-brow\/","og_locale":"de_DE","og_type":"article","og_title":"Vom Balken zur Soft Brow - Treatwell","og_description":"Der starke Instagram-Look mit den dunklen, buschigen, gemalten Augenbrauen ist vorbei. Mit den Soft Brows erwartet uns nun eine nat\u00fcrliche, weiche Variante.","og_url":"https:\/\/www.treatwell.de/treatment-files\/vom-balken-zur-soft-brow\/","og_site_name":"The Treatment Files Blog","article_published_time":"2020-02-19T09:00:30+00:00","article_modified_time":"2026-01-18T14:01:04+00:00","og_image":[{"width":628,"height":628,"url":"https:\/\/www.treatwell.de/treatment-files\/wp-content\/uploads\/sites\/7\/2022\/03\/Soft-Brows_FEATURED.jpg","type":"image\/jpeg"}],"twitter_card":"summary_large_image","twitter_misc":{"Verfasst von":"","Gesch\u00e4tzte Lesezeit":"2 Minuten"},"schema":{"@context":"https:\/\/schema.org","@graph":[{"@type":"Article","@id":"https:\/\/www.treatwell.de/treatment-files\/vom-balken-zur-soft-brow\/#article","isPartOf":{"@id":"https:\/\/www.treatwell.de/treatment-files\/vom-balken-zur-soft-brow\/"},"author":{"name":"","@id":""},"headline":"Vom Balken zur Soft Brow","datePublished":"2020-02-19T09:00:30+00:00","dateModified":"2026-01-18T14:01:04+00:00","mainEntityOfPage":{"@id":"https:\/\/www.treatwell.de/treatment-files\/vom-balken-zur-soft-brow\/"},"wordCount":323,"publisher":{"@id":"https:\/\/www.treatwell.de/treatment-files\/#organization"},"image":{"@id":"https:\/\/www.treatwell.de/treatment-files\/vom-balken-zur-soft-brow\/#primaryimage"},"thumbnailUrl":"https:\/\/www.treatwell.de/treatment-files\/wp-content\/uploads\/sites\/7\/2022\/03\/Soft-Brows_FEATURED.jpg","keywords":["Eyebrow and Eyelash Treatments"],"articleSection":["Editor's Picks Long-form"],"inLanguage":"de-DE"},{"@type":"WebPage","@id":"https:\/\/www.treatwell.de/treatment-files\/vom-balken-zur-soft-brow\/","url":"https:\/\/www.treatwell.de/treatment-files\/vom-balken-zur-soft-brow\/","name":"Vom Balken zur Soft Brow - Treatwell","isPartOf":{"@id":"https:\/\/www.treatwell.de/treatment-files\/#website"},"primaryImageOfPage":{"@id":"https:\/\/www.treatwell.de/treatment-files\/vom-balken-zur-soft-brow\/#primaryimage"},"image":{"@id":"https:\/\/www.treatwell.de/treatment-files\/vom-balken-zur-soft-brow\/#primaryimage"},"thumbnailUrl":"https:\/\/www.treatwell.de/treatment-files\/wp-content\/uploads\/sites\/7\/2022\/03\/Soft-Brows_FEATURED.jpg","datePublished":"2020-02-19T09:00:30+00:00","dateModified":"2026-01-18T14:01:04+00:00","description":"Der starke Instagram-Look mit den dunklen, buschigen, gemalten Augenbrauen ist vorbei. Mit den Soft Brows erwartet uns nun eine nat\u00fcrliche, weiche Variante.","breadcrumb":{"@id":"https:\/\/www.treatwell.de/treatment-files\/vom-balken-zur-soft-brow\/#breadcrumb"},"inLanguage":"de-DE","potentialAction":[{"@type":"ReadAction","target":["https:\/\/www.treatwell.de/treatment-files\/vom-balken-zur-soft-brow\/"]}]},{"@type":"ImageObject","inLanguage":"de-DE","@id":"https:\/\/www.treatwell.de/treatment-files\/vom-balken-zur-soft-brow\/#primaryimage","url":"https:\/\/www.treatwell.de/treatment-files\/wp-content\/uploads\/sites\/7\/2022\/03\/Soft-Brows_FEATURED.jpg","contentUrl":"https:\/\/www.treatwell.de/treatment-files\/wp-content\/uploads\/sites\/7\/2022\/03\/Soft-Brows_FEATURED.jpg","width":628,"height":628},{"@type":"BreadcrumbList","@id":"https:\/\/www.treatwell.de/treatment-files\/vom-balken-zur-soft-brow\/#breadcrumb","itemListElement":[{"@type":"ListItem","position":1,"name":"Home","item":"https:\/\/www.treatwell.de/treatment-files\/"},{"@type":"ListItem","position":2,"name":"Editor's Picks Long-form","item":"https:\/\/www.treatwell.de/treatment-files\/editors-picks-long-form\/"},{"@type":"ListItem","position":3,"name":"Vom Balken zur Soft Brow"}]},{"@type":"WebSite","@id":"https:\/\/www.treatwell.de/treatment-files\/#website","url":"https:\/\/www.treatwell.de/treatment-files\/","name":"The Treatment Files Blog","description":"Beauty entdecken. Beauty erleben.","publisher":{"@id":"https:\/\/www.treatwell.de/treatment-files\/#organization"},"potentialAction":[{"@type":"SearchAction","target":{"@type":"EntryPoint","urlTemplate":"https:\/\/www.treatwell.de/treatment-files\/?s={search_term_string}"},"query-input":{"@type":"PropertyValueSpecification","valueRequired":true,"valueName":"search_term_string"}}],"inLanguage":"de-DE"},{"@type":"Organization","@id":"https:\/\/www.treatwell.de/treatment-files\/#organization","name":"Treatwell","url":"https:\/\/www.treatwell.de/treatment-files\/","logo":{"@type":"ImageObject","inLanguage":"de-DE","@id":"https:\/\/www.treatwell.de/treatment-files\/#\/schema\/logo\/image\/","url":"https:\/\/www.treatwell.de/treatment-files\/wp-content\/uploads\/sites\/7\/2022\/03\/logo_treatwell.png","contentUrl":"https:\/\/www.treatwell.de/treatment-files\/wp-content\/uploads\/sites\/7\/2022\/03\/logo_treatwell.png","width":889,"height":164,"caption":"Treatwell"},"image":{"@id":"https:\/\/www.treatwell.de/treatment-files\/#\/schema\/logo\/image\/"}},{"@type":"Person","@id":"","url":"https:\/\/www.treatwell.de/treatment-files\/author\/"}]}},"featured_image_src":"https:\/\/www.treatwell.de/treatment-files\/wp-content\/uploads\/sites\/7\/2022\/03\/Soft-Brows_FEATURED-600x400.jpg","featured_image_src_square":"https:\/\/www.treatwell.de/treatment-files\/wp-content\/uploads\/sites\/7\/2022\/03\/Soft-Brows_FEATURED-600x600.jpg","author_info":{"display_name":"","author_link":"https:\/\/www.treatwell.de/treatment-files\/author\/"},"_links":{"self":[{"href":"https:\/\/www.treatwell.de\/treatment-files\/wp-json\/wp\/v2\/posts\/21314","targetHints":{"allow":["GET"]}}],"collection":[{"href":"https:\/\/www.treatwell.de\/treatment-files\/wp-json\/wp\/v2\/posts"}],"about":[{"href":"https:\/\/www.treatwell.de\/treatment-files\/wp-json\/wp\/v2\/types\/post"}],"author":[{"embeddable":true,"href":"https:\/\/www.treatwell.de\/treatment-files\/wp-json\/wp\/v2\/users\/3290"}],"replies":[{"embeddable":true,"href":"https:\/\/www.treatwell.de\/treatment-files\/wp-json\/wp\/v2\/comments?post=21314"}],"version-history":[{"count":0,"href":"https:\/\/www.treatwell.de\/treatment-files\/wp-json\/wp\/v2\/posts\/21314\/revisions"}],"wp:featuredmedia":[{"embeddable":true,"href":"https:\/\/www.treatwell.de\/treatment-files\/wp-json\/wp\/v2\/media\/21316"}],"wp:attachment":[{"href":"https:\/\/www.treatwell.de\/treatment-files\/wp-json\/wp\/v2\/media?parent=21314"}],"wp:term":[{"taxonomy":"category","embeddable":true,"href":"https:\/\/www.treatwell.de\/treatment-files\/wp-json\/wp\/v2\/categories?post=21314"},{"taxonomy":"post_tag","embeddable":true,"href":"https:\/\/www.treatwell.de\/treatment-files\/wp-json\/wp\/v2\/tags?post=21314"}],"curies":[{"name":"wp","href":"https:\/\/api.w.org\/{rel}","templated":true}]}}