{"id":20618,"date":"2019-02-19T17:41:39","date_gmt":"2019-02-19T16:41:39","guid":{"rendered":"https:\/\/www.treatwell.de\/treatment-files\/?p=16309"},"modified":"2026-01-18T14:59:12","modified_gmt":"2026-01-18T13:59:12","slug":"ode-an-karl-lagerfeld-seine-schonsten-beauty-looks-fur-chanel","status":"publish","type":"post","link":"https:\/\/www.treatwell.de/treatment-files\/ode-an-karl-lagerfeld-seine-schonsten-beauty-looks-fur-chanel\/","title":{"rendered":"Ode an Karl Lagerfeld: Seine sch\u00f6nsten Beauty-Looks f\u00fcr Chanel"},"content":{"rendered":"<p style=\"text-align: justify\"><span style=\"font-weight: 400\">Heute Morgen gab\u2019s traurige Nachricht aus Paris: Karl Lagerfeld, Creative Director und Mastermind der Marke Chanel ist im Alter von 85 Jahren verstorben. Seit seiner letzten Pr\u00e4sentation stellte sich uns die Frage, wie es um das Wohlergehen des Designers steht, der am Ende der Show nicht mehr \u00fcber den Laufsteg lief. In den vergangen Wochen hatte sich die Sorge um Karl Lagerfeld\u2019s Gesundheit gemehrt, da er sich seit einigen Monaten von der Bildfl\u00e4che zur\u00fcckgezogen hatte. W\u00e4hrend wir uns mit einem lachenden und weinenden Auge von der wohl gr\u00f6\u00dften Ikone der Modewelt verabschieden, denken wir an seine sch\u00f6nsten Kreationen in der Beautyszene zur\u00fcck.<\/span><\/p>\n<p style=\"text-align: justify\"><span style=\"font-weight: 400\">Wie zum Beispiel in den fr\u00fchen 2000ern: <\/span><a href=\"https:\/\/www.vogue.com\/fashion-shows\/fall-2003-ready-to-wear\/chanel\/slideshow\/collection#4\"><span style=\"font-weight: 400\">Die ersten gehighlighteten Wangen<\/span><\/a><span style=\"font-weight: 400\"> stolzieren \u00fcber den Laufsteg als Teil einer Fall\/Winter Kollektion. In einer Zeit w\u00e4hrend Bronzing Puder noch hoch im Kurs war, haben schimmernde Lidschatten und zartrosa Lippen die Beautywelt im Sturm erobert.<\/span><\/p>\n<p style=\"text-align: justify\"><span style=\"font-weight: 400\">Oder in den fr\u00fchen 2000ern: Die \u2018girl next door\u201d \u00c4ra inspiriert Chanel f\u00fcr eine ihrer Spring\/Summer Kollektionen. <\/span><a href=\"https:\/\/www.vogue.com\/fashion-shows\/spring-2004-ready-to-wear\/chanel\/slideshow\/collection#19\"><span style=\"font-weight: 400\">Peacock-Farben aus den wilden 60er Jahren<\/span><\/a><span style=\"font-weight: 400\"> geben den Ton an und lassen Kleidungsst\u00fccke und Beauty-Looks cool und chic aussehen. Die blaue Mascara hat unter Beautygurus bereits eifrig f\u00fcr Gespr\u00e4chsstoff gesorgt, genauso wie t\u00fcrkiser und blaugr\u00fcner Lidschatten. Chanel wird mutiger in der Kreation: All in all \u2013 fun and wild!<\/span><\/p>\n<p style=\"text-align: justify\"><span style=\"font-weight: 400\">Und nat\u00fcrlich in den 2010er Jahren: Chanel\u2019s Deb\u00fct mit einer Kombination aus franz\u00f6sischer Royalty und einem Touch von Karl Lagerfelds Rock-Star Edge. Als Teil einer Fall\/Winter Kollektion sorgte texturierter Lidschatten f\u00fcr Verwirrung und Aufsehen in der Beautyszene. Tragbar oder nicht, war wohl eher die Frage. Die Grundidee dahinter war allerdings das Augen Make-up an die Textur der Handtaschen und Schuhe (das bekannte Tweedmuster) anzupassen. Kreiert wurde der Look ganz einfach aus schwarzen Pigmenten, die im Anschluss auf das Augenlid \u2018gestempelt\u2019wurden. <\/span><a href=\"https:\/\/www.vogue.com\/fashion-shows\/fall-2010-ready-to-wear\/chanel\/slideshow\/details#2\"><span style=\"font-weight: 400\">Auftoupierte Haare<\/span><\/a><span style=\"font-weight: 400\"> haben den punkigen und dennoch eleganten Beauty-Look der Models erg\u00e4nzt.\u00a0<\/span><span style=\"font-weight: 400\">Wie dir aber bereits dein Chanel-Erinnerungsverm\u00f6gen offenbart hat, war das noch l\u00e4ngst nicht alles (denn es gibt noch jede Menge mehr). Deshalb haben wir die bekanntesten Beauty-Looks zusammengesucht, die uns in f\u00fcr immer in Erinnerung bleiben werden. Karl is gone, but his legend lives on!<\/span><\/p>\n<p>Von Isabella Tombinski-Robb<\/p>\n<p style=\"text-align: justify\">\n<div class=\"schema-faq wp-block-yoast-faq-block\"><\/div>\n","protected":false},"excerpt":{"rendered":"<p>Heute Morgen gab\u2019s traurige Nachricht aus Paris: Karl Lagerfeld, Creative Director und Mastermind der Marke Chanel ist im Alter von 85 Jahren verstorben. Seit seiner letzten Pr\u00e4sentation stellte sich uns die Frage, wie es um das Wohlergehen des Designers steht, der am Ende der Show nicht mehr \u00fcber den Laufsteg lief. In den vergangen Wochen [&hellip;]<\/p>\n","protected":false},"author":3318,"featured_media":20630,"comment_status":"closed","ping_status":"closed","sticky":false,"template":"","format":"standard","meta":{"_acf_changed":false,"_yoast_wpseo_title":"Ode an Karl Lagerfeld: Seine sch\u00f6nsten Beauty-Looks f\u00fcr Chanel - Treatwell","_yoast_wpseo_metadesc":"Heute Morgen gab\u2019s traurige Nachricht aus Paris: Karl Lagerfeld, Creative Director und Mastermind der Marke Chanel ist im Alter von 85 Jahren verstorben.","_genesis_hide_title":false,"_genesis_hide_breadcrumbs":false,"_genesis_hide_singular_image":false,"_genesis_hide_footer_widgets":false,"_genesis_custom_body_class":"","_genesis_custom_post_class":"","_genesis_layout":"","saswp_custom_schema_field":"","footnotes":""},"categories":[2],"tags":[15],"class_list":{"0":"post-20618","1":"post","2":"type-post","3":"status-publish","4":"format-standard","5":"has-post-thumbnail","7":"category-trends","8":"tag-tr212","9":"entry"},"acf":{"post_credits":"Bildrechte: Shutterstock: Hero, 3,5,8,9,10,11,12,13 Instagram: 1: @curvycaravan, 2: @frenchfripes, 4: @lurobbie, 6: @sprinkesofvogue, 7: @everythingcocochanel","beauty_blog_post_button_title":"","beauty_blog_post_button":"","landscape_picture":20629,"blocks":[{"block_title":"","block_content":"","video_content":"","block_picture":20619},{"block_title":"","block_content":"","video_content":"","block_picture":20620},{"block_title":"","block_content":"","video_content":"","block_picture":20621},{"block_title":"","block_content":"","video_content":"","block_picture":20622},{"block_title":"","block_content":"","video_content":"","block_picture":20623},{"block_title":"","block_content":"","video_content":"","block_picture":20624},{"block_title":"","block_content":"","video_content":"","block_picture":20625},{"block_title":"","block_content":"","video_content":"","block_picture":20626},{"block_title":"","block_content":"","video_content":"","block_picture":20627},{"block_title":"","block_content":"","video_content":"","block_picture":20628}]},"yoast_head":"<!-- This site is optimized with the Yoast SEO plugin v27.4 - https:\/\/yoast.com\/product\/yoast-seo-wordpress\/ -->\n<title>Ode an Karl Lagerfeld: Seine sch\u00f6nsten Beauty-Looks f\u00fcr Chanel - Treatwell<\/title>\n<meta name=\"description\" content=\"Heute Morgen gab\u2019s traurige Nachricht aus Paris: Karl Lagerfeld, Creative Director und Mastermind der Marke Chanel ist im Alter von 85 Jahren verstorben.\" \/>\n<meta name=\"robots\" content=\"index, follow, max-snippet:-1, max-image-preview:large, max-video-preview:-1\" \/>\n<link rel=\"canonical\" href=\"https:\/\/www.treatwell.de/treatment-files\/ode-an-karl-lagerfeld-seine-schonsten-beauty-looks-fur-chanel\/\" \/>\n<meta property=\"og:locale\" content=\"de_DE\" \/>\n<meta property=\"og:type\" content=\"article\" \/>\n<meta property=\"og:title\" content=\"Ode an Karl Lagerfeld: Seine sch\u00f6nsten Beauty-Looks f\u00fcr Chanel - Treatwell\" \/>\n<meta property=\"og:description\" content=\"Heute Morgen gab\u2019s traurige Nachricht aus Paris: Karl Lagerfeld, Creative Director und Mastermind der Marke Chanel ist im Alter von 85 Jahren verstorben.\" \/>\n<meta property=\"og:url\" content=\"https:\/\/www.treatwell.de/treatment-files\/ode-an-karl-lagerfeld-seine-schonsten-beauty-looks-fur-chanel\/\" \/>\n<meta property=\"og:site_name\" content=\"The Treatment Files Blog\" \/>\n<meta property=\"article:published_time\" content=\"2019-02-19T16:41:39+00:00\" \/>\n<meta property=\"article:modified_time\" content=\"2026-01-18T13:59:12+00:00\" \/>\n<meta property=\"og:image\" content=\"https:\/\/www.treatwell.de/treatment-files\/wp-content\/uploads\/sites\/7\/2022\/03\/Chanel-Featured.png\" \/>\n\t<meta property=\"og:image:width\" content=\"500\" \/>\n\t<meta property=\"og:image:height\" content=\"500\" \/>\n\t<meta property=\"og:image:type\" content=\"image\/png\" \/>\n<meta name=\"author\" content=\"Isabella Tombinski-robb\" \/>\n<meta name=\"twitter:card\" content=\"summary_large_image\" \/>\n<meta name=\"twitter:label1\" content=\"Verfasst von\" \/>\n\t<meta name=\"twitter:data1\" content=\"Isabella Tombinski-robb\" \/>\n\t<meta name=\"twitter:label2\" content=\"Gesch\u00e4tzte Lesezeit\" \/>\n\t<meta name=\"twitter:data2\" content=\"2 Minuten\" \/>\n<script type=\"application\/ld+json\" class=\"yoast-schema-graph\">{\"@context\":\"https:\\\/\\\/schema.org\",\"@graph\":[{\"@type\":\"Article\",\"@id\":\"https:\\\/\\\/www.treatwell.de/treatment-files\\\/ode-an-karl-lagerfeld-seine-schonsten-beauty-looks-fur-chanel\\\/#article\",\"isPartOf\":{\"@id\":\"https:\\\/\\\/www.treatwell.de/treatment-files\\\/ode-an-karl-lagerfeld-seine-schonsten-beauty-looks-fur-chanel\\\/\"},\"author\":{\"name\":\"Isabella Tombinski-robb\",\"@id\":\"https:\\\/\\\/www.treatwell.de/treatment-files\\\/#\\\/schema\\\/person\\\/869d3f19bdf4203c8e6e97c64e1c3c8e\"},\"headline\":\"Ode an Karl Lagerfeld: Seine sch\u00f6nsten Beauty-Looks f\u00fcr Chanel\",\"datePublished\":\"2019-02-19T16:41:39+00:00\",\"dateModified\":\"2026-01-18T13:59:12+00:00\",\"mainEntityOfPage\":{\"@id\":\"https:\\\/\\\/www.treatwell.de/treatment-files\\\/ode-an-karl-lagerfeld-seine-schonsten-beauty-looks-fur-chanel\\\/\"},\"wordCount\":390,\"publisher\":{\"@id\":\"https:\\\/\\\/www.treatwell.de/treatment-files\\\/#organization\"},\"image\":{\"@id\":\"https:\\\/\\\/www.treatwell.de/treatment-files\\\/ode-an-karl-lagerfeld-seine-schonsten-beauty-looks-fur-chanel\\\/#primaryimage\"},\"thumbnailUrl\":\"https:\\\/\\\/www.treatwell.de/treatment-files\\\/wp-content\\\/uploads\\\/sites\\\/7\\\/2022\\\/03\\\/Chanel-Featured.png\",\"keywords\":[\"Makeup\"],\"articleSection\":[\"Trends\"],\"inLanguage\":\"de-DE\"},{\"@type\":\"WebPage\",\"@id\":\"https:\\\/\\\/www.treatwell.de/treatment-files\\\/ode-an-karl-lagerfeld-seine-schonsten-beauty-looks-fur-chanel\\\/\",\"url\":\"https:\\\/\\\/www.treatwell.de/treatment-files\\\/ode-an-karl-lagerfeld-seine-schonsten-beauty-looks-fur-chanel\\\/\",\"name\":\"Ode an Karl Lagerfeld: Seine sch\u00f6nsten Beauty-Looks f\u00fcr Chanel - Treatwell\",\"isPartOf\":{\"@id\":\"https:\\\/\\\/www.treatwell.de/treatment-files\\\/#website\"},\"primaryImageOfPage\":{\"@id\":\"https:\\\/\\\/www.treatwell.de/treatment-files\\\/ode-an-karl-lagerfeld-seine-schonsten-beauty-looks-fur-chanel\\\/#primaryimage\"},\"image\":{\"@id\":\"https:\\\/\\\/www.treatwell.de/treatment-files\\\/ode-an-karl-lagerfeld-seine-schonsten-beauty-looks-fur-chanel\\\/#primaryimage\"},\"thumbnailUrl\":\"https:\\\/\\\/www.treatwell.de/treatment-files\\\/wp-content\\\/uploads\\\/sites\\\/7\\\/2022\\\/03\\\/Chanel-Featured.png\",\"datePublished\":\"2019-02-19T16:41:39+00:00\",\"dateModified\":\"2026-01-18T13:59:12+00:00\",\"description\":\"Heute Morgen gab\u2019s traurige Nachricht aus Paris: Karl Lagerfeld, Creative Director und Mastermind der Marke Chanel ist im Alter von 85 Jahren verstorben.\",\"breadcrumb\":{\"@id\":\"https:\\\/\\\/www.treatwell.de/treatment-files\\\/ode-an-karl-lagerfeld-seine-schonsten-beauty-looks-fur-chanel\\\/#breadcrumb\"},\"inLanguage\":\"de-DE\",\"potentialAction\":[{\"@type\":\"ReadAction\",\"target\":[\"https:\\\/\\\/www.treatwell.de/treatment-files\\\/ode-an-karl-lagerfeld-seine-schonsten-beauty-looks-fur-chanel\\\/\"]}]},{\"@type\":\"ImageObject\",\"inLanguage\":\"de-DE\",\"@id\":\"https:\\\/\\\/www.treatwell.de/treatment-files\\\/ode-an-karl-lagerfeld-seine-schonsten-beauty-looks-fur-chanel\\\/#primaryimage\",\"url\":\"https:\\\/\\\/www.treatwell.de/treatment-files\\\/wp-content\\\/uploads\\\/sites\\\/7\\\/2022\\\/03\\\/Chanel-Featured.png\",\"contentUrl\":\"https:\\\/\\\/www.treatwell.de/treatment-files\\\/wp-content\\\/uploads\\\/sites\\\/7\\\/2022\\\/03\\\/Chanel-Featured.png\",\"width\":500,\"height\":500},{\"@type\":\"BreadcrumbList\",\"@id\":\"https:\\\/\\\/www.treatwell.de/treatment-files\\\/ode-an-karl-lagerfeld-seine-schonsten-beauty-looks-fur-chanel\\\/#breadcrumb\",\"itemListElement\":[{\"@type\":\"ListItem\",\"position\":1,\"name\":\"Home\",\"item\":\"https:\\\/\\\/www.treatwell.de/treatment-files\\\/\"},{\"@type\":\"ListItem\",\"position\":2,\"name\":\"Trends\",\"item\":\"https:\\\/\\\/www.treatwell.de/treatment-files\\\/trends\\\/\"},{\"@type\":\"ListItem\",\"position\":3,\"name\":\"Ode an Karl Lagerfeld: Seine sch\u00f6nsten Beauty-Looks f\u00fcr Chanel\"}]},{\"@type\":\"WebSite\",\"@id\":\"https:\\\/\\\/www.treatwell.de/treatment-files\\\/#website\",\"url\":\"https:\\\/\\\/www.treatwell.de/treatment-files\\\/\",\"name\":\"The Treatment Files Blog\",\"description\":\"Beauty entdecken. Beauty erleben.\",\"publisher\":{\"@id\":\"https:\\\/\\\/www.treatwell.de/treatment-files\\\/#organization\"},\"potentialAction\":[{\"@type\":\"SearchAction\",\"target\":{\"@type\":\"EntryPoint\",\"urlTemplate\":\"https:\\\/\\\/www.treatwell.de/treatment-files\\\/?s={search_term_string}\"},\"query-input\":{\"@type\":\"PropertyValueSpecification\",\"valueRequired\":true,\"valueName\":\"search_term_string\"}}],\"inLanguage\":\"de-DE\"},{\"@type\":\"Organization\",\"@id\":\"https:\\\/\\\/www.treatwell.de/treatment-files\\\/#organization\",\"name\":\"Treatwell\",\"url\":\"https:\\\/\\\/www.treatwell.de/treatment-files\\\/\",\"logo\":{\"@type\":\"ImageObject\",\"inLanguage\":\"de-DE\",\"@id\":\"https:\\\/\\\/www.treatwell.de/treatment-files\\\/#\\\/schema\\\/logo\\\/image\\\/\",\"url\":\"https:\\\/\\\/www.treatwell.de/treatment-files\\\/wp-content\\\/uploads\\\/sites\\\/7\\\/2022\\\/03\\\/logo_treatwell.png\",\"contentUrl\":\"https:\\\/\\\/www.treatwell.de/treatment-files\\\/wp-content\\\/uploads\\\/sites\\\/7\\\/2022\\\/03\\\/logo_treatwell.png\",\"width\":889,\"height\":164,\"caption\":\"Treatwell\"},\"image\":{\"@id\":\"https:\\\/\\\/www.treatwell.de/treatment-files\\\/#\\\/schema\\\/logo\\\/image\\\/\"}},{\"@type\":\"Person\",\"@id\":\"https:\\\/\\\/www.treatwell.de/treatment-files\\\/#\\\/schema\\\/person\\\/869d3f19bdf4203c8e6e97c64e1c3c8e\",\"name\":\"Isabella Tombinski-robb\",\"image\":{\"@type\":\"ImageObject\",\"inLanguage\":\"de-DE\",\"@id\":\"https:\\\/\\\/secure.gravatar.com\\\/avatar\\\/624ce3bd6151d711f02c8c31549c8390027943dc1293e17bf28c136ce4288a80?s=96&d=mm&r=g\",\"url\":\"https:\\\/\\\/secure.gravatar.com\\\/avatar\\\/624ce3bd6151d711f02c8c31549c8390027943dc1293e17bf28c136ce4288a80?s=96&d=mm&r=g\",\"contentUrl\":\"https:\\\/\\\/secure.gravatar.com\\\/avatar\\\/624ce3bd6151d711f02c8c31549c8390027943dc1293e17bf28c136ce4288a80?s=96&d=mm&r=g\",\"caption\":\"Isabella Tombinski-robb\"},\"url\":\"https:\\\/\\\/www.treatwell.de/treatment-files\\\/author\\\/isabellatombinskirobb\\\/\"}]}<\/script>\n<!-- \/ Yoast SEO plugin. -->","yoast_head_json":{"title":"Ode an Karl Lagerfeld: Seine sch\u00f6nsten Beauty-Looks f\u00fcr Chanel - Treatwell","description":"Heute Morgen gab\u2019s traurige Nachricht aus Paris: Karl Lagerfeld, Creative Director und Mastermind der Marke Chanel ist im Alter von 85 Jahren verstorben.","robots":{"index":"index","follow":"follow","max-snippet":"max-snippet:-1","max-image-preview":"max-image-preview:large","max-video-preview":"max-video-preview:-1"},"canonical":"https:\/\/www.treatwell.de/treatment-files\/ode-an-karl-lagerfeld-seine-schonsten-beauty-looks-fur-chanel\/","og_locale":"de_DE","og_type":"article","og_title":"Ode an Karl Lagerfeld: Seine sch\u00f6nsten Beauty-Looks f\u00fcr Chanel - Treatwell","og_description":"Heute Morgen gab\u2019s traurige Nachricht aus Paris: Karl Lagerfeld, Creative Director und Mastermind der Marke Chanel ist im Alter von 85 Jahren verstorben.","og_url":"https:\/\/www.treatwell.de/treatment-files\/ode-an-karl-lagerfeld-seine-schonsten-beauty-looks-fur-chanel\/","og_site_name":"The Treatment Files Blog","article_published_time":"2019-02-19T16:41:39+00:00","article_modified_time":"2026-01-18T13:59:12+00:00","og_image":[{"width":500,"height":500,"url":"https:\/\/www.treatwell.de/treatment-files\/wp-content\/uploads\/sites\/7\/2022\/03\/Chanel-Featured.png","type":"image\/png"}],"author":"Isabella Tombinski-robb","twitter_card":"summary_large_image","twitter_misc":{"Verfasst von":"Isabella Tombinski-robb","Gesch\u00e4tzte Lesezeit":"2 Minuten"},"schema":{"@context":"https:\/\/schema.org","@graph":[{"@type":"Article","@id":"https:\/\/www.treatwell.de/treatment-files\/ode-an-karl-lagerfeld-seine-schonsten-beauty-looks-fur-chanel\/#article","isPartOf":{"@id":"https:\/\/www.treatwell.de/treatment-files\/ode-an-karl-lagerfeld-seine-schonsten-beauty-looks-fur-chanel\/"},"author":{"name":"Isabella Tombinski-robb","@id":"https:\/\/www.treatwell.de/treatment-files\/#\/schema\/person\/869d3f19bdf4203c8e6e97c64e1c3c8e"},"headline":"Ode an Karl Lagerfeld: Seine sch\u00f6nsten Beauty-Looks f\u00fcr Chanel","datePublished":"2019-02-19T16:41:39+00:00","dateModified":"2026-01-18T13:59:12+00:00","mainEntityOfPage":{"@id":"https:\/\/www.treatwell.de/treatment-files\/ode-an-karl-lagerfeld-seine-schonsten-beauty-looks-fur-chanel\/"},"wordCount":390,"publisher":{"@id":"https:\/\/www.treatwell.de/treatment-files\/#organization"},"image":{"@id":"https:\/\/www.treatwell.de/treatment-files\/ode-an-karl-lagerfeld-seine-schonsten-beauty-looks-fur-chanel\/#primaryimage"},"thumbnailUrl":"https:\/\/www.treatwell.de/treatment-files\/wp-content\/uploads\/sites\/7\/2022\/03\/Chanel-Featured.png","keywords":["Makeup"],"articleSection":["Trends"],"inLanguage":"de-DE"},{"@type":"WebPage","@id":"https:\/\/www.treatwell.de/treatment-files\/ode-an-karl-lagerfeld-seine-schonsten-beauty-looks-fur-chanel\/","url":"https:\/\/www.treatwell.de/treatment-files\/ode-an-karl-lagerfeld-seine-schonsten-beauty-looks-fur-chanel\/","name":"Ode an Karl Lagerfeld: Seine sch\u00f6nsten Beauty-Looks f\u00fcr Chanel - Treatwell","isPartOf":{"@id":"https:\/\/www.treatwell.de/treatment-files\/#website"},"primaryImageOfPage":{"@id":"https:\/\/www.treatwell.de/treatment-files\/ode-an-karl-lagerfeld-seine-schonsten-beauty-looks-fur-chanel\/#primaryimage"},"image":{"@id":"https:\/\/www.treatwell.de/treatment-files\/ode-an-karl-lagerfeld-seine-schonsten-beauty-looks-fur-chanel\/#primaryimage"},"thumbnailUrl":"https:\/\/www.treatwell.de/treatment-files\/wp-content\/uploads\/sites\/7\/2022\/03\/Chanel-Featured.png","datePublished":"2019-02-19T16:41:39+00:00","dateModified":"2026-01-18T13:59:12+00:00","description":"Heute Morgen gab\u2019s traurige Nachricht aus Paris: Karl Lagerfeld, Creative Director und Mastermind der Marke Chanel ist im Alter von 85 Jahren verstorben.","breadcrumb":{"@id":"https:\/\/www.treatwell.de/treatment-files\/ode-an-karl-lagerfeld-seine-schonsten-beauty-looks-fur-chanel\/#breadcrumb"},"inLanguage":"de-DE","potentialAction":[{"@type":"ReadAction","target":["https:\/\/www.treatwell.de/treatment-files\/ode-an-karl-lagerfeld-seine-schonsten-beauty-looks-fur-chanel\/"]}]},{"@type":"ImageObject","inLanguage":"de-DE","@id":"https:\/\/www.treatwell.de/treatment-files\/ode-an-karl-lagerfeld-seine-schonsten-beauty-looks-fur-chanel\/#primaryimage","url":"https:\/\/www.treatwell.de/treatment-files\/wp-content\/uploads\/sites\/7\/2022\/03\/Chanel-Featured.png","contentUrl":"https:\/\/www.treatwell.de/treatment-files\/wp-content\/uploads\/sites\/7\/2022\/03\/Chanel-Featured.png","width":500,"height":500},{"@type":"BreadcrumbList","@id":"https:\/\/www.treatwell.de/treatment-files\/ode-an-karl-lagerfeld-seine-schonsten-beauty-looks-fur-chanel\/#breadcrumb","itemListElement":[{"@type":"ListItem","position":1,"name":"Home","item":"https:\/\/www.treatwell.de/treatment-files\/"},{"@type":"ListItem","position":2,"name":"Trends","item":"https:\/\/www.treatwell.de/treatment-files\/trends\/"},{"@type":"ListItem","position":3,"name":"Ode an Karl Lagerfeld: Seine sch\u00f6nsten Beauty-Looks f\u00fcr Chanel"}]},{"@type":"WebSite","@id":"https:\/\/www.treatwell.de/treatment-files\/#website","url":"https:\/\/www.treatwell.de/treatment-files\/","name":"The Treatment Files Blog","description":"Beauty entdecken. Beauty erleben.","publisher":{"@id":"https:\/\/www.treatwell.de/treatment-files\/#organization"},"potentialAction":[{"@type":"SearchAction","target":{"@type":"EntryPoint","urlTemplate":"https:\/\/www.treatwell.de/treatment-files\/?s={search_term_string}"},"query-input":{"@type":"PropertyValueSpecification","valueRequired":true,"valueName":"search_term_string"}}],"inLanguage":"de-DE"},{"@type":"Organization","@id":"https:\/\/www.treatwell.de/treatment-files\/#organization","name":"Treatwell","url":"https:\/\/www.treatwell.de/treatment-files\/","logo":{"@type":"ImageObject","inLanguage":"de-DE","@id":"https:\/\/www.treatwell.de/treatment-files\/#\/schema\/logo\/image\/","url":"https:\/\/www.treatwell.de/treatment-files\/wp-content\/uploads\/sites\/7\/2022\/03\/logo_treatwell.png","contentUrl":"https:\/\/www.treatwell.de/treatment-files\/wp-content\/uploads\/sites\/7\/2022\/03\/logo_treatwell.png","width":889,"height":164,"caption":"Treatwell"},"image":{"@id":"https:\/\/www.treatwell.de/treatment-files\/#\/schema\/logo\/image\/"}},{"@type":"Person","@id":"https:\/\/www.treatwell.de/treatment-files\/#\/schema\/person\/869d3f19bdf4203c8e6e97c64e1c3c8e","name":"Isabella Tombinski-robb","image":{"@type":"ImageObject","inLanguage":"de-DE","@id":"https:\/\/secure.gravatar.com\/avatar\/624ce3bd6151d711f02c8c31549c8390027943dc1293e17bf28c136ce4288a80?s=96&d=mm&r=g","url":"https:\/\/secure.gravatar.com\/avatar\/624ce3bd6151d711f02c8c31549c8390027943dc1293e17bf28c136ce4288a80?s=96&d=mm&r=g","contentUrl":"https:\/\/secure.gravatar.com\/avatar\/624ce3bd6151d711f02c8c31549c8390027943dc1293e17bf28c136ce4288a80?s=96&d=mm&r=g","caption":"Isabella Tombinski-robb"},"url":"https:\/\/www.treatwell.de/treatment-files\/author\/isabellatombinskirobb\/"}]}},"featured_image_src":"https:\/\/www.treatwell.de/treatment-files\/wp-content\/uploads\/sites\/7\/2022\/03\/Chanel-Featured-500x400.png","featured_image_src_square":"https:\/\/www.treatwell.de/treatment-files\/wp-content\/uploads\/sites\/7\/2022\/03\/Chanel-Featured.png","author_info":{"display_name":"Isabella Tombinski-robb","author_link":"https:\/\/www.treatwell.de/treatment-files\/author\/isabellatombinskirobb\/"},"_links":{"self":[{"href":"https:\/\/www.treatwell.de\/treatment-files\/wp-json\/wp\/v2\/posts\/20618","targetHints":{"allow":["GET"]}}],"collection":[{"href":"https:\/\/www.treatwell.de\/treatment-files\/wp-json\/wp\/v2\/posts"}],"about":[{"href":"https:\/\/www.treatwell.de\/treatment-files\/wp-json\/wp\/v2\/types\/post"}],"author":[{"embeddable":true,"href":"https:\/\/www.treatwell.de\/treatment-files\/wp-json\/wp\/v2\/users\/3318"}],"replies":[{"embeddable":true,"href":"https:\/\/www.treatwell.de\/treatment-files\/wp-json\/wp\/v2\/comments?post=20618"}],"version-history":[{"count":0,"href":"https:\/\/www.treatwell.de\/treatment-files\/wp-json\/wp\/v2\/posts\/20618\/revisions"}],"wp:featuredmedia":[{"embeddable":true,"href":"https:\/\/www.treatwell.de\/treatment-files\/wp-json\/wp\/v2\/media\/20630"}],"wp:attachment":[{"href":"https:\/\/www.treatwell.de\/treatment-files\/wp-json\/wp\/v2\/media?parent=20618"}],"wp:term":[{"taxonomy":"category","embeddable":true,"href":"https:\/\/www.treatwell.de\/treatment-files\/wp-json\/wp\/v2\/categories?post=20618"},{"taxonomy":"post_tag","embeddable":true,"href":"https:\/\/www.treatwell.de\/treatment-files\/wp-json\/wp\/v2\/tags?post=20618"}],"curies":[{"name":"wp","href":"https:\/\/api.w.org\/{rel}","templated":true}]}}