{"id":20365,"date":"2018-10-29T16:19:58","date_gmt":"2018-10-29T15:19:58","guid":{"rendered":"https:\/\/www.treatwell.de\/treatment-files\/?p=14363"},"modified":"2026-01-18T14:58:17","modified_gmt":"2026-01-18T13:58:17","slug":"diese-fade-haarschnitte-sind-perfekt-fur-deinen-nachsten-besuch-beim-barbier","status":"publish","type":"post","link":"https:\/\/www.treatwell.de/treatment-files\/diese-fade-haarschnitte-sind-perfekt-fur-deinen-nachsten-besuch-beim-barbier\/","title":{"rendered":"Diese Fade-Haarschnitte sind perfekt f\u00fcr deinen n\u00e4chsten Besuch beim Barbier"},"content":{"rendered":"<p style=\"text-align: justify\">Vom Fade-Haarschnitt hast du bestimmt schon mal geh\u00f6rt. Die Chancen, dass jemand in deinem Friseursalon noch nicht danach gefragt hat, ist relativ gering. Oder vielleicht tr\u00e4gst du ihn bereits (und dir ist es nicht bewusst). Dieser Haarschnitt ist kurz gesagt DER M\u00e4nner Haircut schlechthin; kurz an den Seiten gehalten mit einem sanften \u00dcbergang zum etwas l\u00e4ngeren Haar am Oberkopf.<\/p>\n<p style=\"text-align: justify\"><span style=\"font-weight: 400\">Der Undercut-Fade ist ein sehr gutes Beispiel f\u00fcr minimalen Aufwand und maximalen Style-Faktor. Dieser Haarschnitt ist nicht nur super einfach zu erhalten, sondern geh\u00f6rt mittlerweile zu den trendigsten Kurzhaarschnitten. Bei diesem Haarschnitt wird maximale L\u00e4nge am Oberkopf gehalten und die Seiten sind oft nur bis zu 3 mm lang. Super kurz!<\/span><\/p>\n<p style=\"text-align: justify\"><span style=\"font-weight: 400\">Wer bereits die Pomade f\u00fcr sich entdeckt hat, wird mit diesem Style in Sachen Vielseitigkeit Freude haben.\u00a0<\/span><span style=\"font-weight: 400\">High-Skin Fade, Low-Skin Fade, Undercut Fade? Wie mit jedem Haarschnitt nat\u00fcrlich ist ein Foto die beste Art um mit deinem Friseur zu kommunizieren. Hier hast du ein paar Vorschl\u00e4ge, von denen du w\u00e4hlen kannst.<\/span><\/p>\n<p>Von Isabella Tombinski-Robb<\/p>\n<p>&nbsp;<\/p>\n<div class=\"schema-faq wp-block-yoast-faq-block\">\n<div class=\"schema-faq-section\" id=\"faq-question-1768743758774\">\n<h3 class=\"schema-faq-question\">Was verbirgt sich hinter einem Fade-Haarschnitt?<\/h3>\n<p class=\"schema-faq-answer\">Ein Fade-Haarschnitt zeichnet sich durch kurz geschnittene Seiten und einen sanften \u00dcbergang zum l\u00e4ngeren Oberkopf aus. Der \u00dcbergang wirkt besonders modern und sorgt f\u00fcr einen gepflegten Look.<\/div>\n<div class=\"schema-faq-section\" id=\"faq-question-1768743758775\">\n<h3 class=\"schema-faq-question\">Wie kurz werden die Seiten beim Undercut-Fade geschnitten?<\/h3>\n<p class=\"schema-faq-answer\">Beim Undercut-Fade werden die Seiten oft nur bis zu 3 mm kurz gehalten. Am Oberkopf bleibt deutlich mehr L\u00e4nge erhalten, wodurch ein auff\u00e4lliger Kontrast entsteht.<\/div>\n<div class=\"schema-faq-section\" id=\"faq-question-1768743758776\">\n<h3 class=\"schema-faq-question\">Welche Varianten vom Fade-Haarschnitt kannst du w\u00e4hlen?<\/h3>\n<p class=\"schema-faq-answer\">Du kannst zwischen High-Skin Fade, Low-Skin Fade und Undercut Fade w\u00e4hlen. Ein Foto hilft bei der Kommunikation mit den Fachleuten im Salon und sorgt f\u00fcr den gew\u00fcnschten Stil.<\/div>\n<div class=\"schema-faq-section\" id=\"faq-question-1768743758777\">\n<h3 class=\"schema-faq-question\">Warum gilt der Undercut-Fade als trendbewusst und vielseitig?<\/h3>\n<p class=\"schema-faq-answer\">Der Undercut-Fade wirkt mit minimalem Aufwand besonders stylisch und z\u00e4hlt zu den angesagtesten Kurzhaarschnitten. Pomade erh\u00f6ht die Vielseitigkeit und bringt verschiedene Styling-M\u00f6glichkeiten f\u00fcr unterschiedliche Anl\u00e4sse.<\/div>\n<\/p><\/div>\n","protected":false},"excerpt":{"rendered":"<p>Vom Fade-Haarschnitt hast du bestimmt schon mal geh\u00f6rt. Die Chancen, dass jemand in deinem Friseursalon noch nicht danach gefragt hat, ist relativ gering. Oder vielleicht tr\u00e4gst du ihn bereits (und dir ist es nicht bewusst). Dieser Haarschnitt ist kurz gesagt DER M\u00e4nner Haircut schlechthin; kurz an den Seiten gehalten mit einem sanften \u00dcbergang zum etwas [&hellip;]<\/p>\n","protected":false},"author":3318,"featured_media":0,"comment_status":"closed","ping_status":"closed","sticky":false,"template":"","format":"standard","meta":{"_acf_changed":false,"_yoast_wpseo_title":"Diese Fade-Haarschnitte sind perfekt f\u00fcr deinen n\u00e4chsten Besuch beim Barbier - Treatwell","_yoast_wpseo_metadesc":"Vom Fade-Haarschnitt hast du bestimmt schon mal geh\u00f6rt. Die Chancen, dass jemand in deinem Friseursalon noch nicht danach gefragt hat, ist relativ gering.","_genesis_hide_title":false,"_genesis_hide_breadcrumbs":false,"_genesis_hide_singular_image":false,"_genesis_hide_footer_widgets":false,"_genesis_custom_body_class":"","_genesis_custom_post_class":"","_genesis_layout":"","saswp_custom_schema_field":"{\"@context\":\"https:\/\/schema.org\",\"@type\":\"FAQPage\",\"mainEntity\":[{\"@type\":\"Question\",\"name\":\"Was verbirgt sich hinter einem Fade-Haarschnitt?\",\"acceptedAnswer\":{\"@type\":\"Answer\",\"text\":\"Ein Fade-Haarschnitt zeichnet sich durch kurz geschnittene Seiten und einen sanften \u00dcbergang zum l\u00e4ngeren Oberkopf aus. Der \u00dcbergang wirkt besonders modern und sorgt f\u00fcr einen gepflegten Look.\"}},{\"@type\":\"Question\",\"name\":\"Wie kurz werden die Seiten beim Undercut-Fade geschnitten?\",\"acceptedAnswer\":{\"@type\":\"Answer\",\"text\":\"Beim Undercut-Fade werden die Seiten oft nur bis zu 3 mm kurz gehalten. Am Oberkopf bleibt deutlich mehr L\u00e4nge erhalten, wodurch ein auff\u00e4lliger Kontrast entsteht.\"}},{\"@type\":\"Question\",\"name\":\"Welche Varianten vom Fade-Haarschnitt kannst du w\u00e4hlen?\",\"acceptedAnswer\":{\"@type\":\"Answer\",\"text\":\"Du kannst zwischen High-Skin Fade, Low-Skin Fade und Undercut Fade w\u00e4hlen. Ein Foto hilft bei der Kommunikation mit den Fachleuten im Salon und sorgt f\u00fcr den gew\u00fcnschten Stil.\"}},{\"@type\":\"Question\",\"name\":\"Warum gilt der Undercut-Fade als trendbewusst und vielseitig?\",\"acceptedAnswer\":{\"@type\":\"Answer\",\"text\":\"Der Undercut-Fade wirkt mit minimalem Aufwand besonders stylisch und z\u00e4hlt zu den angesagtesten Kurzhaarschnitten. Pomade erh\u00f6ht die Vielseitigkeit und bringt verschiedene Styling-M\u00f6glichkeiten f\u00fcr unterschiedliche Anl\u00e4sse.\"}}]}","footnotes":""},"categories":[2],"tags":[4],"class_list":{"0":"post-20365","1":"post","2":"type-post","3":"status-publish","4":"format-standard","6":"category-trends","7":"tag-tr716","8":"entry"},"acf":{"post_credits":"Bildrechte: Shutterstock, \r\nInstagram:\r\n@nomadbarber, @stevenbarnes__, \r\n@nomadbarber, @nomadbarber\r\n@nomadbarber, @nomadbarber\r\n@hbad, @nomadbarber\r\n@britishmasterbarbers, @britishmasterbarbers\r\n@aonouk, @britishmasterbarbers\r\n@andrewdoeshair, @britishmasterbarbers\r\n@vinny.jesus_, @andrewdoeshair\r\n@nomadbarber, @alan_beak","beauty_blog_post_button_title":"Fade Haarschnitt buchen","beauty_blog_post_button":"https:\/\/www.treatwell.de\/orte\/behandlung-maennerhaarschnitte\/angebot-typ-lokal\/in-de\/","landscape_picture":null,"blocks":null},"yoast_head":"<!-- This site is optimized with the Yoast SEO plugin v27.5 - https:\/\/yoast.com\/product\/yoast-seo-wordpress\/ -->\n<title>Diese Fade-Haarschnitte sind perfekt f\u00fcr deinen n\u00e4chsten Besuch beim Barbier - Treatwell<\/title>\n<meta name=\"description\" content=\"Vom Fade-Haarschnitt hast du bestimmt schon mal geh\u00f6rt. Die Chancen, dass jemand in deinem Friseursalon noch nicht danach gefragt hat, ist relativ gering.\" \/>\n<meta name=\"robots\" content=\"index, follow, max-snippet:-1, max-image-preview:large, max-video-preview:-1\" \/>\n<link rel=\"canonical\" href=\"https:\/\/www.treatwell.de/treatment-files\/diese-fade-haarschnitte-sind-perfekt-fur-deinen-nachsten-besuch-beim-barbier\/\" \/>\n<meta property=\"og:locale\" content=\"de_DE\" \/>\n<meta property=\"og:type\" content=\"article\" \/>\n<meta property=\"og:title\" content=\"Diese Fade-Haarschnitte sind perfekt f\u00fcr deinen n\u00e4chsten Besuch beim Barbier - Treatwell\" \/>\n<meta property=\"og:description\" content=\"Vom Fade-Haarschnitt hast du bestimmt schon mal geh\u00f6rt. Die Chancen, dass jemand in deinem Friseursalon noch nicht danach gefragt hat, ist relativ gering.\" \/>\n<meta property=\"og:url\" content=\"https:\/\/www.treatwell.de/treatment-files\/diese-fade-haarschnitte-sind-perfekt-fur-deinen-nachsten-besuch-beim-barbier\/\" \/>\n<meta property=\"og:site_name\" content=\"The Treatment Files Blog\" \/>\n<meta property=\"article:published_time\" content=\"2018-10-29T15:19:58+00:00\" \/>\n<meta property=\"article:modified_time\" content=\"2026-01-18T13:58:17+00:00\" \/>\n<meta name=\"author\" content=\"Isabella Tombinski-robb\" \/>\n<meta name=\"twitter:card\" content=\"summary_large_image\" \/>\n<meta name=\"twitter:label1\" content=\"Verfasst von\" \/>\n\t<meta name=\"twitter:data1\" content=\"Isabella Tombinski-robb\" \/>\n\t<meta name=\"twitter:label2\" content=\"Gesch\u00e4tzte Lesezeit\" \/>\n\t<meta name=\"twitter:data2\" content=\"2 Minuten\" \/>\n<script type=\"application\/ld+json\" class=\"yoast-schema-graph\">{\"@context\":\"https:\\\/\\\/schema.org\",\"@graph\":[{\"@type\":\"Article\",\"@id\":\"https:\\\/\\\/www.treatwell.de/treatment-files\\\/diese-fade-haarschnitte-sind-perfekt-fur-deinen-nachsten-besuch-beim-barbier\\\/#article\",\"isPartOf\":{\"@id\":\"https:\\\/\\\/www.treatwell.de/treatment-files\\\/diese-fade-haarschnitte-sind-perfekt-fur-deinen-nachsten-besuch-beim-barbier\\\/\"},\"author\":{\"name\":\"Isabella Tombinski-robb\",\"@id\":\"https:\\\/\\\/www.treatwell.de/treatment-files\\\/#\\\/schema\\\/person\\\/869d3f19bdf4203c8e6e97c64e1c3c8e\"},\"headline\":\"Diese Fade-Haarschnitte sind perfekt f\u00fcr deinen n\u00e4chsten Besuch beim Barbier\",\"datePublished\":\"2018-10-29T15:19:58+00:00\",\"dateModified\":\"2026-01-18T13:58:17+00:00\",\"mainEntityOfPage\":{\"@id\":\"https:\\\/\\\/www.treatwell.de/treatment-files\\\/diese-fade-haarschnitte-sind-perfekt-fur-deinen-nachsten-besuch-beim-barbier\\\/\"},\"wordCount\":333,\"publisher\":{\"@id\":\"https:\\\/\\\/www.treatwell.de/treatment-files\\\/#organization\"},\"keywords\":[\"Men's Haircuts and Hairdressing\"],\"articleSection\":[\"Trends\"],\"inLanguage\":\"de-DE\"},{\"@type\":\"WebPage\",\"@id\":\"https:\\\/\\\/www.treatwell.de/treatment-files\\\/diese-fade-haarschnitte-sind-perfekt-fur-deinen-nachsten-besuch-beim-barbier\\\/\",\"url\":\"https:\\\/\\\/www.treatwell.de/treatment-files\\\/diese-fade-haarschnitte-sind-perfekt-fur-deinen-nachsten-besuch-beim-barbier\\\/\",\"name\":\"Diese Fade-Haarschnitte sind perfekt f\u00fcr deinen n\u00e4chsten Besuch beim Barbier - Treatwell\",\"isPartOf\":{\"@id\":\"https:\\\/\\\/www.treatwell.de/treatment-files\\\/#website\"},\"datePublished\":\"2018-10-29T15:19:58+00:00\",\"dateModified\":\"2026-01-18T13:58:17+00:00\",\"description\":\"Vom Fade-Haarschnitt hast du bestimmt schon mal geh\u00f6rt. Die Chancen, dass jemand in deinem Friseursalon noch nicht danach gefragt hat, ist relativ gering.\",\"breadcrumb\":{\"@id\":\"https:\\\/\\\/www.treatwell.de/treatment-files\\\/diese-fade-haarschnitte-sind-perfekt-fur-deinen-nachsten-besuch-beim-barbier\\\/#breadcrumb\"},\"inLanguage\":\"de-DE\",\"potentialAction\":[{\"@type\":\"ReadAction\",\"target\":[\"https:\\\/\\\/www.treatwell.de/treatment-files\\\/diese-fade-haarschnitte-sind-perfekt-fur-deinen-nachsten-besuch-beim-barbier\\\/\"]}]},{\"@type\":\"BreadcrumbList\",\"@id\":\"https:\\\/\\\/www.treatwell.de/treatment-files\\\/diese-fade-haarschnitte-sind-perfekt-fur-deinen-nachsten-besuch-beim-barbier\\\/#breadcrumb\",\"itemListElement\":[{\"@type\":\"ListItem\",\"position\":1,\"name\":\"Home\",\"item\":\"https:\\\/\\\/www.treatwell.de/treatment-files\\\/\"},{\"@type\":\"ListItem\",\"position\":2,\"name\":\"Trends\",\"item\":\"https:\\\/\\\/www.treatwell.de/treatment-files\\\/trends\\\/\"},{\"@type\":\"ListItem\",\"position\":3,\"name\":\"Diese Fade-Haarschnitte sind perfekt f\u00fcr deinen n\u00e4chsten Besuch beim Barbier\"}]},{\"@type\":\"WebSite\",\"@id\":\"https:\\\/\\\/www.treatwell.de/treatment-files\\\/#website\",\"url\":\"https:\\\/\\\/www.treatwell.de/treatment-files\\\/\",\"name\":\"The Treatment Files Blog\",\"description\":\"Beauty entdecken. Beauty erleben.\",\"publisher\":{\"@id\":\"https:\\\/\\\/www.treatwell.de/treatment-files\\\/#organization\"},\"potentialAction\":[{\"@type\":\"SearchAction\",\"target\":{\"@type\":\"EntryPoint\",\"urlTemplate\":\"https:\\\/\\\/www.treatwell.de/treatment-files\\\/?s={search_term_string}\"},\"query-input\":{\"@type\":\"PropertyValueSpecification\",\"valueRequired\":true,\"valueName\":\"search_term_string\"}}],\"inLanguage\":\"de-DE\"},{\"@type\":\"Organization\",\"@id\":\"https:\\\/\\\/www.treatwell.de/treatment-files\\\/#organization\",\"name\":\"Treatwell\",\"url\":\"https:\\\/\\\/www.treatwell.de/treatment-files\\\/\",\"logo\":{\"@type\":\"ImageObject\",\"inLanguage\":\"de-DE\",\"@id\":\"https:\\\/\\\/www.treatwell.de/treatment-files\\\/#\\\/schema\\\/logo\\\/image\\\/\",\"url\":\"https:\\\/\\\/www.treatwell.de/treatment-files\\\/wp-content\\\/uploads\\\/sites\\\/7\\\/2022\\\/03\\\/logo_treatwell.png\",\"contentUrl\":\"https:\\\/\\\/www.treatwell.de/treatment-files\\\/wp-content\\\/uploads\\\/sites\\\/7\\\/2022\\\/03\\\/logo_treatwell.png\",\"width\":889,\"height\":164,\"caption\":\"Treatwell\"},\"image\":{\"@id\":\"https:\\\/\\\/www.treatwell.de/treatment-files\\\/#\\\/schema\\\/logo\\\/image\\\/\"}},{\"@type\":\"Person\",\"@id\":\"https:\\\/\\\/www.treatwell.de/treatment-files\\\/#\\\/schema\\\/person\\\/869d3f19bdf4203c8e6e97c64e1c3c8e\",\"name\":\"Isabella Tombinski-robb\",\"image\":{\"@type\":\"ImageObject\",\"inLanguage\":\"de-DE\",\"@id\":\"https:\\\/\\\/secure.gravatar.com\\\/avatar\\\/624ce3bd6151d711f02c8c31549c8390027943dc1293e17bf28c136ce4288a80?s=96&d=mm&r=g\",\"url\":\"https:\\\/\\\/secure.gravatar.com\\\/avatar\\\/624ce3bd6151d711f02c8c31549c8390027943dc1293e17bf28c136ce4288a80?s=96&d=mm&r=g\",\"contentUrl\":\"https:\\\/\\\/secure.gravatar.com\\\/avatar\\\/624ce3bd6151d711f02c8c31549c8390027943dc1293e17bf28c136ce4288a80?s=96&d=mm&r=g\",\"caption\":\"Isabella Tombinski-robb\"},\"url\":\"https:\\\/\\\/www.treatwell.de/treatment-files\\\/author\\\/isabellatombinskirobb\\\/\"}]}<\/script>\n<!-- \/ Yoast SEO plugin. -->","yoast_head_json":{"title":"Diese Fade-Haarschnitte sind perfekt f\u00fcr deinen n\u00e4chsten Besuch beim Barbier - Treatwell","description":"Vom Fade-Haarschnitt hast du bestimmt schon mal geh\u00f6rt. Die Chancen, dass jemand in deinem Friseursalon noch nicht danach gefragt hat, ist relativ gering.","robots":{"index":"index","follow":"follow","max-snippet":"max-snippet:-1","max-image-preview":"max-image-preview:large","max-video-preview":"max-video-preview:-1"},"canonical":"https:\/\/www.treatwell.de/treatment-files\/diese-fade-haarschnitte-sind-perfekt-fur-deinen-nachsten-besuch-beim-barbier\/","og_locale":"de_DE","og_type":"article","og_title":"Diese Fade-Haarschnitte sind perfekt f\u00fcr deinen n\u00e4chsten Besuch beim Barbier - Treatwell","og_description":"Vom Fade-Haarschnitt hast du bestimmt schon mal geh\u00f6rt. Die Chancen, dass jemand in deinem Friseursalon noch nicht danach gefragt hat, ist relativ gering.","og_url":"https:\/\/www.treatwell.de/treatment-files\/diese-fade-haarschnitte-sind-perfekt-fur-deinen-nachsten-besuch-beim-barbier\/","og_site_name":"The Treatment Files Blog","article_published_time":"2018-10-29T15:19:58+00:00","article_modified_time":"2026-01-18T13:58:17+00:00","author":"Isabella Tombinski-robb","twitter_card":"summary_large_image","twitter_misc":{"Verfasst von":"Isabella Tombinski-robb","Gesch\u00e4tzte Lesezeit":"2 Minuten"},"schema":{"@context":"https:\/\/schema.org","@graph":[{"@type":"Article","@id":"https:\/\/www.treatwell.de/treatment-files\/diese-fade-haarschnitte-sind-perfekt-fur-deinen-nachsten-besuch-beim-barbier\/#article","isPartOf":{"@id":"https:\/\/www.treatwell.de/treatment-files\/diese-fade-haarschnitte-sind-perfekt-fur-deinen-nachsten-besuch-beim-barbier\/"},"author":{"name":"Isabella Tombinski-robb","@id":"https:\/\/www.treatwell.de/treatment-files\/#\/schema\/person\/869d3f19bdf4203c8e6e97c64e1c3c8e"},"headline":"Diese Fade-Haarschnitte sind perfekt f\u00fcr deinen n\u00e4chsten Besuch beim Barbier","datePublished":"2018-10-29T15:19:58+00:00","dateModified":"2026-01-18T13:58:17+00:00","mainEntityOfPage":{"@id":"https:\/\/www.treatwell.de/treatment-files\/diese-fade-haarschnitte-sind-perfekt-fur-deinen-nachsten-besuch-beim-barbier\/"},"wordCount":333,"publisher":{"@id":"https:\/\/www.treatwell.de/treatment-files\/#organization"},"keywords":["Men's Haircuts and Hairdressing"],"articleSection":["Trends"],"inLanguage":"de-DE"},{"@type":"WebPage","@id":"https:\/\/www.treatwell.de/treatment-files\/diese-fade-haarschnitte-sind-perfekt-fur-deinen-nachsten-besuch-beim-barbier\/","url":"https:\/\/www.treatwell.de/treatment-files\/diese-fade-haarschnitte-sind-perfekt-fur-deinen-nachsten-besuch-beim-barbier\/","name":"Diese Fade-Haarschnitte sind perfekt f\u00fcr deinen n\u00e4chsten Besuch beim Barbier - Treatwell","isPartOf":{"@id":"https:\/\/www.treatwell.de/treatment-files\/#website"},"datePublished":"2018-10-29T15:19:58+00:00","dateModified":"2026-01-18T13:58:17+00:00","description":"Vom Fade-Haarschnitt hast du bestimmt schon mal geh\u00f6rt. Die Chancen, dass jemand in deinem Friseursalon noch nicht danach gefragt hat, ist relativ gering.","breadcrumb":{"@id":"https:\/\/www.treatwell.de/treatment-files\/diese-fade-haarschnitte-sind-perfekt-fur-deinen-nachsten-besuch-beim-barbier\/#breadcrumb"},"inLanguage":"de-DE","potentialAction":[{"@type":"ReadAction","target":["https:\/\/www.treatwell.de/treatment-files\/diese-fade-haarschnitte-sind-perfekt-fur-deinen-nachsten-besuch-beim-barbier\/"]}]},{"@type":"BreadcrumbList","@id":"https:\/\/www.treatwell.de/treatment-files\/diese-fade-haarschnitte-sind-perfekt-fur-deinen-nachsten-besuch-beim-barbier\/#breadcrumb","itemListElement":[{"@type":"ListItem","position":1,"name":"Home","item":"https:\/\/www.treatwell.de/treatment-files\/"},{"@type":"ListItem","position":2,"name":"Trends","item":"https:\/\/www.treatwell.de/treatment-files\/trends\/"},{"@type":"ListItem","position":3,"name":"Diese Fade-Haarschnitte sind perfekt f\u00fcr deinen n\u00e4chsten Besuch beim Barbier"}]},{"@type":"WebSite","@id":"https:\/\/www.treatwell.de/treatment-files\/#website","url":"https:\/\/www.treatwell.de/treatment-files\/","name":"The Treatment Files Blog","description":"Beauty entdecken. Beauty erleben.","publisher":{"@id":"https:\/\/www.treatwell.de/treatment-files\/#organization"},"potentialAction":[{"@type":"SearchAction","target":{"@type":"EntryPoint","urlTemplate":"https:\/\/www.treatwell.de/treatment-files\/?s={search_term_string}"},"query-input":{"@type":"PropertyValueSpecification","valueRequired":true,"valueName":"search_term_string"}}],"inLanguage":"de-DE"},{"@type":"Organization","@id":"https:\/\/www.treatwell.de/treatment-files\/#organization","name":"Treatwell","url":"https:\/\/www.treatwell.de/treatment-files\/","logo":{"@type":"ImageObject","inLanguage":"de-DE","@id":"https:\/\/www.treatwell.de/treatment-files\/#\/schema\/logo\/image\/","url":"https:\/\/www.treatwell.de/treatment-files\/wp-content\/uploads\/sites\/7\/2022\/03\/logo_treatwell.png","contentUrl":"https:\/\/www.treatwell.de/treatment-files\/wp-content\/uploads\/sites\/7\/2022\/03\/logo_treatwell.png","width":889,"height":164,"caption":"Treatwell"},"image":{"@id":"https:\/\/www.treatwell.de/treatment-files\/#\/schema\/logo\/image\/"}},{"@type":"Person","@id":"https:\/\/www.treatwell.de/treatment-files\/#\/schema\/person\/869d3f19bdf4203c8e6e97c64e1c3c8e","name":"Isabella Tombinski-robb","image":{"@type":"ImageObject","inLanguage":"de-DE","@id":"https:\/\/secure.gravatar.com\/avatar\/624ce3bd6151d711f02c8c31549c8390027943dc1293e17bf28c136ce4288a80?s=96&d=mm&r=g","url":"https:\/\/secure.gravatar.com\/avatar\/624ce3bd6151d711f02c8c31549c8390027943dc1293e17bf28c136ce4288a80?s=96&d=mm&r=g","contentUrl":"https:\/\/secure.gravatar.com\/avatar\/624ce3bd6151d711f02c8c31549c8390027943dc1293e17bf28c136ce4288a80?s=96&d=mm&r=g","caption":"Isabella Tombinski-robb"},"url":"https:\/\/www.treatwell.de/treatment-files\/author\/isabellatombinskirobb\/"}]}},"featured_image_src":null,"featured_image_src_square":null,"author_info":{"display_name":"Isabella Tombinski-robb","author_link":"https:\/\/www.treatwell.de/treatment-files\/author\/isabellatombinskirobb\/"},"_links":{"self":[{"href":"https:\/\/www.treatwell.de\/treatment-files\/wp-json\/wp\/v2\/posts\/20365","targetHints":{"allow":["GET"]}}],"collection":[{"href":"https:\/\/www.treatwell.de\/treatment-files\/wp-json\/wp\/v2\/posts"}],"about":[{"href":"https:\/\/www.treatwell.de\/treatment-files\/wp-json\/wp\/v2\/types\/post"}],"author":[{"embeddable":true,"href":"https:\/\/www.treatwell.de\/treatment-files\/wp-json\/wp\/v2\/users\/3318"}],"replies":[{"embeddable":true,"href":"https:\/\/www.treatwell.de\/treatment-files\/wp-json\/wp\/v2\/comments?post=20365"}],"version-history":[{"count":0,"href":"https:\/\/www.treatwell.de\/treatment-files\/wp-json\/wp\/v2\/posts\/20365\/revisions"}],"wp:attachment":[{"href":"https:\/\/www.treatwell.de\/treatment-files\/wp-json\/wp\/v2\/media?parent=20365"}],"wp:term":[{"taxonomy":"category","embeddable":true,"href":"https:\/\/www.treatwell.de\/treatment-files\/wp-json\/wp\/v2\/categories?post=20365"},{"taxonomy":"post_tag","embeddable":true,"href":"https:\/\/www.treatwell.de\/treatment-files\/wp-json\/wp\/v2\/tags?post=20365"}],"curies":[{"name":"wp","href":"https:\/\/api.w.org\/{rel}","templated":true}]}}