{"id":20244,"date":"2018-09-19T17:14:38","date_gmt":"2018-09-19T15:14:38","guid":{"rendered":"https:\/\/www.treatwell.de\/treatment-files\/?p=13355"},"modified":"2026-01-18T16:48:46","modified_gmt":"2026-01-18T15:48:46","slug":"diese-frisur-ist-der-wahre-gewinner-der-emmy-awards-2018","status":"publish","type":"post","link":"https:\/\/www.treatwell.de/treatment-files\/diese-frisur-ist-der-wahre-gewinner-der-emmy-awards-2018\/","title":{"rendered":"Diese Frisur ist der wahre Gewinner der Emmy Awards 2018"},"content":{"rendered":"<p style=\"text-align: justify\"><span style=\"font-weight: 400\">Es f\u00fchlt sich an als h\u00e4tten die Emmy Awards gerade mal vor einer Stunde stattgefunden. Alle Augen waren auf unsere Bildschirme gerichtet und wir haben versucht soviel Fashion und Beauty wie m\u00f6glich \u2018aufzusaugen\u2019. Das alles nat\u00fcrlich w\u00e4hrend wir innerlich f\u00fcr <\/span><i><span style=\"font-weight: 400\">Handmaids Tale <\/span><\/i><span style=\"font-weight: 400\">mitgefiebert haben (bitte, bitte lass\u2019 diese geniale Serie gewinnen) und uns die Kinnlade heruntergeklapp<\/span><a href=\"https:\/\/www.stern.de\/neon\/herz\/liebe-sex\/warum-der-heiratsantrag-bei-den-emmys-pure-fremdscham-ist-8363358.html\"><span style=\"font-weight: 400\">t ist als Filmdirector Glenn Weiss seiner Freundin einen Hochzeitsantrag gemacht hat. <\/span><\/a><span style=\"font-weight: 400\">Not to mention the #GlamSquad, der \u00fcber den roten Teppich spaziert ist. Abgesehen von den Roben, die einfach unglaublich glamour\u00f6s aussahen, haben wir einen bestimmten classy Haircut on repeat gesehen. Auf was tippst du? Darauf kommst du nie&#8230;der Low Bun!<\/span><\/p>\n<p style=\"text-align: justify\"><span style=\"font-weight: 400\">Die Version die am meisten zu sehen war: Mittelscheitel, zu den Seiten glatt gek\u00e4mmt und am Hinterkopf elegant zusammengesteckt. Brows on-fleek und Ros\u00e9farbene Lippen haben den Beauty-Look perfekt abgerundet. Unser Favorit: <\/span><a href=\"https:\/\/www.instagram.com\/p\/Bn2EsARFasE\/?hl=en&amp;taken-by=emilia_clarke\"><span style=\"font-weight: 400\">Emilia Clarke<\/span><\/a><span style=\"font-weight: 400\"> ( I mean WOW).<\/span><\/p>\n<p style=\"text-align: justify\"><span style=\"font-weight: 400\">Das Beste an dieser Hochsteckfrisur? Es ist ein Haarstyle, der relativ einfach in den eigenen vier W\u00e4nden nachkreiert werden kann. Au\u00dferdem eignet sich diese Frisur perfekt, um von Arbeitstisch zu Barsituation zu transformieren. Dieser Look funktioniert am besten mit frisch gewaschener M\u00e4hne <\/span><a href=\"https:\/\/www.treatwell.de\/orte\/behandlung-styling-foehnen\/angebot-typ-lokal\/in-de\/\"><span style=\"font-weight: 400\">und mit ein wenig F\u00f6hnstyling kriegst du den Bun top in Form.<\/span><\/a><span style=\"font-weight: 400\"> Die Kurzversion zum DIY: Mittelscheitel, Pferdeschwanz eindrehen und mit Spangen oder Haargummi fixieren. Wenn die Frisur sitzt (nach einer Flasche Haarspray!) noch ein wenig mit den Fingern lockern und voil\u00e1 schon hast du ein romantisches Casual Ergebnis. Lust auf mehr Inspo? Gibt&#8217;s unten, love.<\/span><\/p>\n<p>Von Isabella Tombinski-Robb<\/p>\n<p>&nbsp;<\/p>\n<div class=\"schema-faq wp-block-yoast-faq-block\">\n<div class=\"schema-faq-section\" id=\"faq-question-1768751270836\">\n<h3 class=\"schema-faq-question\">Wie kreierst du einen Low Bun mit Mittelscheitel zu Hause?<\/h3>\n<p class=\"schema-faq-answer\">Teile dein Haar mittig, k\u00e4mme die Seiten glatt und drehe einen Pferdeschwanz am Hinterkopf ein. Fixiere alles mit Spangen oder Haargummi und lockere den Bun sanft mit den Fingern. Mit etwas F\u00f6hnstyling erzielst du einen perfekten, eleganten Look.<\/p>\n<\/p><\/div>\n<div class=\"schema-faq-section\" id=\"faq-question-1768751270837\">\n<h3 class=\"schema-faq-question\">Welche Beauty-Details machen den Low Bun besonders elegant?<\/h3>\n<p class=\"schema-faq-answer\">Ein glatter Mittelscheitel, zu den Seiten gek\u00e4mmte Haare und ein elegant gesteckter Low Bun sorgen f\u00fcr einen classy Auftritt. Brows on-fleek und ros\u00e9farbene Lippen runden das Styling stilvoll ab.<\/p>\n<\/p><\/div>\n<div class=\"schema-faq-section\" id=\"faq-question-1768751270838\">\n<h3 class=\"schema-faq-question\">F\u00fcr welche Anl\u00e4sse eignet sich der Low Bun besonders gut?<\/h3>\n<p class=\"schema-faq-answer\">Der Low Bun eignet sich ideal f\u00fcr Alltag und besondere Momente wie einen Terminwechsel von Arbeitstisch zu Barsituation. Diese Frisur verleiht selbst klassischen Outfits einen modernen, glamour\u00f6sen Touch.<\/p>\n<\/p><\/div>\n<div class=\"schema-faq-section\" id=\"faq-question-1768751270839\">\n<h3 class=\"schema-faq-question\">Brauchst du spezielle Produkte f\u00fcr den perfekten Low Bun?<\/h3>\n<p class=\"schema-faq-answer\">F\u00fcr einen gepflegten Look empfiehlt sich frisch gewaschenes Haar und etwas F\u00f6hnstyling. Eine Flasche Haarspray sorgt f\u00fcr extra Halt, w\u00e4hrend Spangen oder Haargummis deinem Low Bun den n\u00f6tigen Komfort geben.<\/p>\n<\/p><\/div>\n<\/p><\/div>\n","protected":false},"excerpt":{"rendered":"<p>Es f\u00fchlt sich an als h\u00e4tten die Emmy Awards gerade mal vor einer Stunde stattgefunden. Alle Augen waren auf unsere Bildschirme gerichtet und wir haben versucht soviel Fashion und Beauty wie m\u00f6glich \u2018aufzusaugen\u2019. Das alles nat\u00fcrlich w\u00e4hrend wir innerlich f\u00fcr Handmaids Tale mitgefiebert haben (bitte, bitte lass\u2019 diese geniale Serie gewinnen) und uns die Kinnlade [&hellip;]<\/p>\n","protected":false},"author":3318,"featured_media":0,"comment_status":"closed","ping_status":"closed","sticky":false,"template":"","format":"standard","meta":{"_acf_changed":false,"_yoast_wpseo_title":"","_yoast_wpseo_metadesc":"","_genesis_hide_title":false,"_genesis_hide_breadcrumbs":false,"_genesis_hide_singular_image":false,"_genesis_hide_footer_widgets":false,"_genesis_custom_body_class":"","_genesis_custom_post_class":"","_genesis_layout":"","saswp_custom_schema_field":"{\"@context\":\"https:\/\/schema.org\",\"@type\":\"FAQPage\",\"mainEntity\":[{\"@type\":\"Question\",\"name\":\"Wie kreierst du einen Low Bun mit Mittelscheitel zu Hause?\",\"acceptedAnswer\":{\"@type\":\"Answer\",\"text\":\"Teile dein Haar mittig, k\u00e4mme die Seiten glatt und drehe einen Pferdeschwanz am Hinterkopf ein. Fixiere alles mit Spangen oder Haargummi und lockere den Bun sanft mit den Fingern. Mit etwas F\u00f6hnstyling erzielst du einen perfekten, eleganten Look.\"}},{\"@type\":\"Question\",\"name\":\"Welche Beauty-Details machen den Low Bun besonders elegant?\",\"acceptedAnswer\":{\"@type\":\"Answer\",\"text\":\"Ein glatter Mittelscheitel, zu den Seiten gek\u00e4mmte Haare und ein elegant gesteckter Low Bun sorgen f\u00fcr einen classy Auftritt. Brows on-fleek und ros\u00e9farbene Lippen runden das Styling stilvoll ab.\"}},{\"@type\":\"Question\",\"name\":\"F\u00fcr welche Anl\u00e4sse eignet sich der Low Bun besonders gut?\",\"acceptedAnswer\":{\"@type\":\"Answer\",\"text\":\"Der Low Bun eignet sich ideal f\u00fcr Alltag und besondere Momente wie einen Terminwechsel von Arbeitstisch zu Barsituation. Diese Frisur verleiht selbst klassischen Outfits einen modernen, glamour\u00f6sen Touch.\"}},{\"@type\":\"Question\",\"name\":\"Brauchst du spezielle Produkte f\u00fcr den perfekten Low Bun?\",\"acceptedAnswer\":{\"@type\":\"Answer\",\"text\":\"F\u00fcr einen gepflegten Look empfiehlt sich frisch gewaschenes Haar und etwas F\u00f6hnstyling. Eine Flasche Haarspray sorgt f\u00fcr extra Halt, w\u00e4hrend Spangen oder Haargummis deinem Low Bun den n\u00f6tigen Komfort geben.\"}}]}","footnotes":""},"categories":[2],"tags":[9,56,59],"class_list":{"0":"post-20244","1":"post","2":"type-post","3":"status-publish","4":"format-standard","6":"category-trends","7":"tag-tt6","8":"tag-tr721","9":"tag-tr389","10":"entry","11":"has-post-thumbnail"},"acf":{"post_credits":"Bildrechte: Shutterstock, Instagram: \r\n@televisionacad, @thefashionista, @onlysadiesink, @spanych,\r\n @mega_magazine, @marcmena, @mssracatherinepaulson, \r\n@hollwoodciak, @emilia_clarke, @jonerystargaryens,\r\n@cantabria_ancientworld, @allisonbjanney, @celebritymhmy","beauty_blog_post_button_title":"","beauty_blog_post_button":"","landscape_picture":20245,"blocks":null},"yoast_head":"<!-- This site is optimized with the Yoast SEO plugin v27.4 - https:\/\/yoast.com\/product\/yoast-seo-wordpress\/ -->\n<title>Diese Frisur ist der wahre Gewinner der Emmy Awards 2018 | Treatwell<\/title>\n<meta name=\"robots\" content=\"index, follow, max-snippet:-1, max-image-preview:large, max-video-preview:-1\" \/>\n<link rel=\"canonical\" href=\"https:\/\/www.treatwell.de/treatment-files\/diese-frisur-ist-der-wahre-gewinner-der-emmy-awards-2018\/\" \/>\n<meta property=\"og:locale\" content=\"de_DE\" \/>\n<meta property=\"og:type\" content=\"article\" \/>\n<meta property=\"og:title\" content=\"Diese Frisur ist der wahre Gewinner der Emmy Awards 2018 | Treatwell\" \/>\n<meta property=\"og:description\" content=\"Es f\u00fchlt sich an als h\u00e4tten die Emmy Awards gerade mal vor einer Stunde stattgefunden. Alle Augen waren auf unsere Bildschirme gerichtet und wir haben versucht soviel Fashion und Beauty wie m\u00f6glich \u2018aufzusaugen\u2019. Das alles nat\u00fcrlich w\u00e4hrend wir innerlich f\u00fcr Handmaids Tale mitgefiebert haben (bitte, bitte lass\u2019 diese geniale Serie gewinnen) und uns die Kinnlade [&hellip;]\" \/>\n<meta property=\"og:url\" content=\"https:\/\/www.treatwell.de/treatment-files\/diese-frisur-ist-der-wahre-gewinner-der-emmy-awards-2018\/\" \/>\n<meta property=\"og:site_name\" content=\"The Treatment Files Blog\" \/>\n<meta property=\"article:published_time\" content=\"2018-09-19T15:14:38+00:00\" \/>\n<meta property=\"article:modified_time\" content=\"2026-01-18T15:48:46+00:00\" \/>\n<meta name=\"author\" content=\"Isabella Tombinski-robb\" \/>\n<meta name=\"twitter:card\" content=\"summary_large_image\" \/>\n<meta name=\"twitter:label1\" content=\"Verfasst von\" \/>\n\t<meta name=\"twitter:data1\" content=\"Isabella Tombinski-robb\" \/>\n\t<meta name=\"twitter:label2\" content=\"Gesch\u00e4tzte Lesezeit\" \/>\n\t<meta name=\"twitter:data2\" content=\"2 Minuten\" \/>\n<script type=\"application\/ld+json\" class=\"yoast-schema-graph\">{\"@context\":\"https:\\\/\\\/schema.org\",\"@graph\":[{\"@type\":\"Article\",\"@id\":\"https:\\\/\\\/www.treatwell.de/treatment-files\\\/diese-frisur-ist-der-wahre-gewinner-der-emmy-awards-2018\\\/#article\",\"isPartOf\":{\"@id\":\"https:\\\/\\\/www.treatwell.de/treatment-files\\\/diese-frisur-ist-der-wahre-gewinner-der-emmy-awards-2018\\\/\"},\"author\":{\"name\":\"Isabella Tombinski-robb\",\"@id\":\"https:\\\/\\\/www.treatwell.de/treatment-files\\\/#\\\/schema\\\/person\\\/869d3f19bdf4203c8e6e97c64e1c3c8e\"},\"headline\":\"Diese Frisur ist der wahre Gewinner der Emmy Awards 2018\",\"datePublished\":\"2018-09-19T15:14:38+00:00\",\"dateModified\":\"2026-01-18T15:48:46+00:00\",\"mainEntityOfPage\":{\"@id\":\"https:\\\/\\\/www.treatwell.de/treatment-files\\\/diese-frisur-ist-der-wahre-gewinner-der-emmy-awards-2018\\\/\"},\"wordCount\":447,\"publisher\":{\"@id\":\"https:\\\/\\\/www.treatwell.de/treatment-files\\\/#organization\"},\"keywords\":[\"Hair\",\"Hair Up\",\"Styling\"],\"articleSection\":[\"Trends\"],\"inLanguage\":\"de-DE\"},{\"@type\":\"WebPage\",\"@id\":\"https:\\\/\\\/www.treatwell.de/treatment-files\\\/diese-frisur-ist-der-wahre-gewinner-der-emmy-awards-2018\\\/\",\"url\":\"https:\\\/\\\/www.treatwell.de/treatment-files\\\/diese-frisur-ist-der-wahre-gewinner-der-emmy-awards-2018\\\/\",\"name\":\"Diese Frisur ist der wahre Gewinner der Emmy Awards 2018 | Treatwell\",\"isPartOf\":{\"@id\":\"https:\\\/\\\/www.treatwell.de/treatment-files\\\/#website\"},\"datePublished\":\"2018-09-19T15:14:38+00:00\",\"dateModified\":\"2026-01-18T15:48:46+00:00\",\"breadcrumb\":{\"@id\":\"https:\\\/\\\/www.treatwell.de/treatment-files\\\/diese-frisur-ist-der-wahre-gewinner-der-emmy-awards-2018\\\/#breadcrumb\"},\"inLanguage\":\"de-DE\",\"potentialAction\":[{\"@type\":\"ReadAction\",\"target\":[\"https:\\\/\\\/www.treatwell.de/treatment-files\\\/diese-frisur-ist-der-wahre-gewinner-der-emmy-awards-2018\\\/\"]}]},{\"@type\":\"BreadcrumbList\",\"@id\":\"https:\\\/\\\/www.treatwell.de/treatment-files\\\/diese-frisur-ist-der-wahre-gewinner-der-emmy-awards-2018\\\/#breadcrumb\",\"itemListElement\":[{\"@type\":\"ListItem\",\"position\":1,\"name\":\"Home\",\"item\":\"https:\\\/\\\/www.treatwell.de/treatment-files\\\/\"},{\"@type\":\"ListItem\",\"position\":2,\"name\":\"Trends\",\"item\":\"https:\\\/\\\/www.treatwell.de/treatment-files\\\/trends\\\/\"},{\"@type\":\"ListItem\",\"position\":3,\"name\":\"Diese Frisur ist der wahre Gewinner der Emmy Awards 2018\"}]},{\"@type\":\"WebSite\",\"@id\":\"https:\\\/\\\/www.treatwell.de/treatment-files\\\/#website\",\"url\":\"https:\\\/\\\/www.treatwell.de/treatment-files\\\/\",\"name\":\"The Treatment Files Blog\",\"description\":\"Beauty entdecken. Beauty erleben.\",\"publisher\":{\"@id\":\"https:\\\/\\\/www.treatwell.de/treatment-files\\\/#organization\"},\"potentialAction\":[{\"@type\":\"SearchAction\",\"target\":{\"@type\":\"EntryPoint\",\"urlTemplate\":\"https:\\\/\\\/www.treatwell.de/treatment-files\\\/?s={search_term_string}\"},\"query-input\":{\"@type\":\"PropertyValueSpecification\",\"valueRequired\":true,\"valueName\":\"search_term_string\"}}],\"inLanguage\":\"de-DE\"},{\"@type\":\"Organization\",\"@id\":\"https:\\\/\\\/www.treatwell.de/treatment-files\\\/#organization\",\"name\":\"Treatwell\",\"url\":\"https:\\\/\\\/www.treatwell.de/treatment-files\\\/\",\"logo\":{\"@type\":\"ImageObject\",\"inLanguage\":\"de-DE\",\"@id\":\"https:\\\/\\\/www.treatwell.de/treatment-files\\\/#\\\/schema\\\/logo\\\/image\\\/\",\"url\":\"https:\\\/\\\/www.treatwell.de/treatment-files\\\/wp-content\\\/uploads\\\/sites\\\/7\\\/2022\\\/03\\\/logo_treatwell.png\",\"contentUrl\":\"https:\\\/\\\/www.treatwell.de/treatment-files\\\/wp-content\\\/uploads\\\/sites\\\/7\\\/2022\\\/03\\\/logo_treatwell.png\",\"width\":889,\"height\":164,\"caption\":\"Treatwell\"},\"image\":{\"@id\":\"https:\\\/\\\/www.treatwell.de/treatment-files\\\/#\\\/schema\\\/logo\\\/image\\\/\"}},{\"@type\":\"Person\",\"@id\":\"https:\\\/\\\/www.treatwell.de/treatment-files\\\/#\\\/schema\\\/person\\\/869d3f19bdf4203c8e6e97c64e1c3c8e\",\"name\":\"Isabella Tombinski-robb\",\"image\":{\"@type\":\"ImageObject\",\"inLanguage\":\"de-DE\",\"@id\":\"https:\\\/\\\/secure.gravatar.com\\\/avatar\\\/624ce3bd6151d711f02c8c31549c8390027943dc1293e17bf28c136ce4288a80?s=96&d=mm&r=g\",\"url\":\"https:\\\/\\\/secure.gravatar.com\\\/avatar\\\/624ce3bd6151d711f02c8c31549c8390027943dc1293e17bf28c136ce4288a80?s=96&d=mm&r=g\",\"contentUrl\":\"https:\\\/\\\/secure.gravatar.com\\\/avatar\\\/624ce3bd6151d711f02c8c31549c8390027943dc1293e17bf28c136ce4288a80?s=96&d=mm&r=g\",\"caption\":\"Isabella Tombinski-robb\"},\"url\":\"https:\\\/\\\/www.treatwell.de/treatment-files\\\/author\\\/isabellatombinskirobb\\\/\"}]}<\/script>\n<!-- \/ Yoast SEO plugin. -->","yoast_head_json":{"title":"Diese Frisur ist der wahre Gewinner der Emmy Awards 2018 | Treatwell","robots":{"index":"index","follow":"follow","max-snippet":"max-snippet:-1","max-image-preview":"max-image-preview:large","max-video-preview":"max-video-preview:-1"},"canonical":"https:\/\/www.treatwell.de/treatment-files\/diese-frisur-ist-der-wahre-gewinner-der-emmy-awards-2018\/","og_locale":"de_DE","og_type":"article","og_title":"Diese Frisur ist der wahre Gewinner der Emmy Awards 2018 | Treatwell","og_description":"Es f\u00fchlt sich an als h\u00e4tten die Emmy Awards gerade mal vor einer Stunde stattgefunden. Alle Augen waren auf unsere Bildschirme gerichtet und wir haben versucht soviel Fashion und Beauty wie m\u00f6glich \u2018aufzusaugen\u2019. Das alles nat\u00fcrlich w\u00e4hrend wir innerlich f\u00fcr Handmaids Tale mitgefiebert haben (bitte, bitte lass\u2019 diese geniale Serie gewinnen) und uns die Kinnlade [&hellip;]","og_url":"https:\/\/www.treatwell.de/treatment-files\/diese-frisur-ist-der-wahre-gewinner-der-emmy-awards-2018\/","og_site_name":"The Treatment Files Blog","article_published_time":"2018-09-19T15:14:38+00:00","article_modified_time":"2026-01-18T15:48:46+00:00","author":"Isabella Tombinski-robb","twitter_card":"summary_large_image","twitter_misc":{"Verfasst von":"Isabella Tombinski-robb","Gesch\u00e4tzte Lesezeit":"2 Minuten"},"schema":{"@context":"https:\/\/schema.org","@graph":[{"@type":"Article","@id":"https:\/\/www.treatwell.de/treatment-files\/diese-frisur-ist-der-wahre-gewinner-der-emmy-awards-2018\/#article","isPartOf":{"@id":"https:\/\/www.treatwell.de/treatment-files\/diese-frisur-ist-der-wahre-gewinner-der-emmy-awards-2018\/"},"author":{"name":"Isabella Tombinski-robb","@id":"https:\/\/www.treatwell.de/treatment-files\/#\/schema\/person\/869d3f19bdf4203c8e6e97c64e1c3c8e"},"headline":"Diese Frisur ist der wahre Gewinner der Emmy Awards 2018","datePublished":"2018-09-19T15:14:38+00:00","dateModified":"2026-01-18T15:48:46+00:00","mainEntityOfPage":{"@id":"https:\/\/www.treatwell.de/treatment-files\/diese-frisur-ist-der-wahre-gewinner-der-emmy-awards-2018\/"},"wordCount":447,"publisher":{"@id":"https:\/\/www.treatwell.de/treatment-files\/#organization"},"keywords":["Hair","Hair Up","Styling"],"articleSection":["Trends"],"inLanguage":"de-DE"},{"@type":"WebPage","@id":"https:\/\/www.treatwell.de/treatment-files\/diese-frisur-ist-der-wahre-gewinner-der-emmy-awards-2018\/","url":"https:\/\/www.treatwell.de/treatment-files\/diese-frisur-ist-der-wahre-gewinner-der-emmy-awards-2018\/","name":"Diese Frisur ist der wahre Gewinner der Emmy Awards 2018 | Treatwell","isPartOf":{"@id":"https:\/\/www.treatwell.de/treatment-files\/#website"},"datePublished":"2018-09-19T15:14:38+00:00","dateModified":"2026-01-18T15:48:46+00:00","breadcrumb":{"@id":"https:\/\/www.treatwell.de/treatment-files\/diese-frisur-ist-der-wahre-gewinner-der-emmy-awards-2018\/#breadcrumb"},"inLanguage":"de-DE","potentialAction":[{"@type":"ReadAction","target":["https:\/\/www.treatwell.de/treatment-files\/diese-frisur-ist-der-wahre-gewinner-der-emmy-awards-2018\/"]}]},{"@type":"BreadcrumbList","@id":"https:\/\/www.treatwell.de/treatment-files\/diese-frisur-ist-der-wahre-gewinner-der-emmy-awards-2018\/#breadcrumb","itemListElement":[{"@type":"ListItem","position":1,"name":"Home","item":"https:\/\/www.treatwell.de/treatment-files\/"},{"@type":"ListItem","position":2,"name":"Trends","item":"https:\/\/www.treatwell.de/treatment-files\/trends\/"},{"@type":"ListItem","position":3,"name":"Diese Frisur ist der wahre Gewinner der Emmy Awards 2018"}]},{"@type":"WebSite","@id":"https:\/\/www.treatwell.de/treatment-files\/#website","url":"https:\/\/www.treatwell.de/treatment-files\/","name":"The Treatment Files Blog","description":"Beauty entdecken. Beauty erleben.","publisher":{"@id":"https:\/\/www.treatwell.de/treatment-files\/#organization"},"potentialAction":[{"@type":"SearchAction","target":{"@type":"EntryPoint","urlTemplate":"https:\/\/www.treatwell.de/treatment-files\/?s={search_term_string}"},"query-input":{"@type":"PropertyValueSpecification","valueRequired":true,"valueName":"search_term_string"}}],"inLanguage":"de-DE"},{"@type":"Organization","@id":"https:\/\/www.treatwell.de/treatment-files\/#organization","name":"Treatwell","url":"https:\/\/www.treatwell.de/treatment-files\/","logo":{"@type":"ImageObject","inLanguage":"de-DE","@id":"https:\/\/www.treatwell.de/treatment-files\/#\/schema\/logo\/image\/","url":"https:\/\/www.treatwell.de/treatment-files\/wp-content\/uploads\/sites\/7\/2022\/03\/logo_treatwell.png","contentUrl":"https:\/\/www.treatwell.de/treatment-files\/wp-content\/uploads\/sites\/7\/2022\/03\/logo_treatwell.png","width":889,"height":164,"caption":"Treatwell"},"image":{"@id":"https:\/\/www.treatwell.de/treatment-files\/#\/schema\/logo\/image\/"}},{"@type":"Person","@id":"https:\/\/www.treatwell.de/treatment-files\/#\/schema\/person\/869d3f19bdf4203c8e6e97c64e1c3c8e","name":"Isabella Tombinski-robb","image":{"@type":"ImageObject","inLanguage":"de-DE","@id":"https:\/\/secure.gravatar.com\/avatar\/624ce3bd6151d711f02c8c31549c8390027943dc1293e17bf28c136ce4288a80?s=96&d=mm&r=g","url":"https:\/\/secure.gravatar.com\/avatar\/624ce3bd6151d711f02c8c31549c8390027943dc1293e17bf28c136ce4288a80?s=96&d=mm&r=g","contentUrl":"https:\/\/secure.gravatar.com\/avatar\/624ce3bd6151d711f02c8c31549c8390027943dc1293e17bf28c136ce4288a80?s=96&d=mm&r=g","caption":"Isabella Tombinski-robb"},"url":"https:\/\/www.treatwell.de/treatment-files\/author\/isabellatombinskirobb\/"}]}},"featured_image_src":null,"featured_image_src_square":null,"author_info":{"display_name":"Isabella Tombinski-robb","author_link":"https:\/\/www.treatwell.de/treatment-files\/author\/isabellatombinskirobb\/"},"_links":{"self":[{"href":"https:\/\/www.treatwell.de\/treatment-files\/wp-json\/wp\/v2\/posts\/20244","targetHints":{"allow":["GET"]}}],"collection":[{"href":"https:\/\/www.treatwell.de\/treatment-files\/wp-json\/wp\/v2\/posts"}],"about":[{"href":"https:\/\/www.treatwell.de\/treatment-files\/wp-json\/wp\/v2\/types\/post"}],"author":[{"embeddable":true,"href":"https:\/\/www.treatwell.de\/treatment-files\/wp-json\/wp\/v2\/users\/3318"}],"replies":[{"embeddable":true,"href":"https:\/\/www.treatwell.de\/treatment-files\/wp-json\/wp\/v2\/comments?post=20244"}],"version-history":[{"count":0,"href":"https:\/\/www.treatwell.de\/treatment-files\/wp-json\/wp\/v2\/posts\/20244\/revisions"}],"wp:attachment":[{"href":"https:\/\/www.treatwell.de\/treatment-files\/wp-json\/wp\/v2\/media?parent=20244"}],"wp:term":[{"taxonomy":"category","embeddable":true,"href":"https:\/\/www.treatwell.de\/treatment-files\/wp-json\/wp\/v2\/categories?post=20244"},{"taxonomy":"post_tag","embeddable":true,"href":"https:\/\/www.treatwell.de\/treatment-files\/wp-json\/wp\/v2\/tags?post=20244"}],"curies":[{"name":"wp","href":"https:\/\/api.w.org\/{rel}","templated":true}]}}