{"id":20222,"date":"2018-09-11T19:57:10","date_gmt":"2018-09-11T17:57:10","guid":{"rendered":"https:\/\/www.treatwell.de\/treatment-files\/?p=13074"},"modified":"2026-01-18T14:57:49","modified_gmt":"2026-01-18T13:57:49","slug":"wiesn-bartstyles","status":"publish","type":"post","link":"https:\/\/www.treatwell.de/treatment-files\/wiesn-bartstyles\/","title":{"rendered":"Oktoberfest 2018 &#8211; M\u00e4nner das sind die Bartstyles f\u00fcr die Wiesn"},"content":{"rendered":"<p style=\"text-align: justify\">Die Bl\u00e4tter fallen, die Temperaturen sind irgendwo dazwischen \u2013 mal warm, mal regnerisch und kalt. Auch wenn man beim Wetter nicht wirklich wei\u00df ob grad Sommer oder Herbst ist, f\u00fcr uns ist eine Sache ganz klar: Wir haben uns bereits auf das anstehende Oktoberfest eingestimmt und k\u00f6nnen es kaum erwarten bis es endlich losgeht.\u00a0 Inspiration gibt es f\u00fcr Frau\u00a0bereits mehr als genug \u2013 von Dirndl-Auswahl \u00fcber Flechtfrisuren und Accessoires\u00a0gabs bereits letzte Woche was zum Schm\u00f6kern auf dem Blog. F\u00fcr den Mann gibt es in Sachen Style\u00a0die altbekannte Lederhosen\u00a0und was Beauty anbelangt? Tja, ganz klar ein gepflegter Beauty-Look aka Bartstyle. Aktuell haben wir den Vollbart etwas genauer ins Visier genommen. Ob der auch wirklich Wiesn tauglich ist? Na, klar. Diese M\u00e4nner haben\u2019s bereits eifrig vorgemacht.<\/p>\n<p>Von Isabella Tombinski-Robb<\/p>\n<p style=\"text-align: justify\">\n<div class=\"schema-faq wp-block-yoast-faq-block\">\n<div class=\"schema-faq-section\" id=\"faq-question-1768743885909\">\n<h3 class=\"schema-faq-question\">Welche Bartstyles passen zum Oktoberfest?<\/h3>\n<p class=\"schema-faq-answer\">Ein Vollbart wirkt besonders stilvoll und passt hervorragend zum Oktoberfest. Zusammen mit traditioneller Lederhose entsteht ein klassischer Look, der zeitgem\u00e4\u00df und gepflegt wirkt.<\/div>\n<div class=\"schema-faq-section\" id=\"faq-question-1768743885910\">\n<h3 class=\"schema-faq-question\">Wie bringst du deinen Bart f\u00fcr das Oktoberfest in Form?<\/h3>\n<p class=\"schema-faq-answer\">Mit einer regelm\u00e4\u00dfigen Bartpflege und gezieltem Styling pr\u00e4sentierst du deinen Bart besonders gepflegt. Ein sauber getrimmter Bart unterstreicht deinen Auftritt und passt ideal zum festlichen Anlass.<\/div>\n<div class=\"schema-faq-section\" id=\"faq-question-1768743885911\">\n<h3 class=\"schema-faq-question\">Welche Frisur passt zur Tracht beim Oktoberfest?<\/h3>\n<p class=\"schema-faq-answer\">Kombiniere Flechtfrisuren oder Akzente mit passenden Accessoires f\u00fcr ein stimmiges Trachtenoutfit. Traditionelle Flechtelemente betonen den festlichen Stil und lassen sich vielseitig variieren.<\/div>\n<div class=\"schema-faq-section\" id=\"faq-question-1768743885912\">\n<h3 class=\"schema-faq-question\">Wie sorgst du f\u00fcr einen gelungenen Beauty-Look zur Wiesn?<\/h3>\n<p class=\"schema-faq-answer\">Ein gepflegter Bart und abgestimmte Frisuren schaffen einen auff\u00e4lligen Beauty-Look. Komfort und individuelle Akzente verleihen deinem Auftritt Einzigartigkeit und unterstreichen deinen pers\u00f6nlichen Stil.<\/div>\n<\/p><\/div>\n","protected":false},"excerpt":{"rendered":"<p>Die Bl\u00e4tter fallen, die Temperaturen sind irgendwo dazwischen \u2013 mal warm, mal regnerisch und kalt. Auch wenn man beim Wetter nicht wirklich wei\u00df ob grad Sommer oder Herbst ist, f\u00fcr uns ist eine Sache ganz klar: Wir haben uns bereits auf das anstehende Oktoberfest eingestimmt und k\u00f6nnen es kaum erwarten bis es endlich losgeht.\u00a0 Inspiration [&hellip;]<\/p>\n","protected":false},"author":3318,"featured_media":0,"comment_status":"closed","ping_status":"closed","sticky":false,"template":"","format":"standard","meta":{"_acf_changed":false,"_yoast_wpseo_title":"Oktoberfest 2018 - M\u00e4nner das sind die Bartstyles f\u00fcr die Wiesn - Treatwell","_yoast_wpseo_metadesc":"In Sachen Style gibts Lederhosen f\u00fcr den Mann und einen gepflegten Beauty-Look aka Bartstyle. Dieser Jahr allerdings haben wir den Vollbart etwas genauer ins Visier genommen.","_genesis_hide_title":false,"_genesis_hide_breadcrumbs":false,"_genesis_hide_singular_image":false,"_genesis_hide_footer_widgets":false,"_genesis_custom_body_class":"","_genesis_custom_post_class":"","_genesis_layout":"","saswp_custom_schema_field":"{\"@context\":\"https:\/\/schema.org\",\"@type\":\"FAQPage\",\"mainEntity\":[{\"@type\":\"Question\",\"name\":\"Welche Bartstyles passen zum Oktoberfest?\",\"acceptedAnswer\":{\"@type\":\"Answer\",\"text\":\"Ein Vollbart wirkt besonders stilvoll und passt hervorragend zum Oktoberfest. Zusammen mit traditioneller Lederhose entsteht ein klassischer Look, der zeitgem\u00e4\u00df und gepflegt wirkt.\"}},{\"@type\":\"Question\",\"name\":\"Wie bringst du deinen Bart f\u00fcr das Oktoberfest in Form?\",\"acceptedAnswer\":{\"@type\":\"Answer\",\"text\":\"Mit einer regelm\u00e4\u00dfigen Bartpflege und gezieltem Styling pr\u00e4sentierst du deinen Bart besonders gepflegt. Ein sauber getrimmter Bart unterstreicht deinen Auftritt und passt ideal zum festlichen Anlass.\"}},{\"@type\":\"Question\",\"name\":\"Welche Frisur passt zur Tracht beim Oktoberfest?\",\"acceptedAnswer\":{\"@type\":\"Answer\",\"text\":\"Kombiniere Flechtfrisuren oder Akzente mit passenden Accessoires f\u00fcr ein stimmiges Trachtenoutfit. Traditionelle Flechtelemente betonen den festlichen Stil und lassen sich vielseitig variieren.\"}},{\"@type\":\"Question\",\"name\":\"Wie sorgst du f\u00fcr einen gelungenen Beauty-Look zur Wiesn?\",\"acceptedAnswer\":{\"@type\":\"Answer\",\"text\":\"Ein gepflegter Bart und abgestimmte Frisuren schaffen einen auff\u00e4lligen Beauty-Look. Komfort und individuelle Akzente verleihen deinem Auftritt Einzigartigkeit und unterstreichen deinen pers\u00f6nlichen Stil.\"}}]}","footnotes":""},"categories":[2],"tags":[94,27],"class_list":{"0":"post-20222","1":"post","2":"type-post","3":"status-publish","4":"format-standard","6":"category-trends","7":"tag-tr492","8":"tag-tr164","9":"entry"},"acf":{"post_credits":"Bildrechte: Shutterstock, Instagram: @markusgander_, @menstyletop_\r\n@alpenherz_trachtenmanufaktur\r\n@modesynthese, @iamisidor, @surabayaminoxidil\r\n@alpenherz_trachtenmanufaktur, @iamisidor \r\n@tommyzandali, @tommeezjerry, @alpenherz_trachtenmanufaktur \r\n@wilburworldwide, @matze__ha, @huastn, @iamisidor","beauty_blog_post_button_title":"","beauty_blog_post_button":"","landscape_picture":null,"blocks":null},"yoast_head":"<!-- This site is optimized with the Yoast SEO plugin v27.4 - https:\/\/yoast.com\/product\/yoast-seo-wordpress\/ -->\n<title>Oktoberfest 2018 - M\u00e4nner das sind die Bartstyles f\u00fcr die Wiesn - Treatwell<\/title>\n<meta name=\"description\" content=\"In Sachen Style gibts Lederhosen f\u00fcr den Mann und einen gepflegten Beauty-Look aka Bartstyle. Dieser Jahr allerdings haben wir den Vollbart etwas genauer ins Visier genommen.\" \/>\n<meta name=\"robots\" content=\"index, follow, max-snippet:-1, max-image-preview:large, max-video-preview:-1\" \/>\n<link rel=\"canonical\" href=\"https:\/\/www.treatwell.de/treatment-files\/wiesn-bartstyles\/\" \/>\n<meta property=\"og:locale\" content=\"de_DE\" \/>\n<meta property=\"og:type\" content=\"article\" \/>\n<meta property=\"og:title\" content=\"Oktoberfest 2018 - M\u00e4nner das sind die Bartstyles f\u00fcr die Wiesn - Treatwell\" \/>\n<meta property=\"og:description\" content=\"In Sachen Style gibts Lederhosen f\u00fcr den Mann und einen gepflegten Beauty-Look aka Bartstyle. Dieser Jahr allerdings haben wir den Vollbart etwas genauer ins Visier genommen.\" \/>\n<meta property=\"og:url\" content=\"https:\/\/www.treatwell.de/treatment-files\/wiesn-bartstyles\/\" \/>\n<meta property=\"og:site_name\" content=\"The Treatment Files Blog\" \/>\n<meta property=\"article:published_time\" content=\"2018-09-11T17:57:10+00:00\" \/>\n<meta property=\"article:modified_time\" content=\"2026-01-18T13:57:49+00:00\" \/>\n<meta name=\"author\" content=\"Isabella Tombinski-robb\" \/>\n<meta name=\"twitter:card\" content=\"summary_large_image\" \/>\n<meta name=\"twitter:label1\" content=\"Verfasst von\" \/>\n\t<meta name=\"twitter:data1\" content=\"Isabella Tombinski-robb\" \/>\n\t<meta name=\"twitter:label2\" content=\"Gesch\u00e4tzte Lesezeit\" \/>\n\t<meta name=\"twitter:data2\" content=\"1 Minute\" \/>\n<script type=\"application\/ld+json\" class=\"yoast-schema-graph\">{\"@context\":\"https:\\\/\\\/schema.org\",\"@graph\":[{\"@type\":\"Article\",\"@id\":\"https:\\\/\\\/www.treatwell.de/treatment-files\\\/wiesn-bartstyles\\\/#article\",\"isPartOf\":{\"@id\":\"https:\\\/\\\/www.treatwell.de/treatment-files\\\/wiesn-bartstyles\\\/\"},\"author\":{\"name\":\"Isabella Tombinski-robb\",\"@id\":\"https:\\\/\\\/www.treatwell.de/treatment-files\\\/#\\\/schema\\\/person\\\/869d3f19bdf4203c8e6e97c64e1c3c8e\"},\"headline\":\"Oktoberfest 2018 &#8211; M\u00e4nner das sind die Bartstyles f\u00fcr die Wiesn\",\"datePublished\":\"2018-09-11T17:57:10+00:00\",\"dateModified\":\"2026-01-18T13:57:49+00:00\",\"mainEntityOfPage\":{\"@id\":\"https:\\\/\\\/www.treatwell.de/treatment-files\\\/wiesn-bartstyles\\\/\"},\"wordCount\":281,\"publisher\":{\"@id\":\"https:\\\/\\\/www.treatwell.de/treatment-files\\\/#organization\"},\"keywords\":[\"Beard Trimming\",\"Men's Shaving\"],\"articleSection\":[\"Trends\"],\"inLanguage\":\"de-DE\"},{\"@type\":\"WebPage\",\"@id\":\"https:\\\/\\\/www.treatwell.de/treatment-files\\\/wiesn-bartstyles\\\/\",\"url\":\"https:\\\/\\\/www.treatwell.de/treatment-files\\\/wiesn-bartstyles\\\/\",\"name\":\"Oktoberfest 2018 - M\u00e4nner das sind die Bartstyles f\u00fcr die Wiesn - Treatwell\",\"isPartOf\":{\"@id\":\"https:\\\/\\\/www.treatwell.de/treatment-files\\\/#website\"},\"datePublished\":\"2018-09-11T17:57:10+00:00\",\"dateModified\":\"2026-01-18T13:57:49+00:00\",\"description\":\"In Sachen Style gibts Lederhosen f\u00fcr den Mann und einen gepflegten Beauty-Look aka Bartstyle. Dieser Jahr allerdings haben wir den Vollbart etwas genauer ins Visier genommen.\",\"breadcrumb\":{\"@id\":\"https:\\\/\\\/www.treatwell.de/treatment-files\\\/wiesn-bartstyles\\\/#breadcrumb\"},\"inLanguage\":\"de-DE\",\"potentialAction\":[{\"@type\":\"ReadAction\",\"target\":[\"https:\\\/\\\/www.treatwell.de/treatment-files\\\/wiesn-bartstyles\\\/\"]}]},{\"@type\":\"BreadcrumbList\",\"@id\":\"https:\\\/\\\/www.treatwell.de/treatment-files\\\/wiesn-bartstyles\\\/#breadcrumb\",\"itemListElement\":[{\"@type\":\"ListItem\",\"position\":1,\"name\":\"Home\",\"item\":\"https:\\\/\\\/www.treatwell.de/treatment-files\\\/\"},{\"@type\":\"ListItem\",\"position\":2,\"name\":\"Trends\",\"item\":\"https:\\\/\\\/www.treatwell.de/treatment-files\\\/trends\\\/\"},{\"@type\":\"ListItem\",\"position\":3,\"name\":\"Oktoberfest 2018 &#8211; M\u00e4nner das sind die Bartstyles f\u00fcr die Wiesn\"}]},{\"@type\":\"WebSite\",\"@id\":\"https:\\\/\\\/www.treatwell.de/treatment-files\\\/#website\",\"url\":\"https:\\\/\\\/www.treatwell.de/treatment-files\\\/\",\"name\":\"The Treatment Files Blog\",\"description\":\"Beauty entdecken. Beauty erleben.\",\"publisher\":{\"@id\":\"https:\\\/\\\/www.treatwell.de/treatment-files\\\/#organization\"},\"potentialAction\":[{\"@type\":\"SearchAction\",\"target\":{\"@type\":\"EntryPoint\",\"urlTemplate\":\"https:\\\/\\\/www.treatwell.de/treatment-files\\\/?s={search_term_string}\"},\"query-input\":{\"@type\":\"PropertyValueSpecification\",\"valueRequired\":true,\"valueName\":\"search_term_string\"}}],\"inLanguage\":\"de-DE\"},{\"@type\":\"Organization\",\"@id\":\"https:\\\/\\\/www.treatwell.de/treatment-files\\\/#organization\",\"name\":\"Treatwell\",\"url\":\"https:\\\/\\\/www.treatwell.de/treatment-files\\\/\",\"logo\":{\"@type\":\"ImageObject\",\"inLanguage\":\"de-DE\",\"@id\":\"https:\\\/\\\/www.treatwell.de/treatment-files\\\/#\\\/schema\\\/logo\\\/image\\\/\",\"url\":\"https:\\\/\\\/www.treatwell.de/treatment-files\\\/wp-content\\\/uploads\\\/sites\\\/7\\\/2022\\\/03\\\/logo_treatwell.png\",\"contentUrl\":\"https:\\\/\\\/www.treatwell.de/treatment-files\\\/wp-content\\\/uploads\\\/sites\\\/7\\\/2022\\\/03\\\/logo_treatwell.png\",\"width\":889,\"height\":164,\"caption\":\"Treatwell\"},\"image\":{\"@id\":\"https:\\\/\\\/www.treatwell.de/treatment-files\\\/#\\\/schema\\\/logo\\\/image\\\/\"}},{\"@type\":\"Person\",\"@id\":\"https:\\\/\\\/www.treatwell.de/treatment-files\\\/#\\\/schema\\\/person\\\/869d3f19bdf4203c8e6e97c64e1c3c8e\",\"name\":\"Isabella Tombinski-robb\",\"image\":{\"@type\":\"ImageObject\",\"inLanguage\":\"de-DE\",\"@id\":\"https:\\\/\\\/secure.gravatar.com\\\/avatar\\\/624ce3bd6151d711f02c8c31549c8390027943dc1293e17bf28c136ce4288a80?s=96&d=mm&r=g\",\"url\":\"https:\\\/\\\/secure.gravatar.com\\\/avatar\\\/624ce3bd6151d711f02c8c31549c8390027943dc1293e17bf28c136ce4288a80?s=96&d=mm&r=g\",\"contentUrl\":\"https:\\\/\\\/secure.gravatar.com\\\/avatar\\\/624ce3bd6151d711f02c8c31549c8390027943dc1293e17bf28c136ce4288a80?s=96&d=mm&r=g\",\"caption\":\"Isabella Tombinski-robb\"},\"url\":\"https:\\\/\\\/www.treatwell.de/treatment-files\\\/author\\\/isabellatombinskirobb\\\/\"}]}<\/script>\n<!-- \/ Yoast SEO plugin. -->","yoast_head_json":{"title":"Oktoberfest 2018 - M\u00e4nner das sind die Bartstyles f\u00fcr die Wiesn - Treatwell","description":"In Sachen Style gibts Lederhosen f\u00fcr den Mann und einen gepflegten Beauty-Look aka Bartstyle. Dieser Jahr allerdings haben wir den Vollbart etwas genauer ins Visier genommen.","robots":{"index":"index","follow":"follow","max-snippet":"max-snippet:-1","max-image-preview":"max-image-preview:large","max-video-preview":"max-video-preview:-1"},"canonical":"https:\/\/www.treatwell.de/treatment-files\/wiesn-bartstyles\/","og_locale":"de_DE","og_type":"article","og_title":"Oktoberfest 2018 - M\u00e4nner das sind die Bartstyles f\u00fcr die Wiesn - Treatwell","og_description":"In Sachen Style gibts Lederhosen f\u00fcr den Mann und einen gepflegten Beauty-Look aka Bartstyle. Dieser Jahr allerdings haben wir den Vollbart etwas genauer ins Visier genommen.","og_url":"https:\/\/www.treatwell.de/treatment-files\/wiesn-bartstyles\/","og_site_name":"The Treatment Files Blog","article_published_time":"2018-09-11T17:57:10+00:00","article_modified_time":"2026-01-18T13:57:49+00:00","author":"Isabella Tombinski-robb","twitter_card":"summary_large_image","twitter_misc":{"Verfasst von":"Isabella Tombinski-robb","Gesch\u00e4tzte Lesezeit":"1 Minute"},"schema":{"@context":"https:\/\/schema.org","@graph":[{"@type":"Article","@id":"https:\/\/www.treatwell.de/treatment-files\/wiesn-bartstyles\/#article","isPartOf":{"@id":"https:\/\/www.treatwell.de/treatment-files\/wiesn-bartstyles\/"},"author":{"name":"Isabella Tombinski-robb","@id":"https:\/\/www.treatwell.de/treatment-files\/#\/schema\/person\/869d3f19bdf4203c8e6e97c64e1c3c8e"},"headline":"Oktoberfest 2018 &#8211; M\u00e4nner das sind die Bartstyles f\u00fcr die Wiesn","datePublished":"2018-09-11T17:57:10+00:00","dateModified":"2026-01-18T13:57:49+00:00","mainEntityOfPage":{"@id":"https:\/\/www.treatwell.de/treatment-files\/wiesn-bartstyles\/"},"wordCount":281,"publisher":{"@id":"https:\/\/www.treatwell.de/treatment-files\/#organization"},"keywords":["Beard Trimming","Men's Shaving"],"articleSection":["Trends"],"inLanguage":"de-DE"},{"@type":"WebPage","@id":"https:\/\/www.treatwell.de/treatment-files\/wiesn-bartstyles\/","url":"https:\/\/www.treatwell.de/treatment-files\/wiesn-bartstyles\/","name":"Oktoberfest 2018 - M\u00e4nner das sind die Bartstyles f\u00fcr die Wiesn - Treatwell","isPartOf":{"@id":"https:\/\/www.treatwell.de/treatment-files\/#website"},"datePublished":"2018-09-11T17:57:10+00:00","dateModified":"2026-01-18T13:57:49+00:00","description":"In Sachen Style gibts Lederhosen f\u00fcr den Mann und einen gepflegten Beauty-Look aka Bartstyle. Dieser Jahr allerdings haben wir den Vollbart etwas genauer ins Visier genommen.","breadcrumb":{"@id":"https:\/\/www.treatwell.de/treatment-files\/wiesn-bartstyles\/#breadcrumb"},"inLanguage":"de-DE","potentialAction":[{"@type":"ReadAction","target":["https:\/\/www.treatwell.de/treatment-files\/wiesn-bartstyles\/"]}]},{"@type":"BreadcrumbList","@id":"https:\/\/www.treatwell.de/treatment-files\/wiesn-bartstyles\/#breadcrumb","itemListElement":[{"@type":"ListItem","position":1,"name":"Home","item":"https:\/\/www.treatwell.de/treatment-files\/"},{"@type":"ListItem","position":2,"name":"Trends","item":"https:\/\/www.treatwell.de/treatment-files\/trends\/"},{"@type":"ListItem","position":3,"name":"Oktoberfest 2018 &#8211; M\u00e4nner das sind die Bartstyles f\u00fcr die Wiesn"}]},{"@type":"WebSite","@id":"https:\/\/www.treatwell.de/treatment-files\/#website","url":"https:\/\/www.treatwell.de/treatment-files\/","name":"The Treatment Files Blog","description":"Beauty entdecken. Beauty erleben.","publisher":{"@id":"https:\/\/www.treatwell.de/treatment-files\/#organization"},"potentialAction":[{"@type":"SearchAction","target":{"@type":"EntryPoint","urlTemplate":"https:\/\/www.treatwell.de/treatment-files\/?s={search_term_string}"},"query-input":{"@type":"PropertyValueSpecification","valueRequired":true,"valueName":"search_term_string"}}],"inLanguage":"de-DE"},{"@type":"Organization","@id":"https:\/\/www.treatwell.de/treatment-files\/#organization","name":"Treatwell","url":"https:\/\/www.treatwell.de/treatment-files\/","logo":{"@type":"ImageObject","inLanguage":"de-DE","@id":"https:\/\/www.treatwell.de/treatment-files\/#\/schema\/logo\/image\/","url":"https:\/\/www.treatwell.de/treatment-files\/wp-content\/uploads\/sites\/7\/2022\/03\/logo_treatwell.png","contentUrl":"https:\/\/www.treatwell.de/treatment-files\/wp-content\/uploads\/sites\/7\/2022\/03\/logo_treatwell.png","width":889,"height":164,"caption":"Treatwell"},"image":{"@id":"https:\/\/www.treatwell.de/treatment-files\/#\/schema\/logo\/image\/"}},{"@type":"Person","@id":"https:\/\/www.treatwell.de/treatment-files\/#\/schema\/person\/869d3f19bdf4203c8e6e97c64e1c3c8e","name":"Isabella Tombinski-robb","image":{"@type":"ImageObject","inLanguage":"de-DE","@id":"https:\/\/secure.gravatar.com\/avatar\/624ce3bd6151d711f02c8c31549c8390027943dc1293e17bf28c136ce4288a80?s=96&d=mm&r=g","url":"https:\/\/secure.gravatar.com\/avatar\/624ce3bd6151d711f02c8c31549c8390027943dc1293e17bf28c136ce4288a80?s=96&d=mm&r=g","contentUrl":"https:\/\/secure.gravatar.com\/avatar\/624ce3bd6151d711f02c8c31549c8390027943dc1293e17bf28c136ce4288a80?s=96&d=mm&r=g","caption":"Isabella Tombinski-robb"},"url":"https:\/\/www.treatwell.de/treatment-files\/author\/isabellatombinskirobb\/"}]}},"featured_image_src":null,"featured_image_src_square":null,"author_info":{"display_name":"Isabella Tombinski-robb","author_link":"https:\/\/www.treatwell.de/treatment-files\/author\/isabellatombinskirobb\/"},"_links":{"self":[{"href":"https:\/\/www.treatwell.de\/treatment-files\/wp-json\/wp\/v2\/posts\/20222","targetHints":{"allow":["GET"]}}],"collection":[{"href":"https:\/\/www.treatwell.de\/treatment-files\/wp-json\/wp\/v2\/posts"}],"about":[{"href":"https:\/\/www.treatwell.de\/treatment-files\/wp-json\/wp\/v2\/types\/post"}],"author":[{"embeddable":true,"href":"https:\/\/www.treatwell.de\/treatment-files\/wp-json\/wp\/v2\/users\/3318"}],"replies":[{"embeddable":true,"href":"https:\/\/www.treatwell.de\/treatment-files\/wp-json\/wp\/v2\/comments?post=20222"}],"version-history":[{"count":0,"href":"https:\/\/www.treatwell.de\/treatment-files\/wp-json\/wp\/v2\/posts\/20222\/revisions"}],"wp:attachment":[{"href":"https:\/\/www.treatwell.de\/treatment-files\/wp-json\/wp\/v2\/media?parent=20222"}],"wp:term":[{"taxonomy":"category","embeddable":true,"href":"https:\/\/www.treatwell.de\/treatment-files\/wp-json\/wp\/v2\/categories?post=20222"},{"taxonomy":"post_tag","embeddable":true,"href":"https:\/\/www.treatwell.de\/treatment-files\/wp-json\/wp\/v2\/tags?post=20222"}],"curies":[{"name":"wp","href":"https:\/\/api.w.org\/{rel}","templated":true}]}}