{"id":20103,"date":"2018-07-30T10:00:49","date_gmt":"2018-07-30T08:00:49","guid":{"rendered":"https:\/\/www.treatwell.de\/treatment-files\/?p=11841"},"modified":"2026-01-18T14:57:19","modified_gmt":"2026-01-18T13:57:19","slug":"braids-glitter-diese-festivalfrisuren-sind-zum-anhimmeln","status":"publish","type":"post","link":"https:\/\/www.treatwell.de/treatment-files\/braids-glitter-diese-festivalfrisuren-sind-zum-anhimmeln\/","title":{"rendered":"Braids und Glitter  &#8211; Diese Festivalfrisuren sind zum Anhimmeln"},"content":{"rendered":"<p><span style=\"font-weight: 400\">Im Sommer gibt es eine Sache die ganz oben auf unserer Liste steht: Konzerte und unz\u00e4hlige Festivals! Auf Instagram sammeln wir bereits eifrig Haar Inspiration f\u00fcr die Wiesn und die <\/span>Chiemsee Summer<span style=\"font-weight: 400\">\u00a0k\u00f6nnen wir kaum erwarten. Von franz\u00f6sischen Z\u00f6pfen, \u00fcber Rainbow Boxer Braids: <\/span><span style=\"font-weight: 400\">Wir zeigen euch die sch\u00f6nsten Festivalfrisuren, um die du diesen Sommer nicht herum kommst. Spoiler: Hab\u2019 schon mal die Glittertube ready&#8230;<\/span><\/p>\n<p><span style=\"font-weight: 400\">Isabella Tombinski-Robb<\/span><\/p>\n<p>&nbsp;<\/p>\n<div class=\"schema-faq wp-block-yoast-faq-block\">\n<div class=\"schema-faq-section\" id=\"faq-question-1768744015834\">\n<h3 class=\"schema-faq-question\">Welche Festivalfrisuren eignen sich besonders f\u00fcr den Sommer?<\/h3>\n<p class=\"schema-faq-answer\">Franz\u00f6sische Z\u00f6pfe und Rainbow Boxer Braids wirken im Sommer besonders angesagt. Diese Styles bieten nicht nur Komfort bei warmen Temperaturen, sondern halten auch den ganzen Tag auf Konzerten oder Festivals.<\/div>\n<div class=\"schema-faq-section\" id=\"faq-question-1768744015835\">\n<h3 class=\"schema-faq-question\">Wie setzt du mit deiner Frisur ein auff\u00e4lliges Statement auf Festivals?<\/h3>\n<p class=\"schema-faq-answer\">Glitzerelemente in den Haaren ziehen auf jedem Festival die Blicke auf sich. Besonders angesagt wirken bunte Akzente oder spezielle Glittertuben, die jedem Look das gewisse Extra verleihen.<\/div>\n<div class=\"schema-faq-section\" id=\"faq-question-1768744015836\">\n<h3 class=\"schema-faq-question\">Warum sind geflochtene Z\u00f6pfe auf Festivals so beliebt?<\/h3>\n<p class=\"schema-faq-answer\">Geflochtene Z\u00f6pfe bieten zuverl\u00e4ssigen Halt und bleiben auch bei viel Bewegung den ganzen Tag intakt. Zudem sch\u00fctzen sie die Haare vor Wind auf dem Festivalgel\u00e4nde und sorgen f\u00fcr einen gepflegten Look.<\/div>\n<\/p><\/div>\n","protected":false},"excerpt":{"rendered":"<p>Im Sommer gibt es eine Sache die ganz oben auf unserer Liste steht: Konzerte und unz\u00e4hlige Festivals! Auf Instagram sammeln wir bereits eifrig Haar Inspiration f\u00fcr die Wiesn und die Chiemsee Summer\u00a0k\u00f6nnen wir kaum erwarten. Von franz\u00f6sischen Z\u00f6pfen, \u00fcber Rainbow Boxer Braids: Wir zeigen euch die sch\u00f6nsten Festivalfrisuren, um die du diesen Sommer nicht herum [&hellip;]<\/p>\n","protected":false},"author":3318,"featured_media":0,"comment_status":"closed","ping_status":"closed","sticky":false,"template":"","format":"standard","meta":{"_acf_changed":false,"_yoast_wpseo_title":"Braids und Glitter - Diese Festivalfrisuren sind zum Anhimmeln - Treatwell","_yoast_wpseo_metadesc":"Wir zeigen euch die sch\u00f6nsten Festivalfrisuren, um die du diesen Sommer nicht herum kommst. Spoiler: Hab\u2019 schon mal die Glittertube ready...","_genesis_hide_title":false,"_genesis_hide_breadcrumbs":false,"_genesis_hide_singular_image":false,"_genesis_hide_footer_widgets":false,"_genesis_custom_body_class":"","_genesis_custom_post_class":"","_genesis_layout":"","saswp_custom_schema_field":"{\"@context\":\"https:\/\/schema.org\",\"@type\":\"FAQPage\",\"mainEntity\":[{\"@type\":\"Question\",\"name\":\"Welche Festivalfrisuren eignen sich besonders f\u00fcr den Sommer?\",\"acceptedAnswer\":{\"@type\":\"Answer\",\"text\":\"Franz\u00f6sische Z\u00f6pfe und Rainbow Boxer Braids wirken im Sommer besonders angesagt. Diese Styles bieten nicht nur Komfort bei warmen Temperaturen, sondern halten auch den ganzen Tag auf Konzerten oder Festivals.\"}},{\"@type\":\"Question\",\"name\":\"Wie setzt du mit deiner Frisur ein auff\u00e4lliges Statement auf Festivals?\",\"acceptedAnswer\":{\"@type\":\"Answer\",\"text\":\"Glitzerelemente in den Haaren ziehen auf jedem Festival die Blicke auf sich. Besonders angesagt wirken bunte Akzente oder spezielle Glittertuben, die jedem Look das gewisse Extra verleihen.\"}},{\"@type\":\"Question\",\"name\":\"Warum sind geflochtene Z\u00f6pfe auf Festivals so beliebt?\",\"acceptedAnswer\":{\"@type\":\"Answer\",\"text\":\"Geflochtene Z\u00f6pfe bieten zuverl\u00e4ssigen Halt und bleiben auch bei viel Bewegung den ganzen Tag intakt. Zudem sch\u00fctzen sie die Haare vor Wind auf dem Festivalgel\u00e4nde und sorgen f\u00fcr einen gepflegten Look.\"}}]}","footnotes":""},"categories":[2],"tags":[66,56],"class_list":{"0":"post-20103","1":"post","2":"type-post","3":"status-publish","4":"format-standard","6":"category-trends","7":"tag-tr715","8":"tag-tr721","9":"entry","10":"has-post-thumbnail"},"acf":{"post_credits":"Bildrechte: Shutterstock, Instagram: 1,2,3,4,5,6,7,8,9,10,11,12,13,14,15: \r\n@heatherhairandbridalstylist, \r\n@ghdhairde, @colorwith_mel, @gucci.gxddess, \r\n@vanpeltkappers, @elysium_hairandbeauty, @victoriadean_, \r\n@locksbyloulou, @jaysters, @prkappersoest, @itsaspenrae, \r\n@beauty.princess_m, @marla.hair, @lippertsfriseure, \r\n@dayandnighthairdressers","beauty_blog_post_button_title":"","beauty_blog_post_button":"","landscape_picture":20104,"blocks":null},"yoast_head":"<!-- This site is optimized with the Yoast SEO plugin v27.5 - https:\/\/yoast.com\/product\/yoast-seo-wordpress\/ -->\n<title>Braids und Glitter - Diese Festivalfrisuren sind zum Anhimmeln - Treatwell<\/title>\n<meta name=\"description\" content=\"Wir zeigen euch die sch\u00f6nsten Festivalfrisuren, um die du diesen Sommer nicht herum kommst. Spoiler: Hab\u2019 schon mal die Glittertube ready...\" \/>\n<meta name=\"robots\" content=\"index, follow, max-snippet:-1, max-image-preview:large, max-video-preview:-1\" \/>\n<link rel=\"canonical\" href=\"https:\/\/www.treatwell.de/treatment-files\/braids-glitter-diese-festivalfrisuren-sind-zum-anhimmeln\/\" \/>\n<meta property=\"og:locale\" content=\"de_DE\" \/>\n<meta property=\"og:type\" content=\"article\" \/>\n<meta property=\"og:title\" content=\"Braids und Glitter - Diese Festivalfrisuren sind zum Anhimmeln - Treatwell\" \/>\n<meta property=\"og:description\" content=\"Wir zeigen euch die sch\u00f6nsten Festivalfrisuren, um die du diesen Sommer nicht herum kommst. Spoiler: Hab\u2019 schon mal die Glittertube ready...\" \/>\n<meta property=\"og:url\" content=\"https:\/\/www.treatwell.de/treatment-files\/braids-glitter-diese-festivalfrisuren-sind-zum-anhimmeln\/\" \/>\n<meta property=\"og:site_name\" content=\"The Treatment Files Blog\" \/>\n<meta property=\"article:published_time\" content=\"2018-07-30T08:00:49+00:00\" \/>\n<meta property=\"article:modified_time\" content=\"2026-01-18T13:57:19+00:00\" \/>\n<meta name=\"author\" content=\"Isabella Tombinski-robb\" \/>\n<meta name=\"twitter:card\" content=\"summary_large_image\" \/>\n<meta name=\"twitter:label1\" content=\"Verfasst von\" \/>\n\t<meta name=\"twitter:data1\" content=\"Isabella Tombinski-robb\" \/>\n\t<meta name=\"twitter:label2\" content=\"Gesch\u00e4tzte Lesezeit\" \/>\n\t<meta name=\"twitter:data2\" content=\"1 Minute\" \/>\n<script type=\"application\/ld+json\" class=\"yoast-schema-graph\">{\"@context\":\"https:\\\/\\\/schema.org\",\"@graph\":[{\"@type\":\"Article\",\"@id\":\"https:\\\/\\\/www.treatwell.de/treatment-files\\\/braids-glitter-diese-festivalfrisuren-sind-zum-anhimmeln\\\/#article\",\"isPartOf\":{\"@id\":\"https:\\\/\\\/www.treatwell.de/treatment-files\\\/braids-glitter-diese-festivalfrisuren-sind-zum-anhimmeln\\\/\"},\"author\":{\"name\":\"Isabella Tombinski-robb\",\"@id\":\"https:\\\/\\\/www.treatwell.de/treatment-files\\\/#\\\/schema\\\/person\\\/869d3f19bdf4203c8e6e97c64e1c3c8e\"},\"headline\":\"Braids und Glitter &#8211; Diese Festivalfrisuren sind zum Anhimmeln\",\"datePublished\":\"2018-07-30T08:00:49+00:00\",\"dateModified\":\"2026-01-18T13:57:19+00:00\",\"mainEntityOfPage\":{\"@id\":\"https:\\\/\\\/www.treatwell.de/treatment-files\\\/braids-glitter-diese-festivalfrisuren-sind-zum-anhimmeln\\\/\"},\"wordCount\":207,\"publisher\":{\"@id\":\"https:\\\/\\\/www.treatwell.de/treatment-files\\\/#organization\"},\"keywords\":[\"Braids\",\"Hair Up\"],\"articleSection\":[\"Trends\"],\"inLanguage\":\"de-DE\"},{\"@type\":\"WebPage\",\"@id\":\"https:\\\/\\\/www.treatwell.de/treatment-files\\\/braids-glitter-diese-festivalfrisuren-sind-zum-anhimmeln\\\/\",\"url\":\"https:\\\/\\\/www.treatwell.de/treatment-files\\\/braids-glitter-diese-festivalfrisuren-sind-zum-anhimmeln\\\/\",\"name\":\"Braids und Glitter - Diese Festivalfrisuren sind zum Anhimmeln - Treatwell\",\"isPartOf\":{\"@id\":\"https:\\\/\\\/www.treatwell.de/treatment-files\\\/#website\"},\"datePublished\":\"2018-07-30T08:00:49+00:00\",\"dateModified\":\"2026-01-18T13:57:19+00:00\",\"description\":\"Wir zeigen euch die sch\u00f6nsten Festivalfrisuren, um die du diesen Sommer nicht herum kommst. Spoiler: Hab\u2019 schon mal die Glittertube ready...\",\"breadcrumb\":{\"@id\":\"https:\\\/\\\/www.treatwell.de/treatment-files\\\/braids-glitter-diese-festivalfrisuren-sind-zum-anhimmeln\\\/#breadcrumb\"},\"inLanguage\":\"de-DE\",\"potentialAction\":[{\"@type\":\"ReadAction\",\"target\":[\"https:\\\/\\\/www.treatwell.de/treatment-files\\\/braids-glitter-diese-festivalfrisuren-sind-zum-anhimmeln\\\/\"]}]},{\"@type\":\"BreadcrumbList\",\"@id\":\"https:\\\/\\\/www.treatwell.de/treatment-files\\\/braids-glitter-diese-festivalfrisuren-sind-zum-anhimmeln\\\/#breadcrumb\",\"itemListElement\":[{\"@type\":\"ListItem\",\"position\":1,\"name\":\"Home\",\"item\":\"https:\\\/\\\/www.treatwell.de/treatment-files\\\/\"},{\"@type\":\"ListItem\",\"position\":2,\"name\":\"Trends\",\"item\":\"https:\\\/\\\/www.treatwell.de/treatment-files\\\/trends\\\/\"},{\"@type\":\"ListItem\",\"position\":3,\"name\":\"Braids und Glitter &#8211; Diese Festivalfrisuren sind zum Anhimmeln\"}]},{\"@type\":\"WebSite\",\"@id\":\"https:\\\/\\\/www.treatwell.de/treatment-files\\\/#website\",\"url\":\"https:\\\/\\\/www.treatwell.de/treatment-files\\\/\",\"name\":\"The Treatment Files Blog\",\"description\":\"Beauty entdecken. Beauty erleben.\",\"publisher\":{\"@id\":\"https:\\\/\\\/www.treatwell.de/treatment-files\\\/#organization\"},\"potentialAction\":[{\"@type\":\"SearchAction\",\"target\":{\"@type\":\"EntryPoint\",\"urlTemplate\":\"https:\\\/\\\/www.treatwell.de/treatment-files\\\/?s={search_term_string}\"},\"query-input\":{\"@type\":\"PropertyValueSpecification\",\"valueRequired\":true,\"valueName\":\"search_term_string\"}}],\"inLanguage\":\"de-DE\"},{\"@type\":\"Organization\",\"@id\":\"https:\\\/\\\/www.treatwell.de/treatment-files\\\/#organization\",\"name\":\"Treatwell\",\"url\":\"https:\\\/\\\/www.treatwell.de/treatment-files\\\/\",\"logo\":{\"@type\":\"ImageObject\",\"inLanguage\":\"de-DE\",\"@id\":\"https:\\\/\\\/www.treatwell.de/treatment-files\\\/#\\\/schema\\\/logo\\\/image\\\/\",\"url\":\"https:\\\/\\\/www.treatwell.de/treatment-files\\\/wp-content\\\/uploads\\\/sites\\\/7\\\/2022\\\/03\\\/logo_treatwell.png\",\"contentUrl\":\"https:\\\/\\\/www.treatwell.de/treatment-files\\\/wp-content\\\/uploads\\\/sites\\\/7\\\/2022\\\/03\\\/logo_treatwell.png\",\"width\":889,\"height\":164,\"caption\":\"Treatwell\"},\"image\":{\"@id\":\"https:\\\/\\\/www.treatwell.de/treatment-files\\\/#\\\/schema\\\/logo\\\/image\\\/\"}},{\"@type\":\"Person\",\"@id\":\"https:\\\/\\\/www.treatwell.de/treatment-files\\\/#\\\/schema\\\/person\\\/869d3f19bdf4203c8e6e97c64e1c3c8e\",\"name\":\"Isabella Tombinski-robb\",\"image\":{\"@type\":\"ImageObject\",\"inLanguage\":\"de-DE\",\"@id\":\"https:\\\/\\\/secure.gravatar.com\\\/avatar\\\/624ce3bd6151d711f02c8c31549c8390027943dc1293e17bf28c136ce4288a80?s=96&d=mm&r=g\",\"url\":\"https:\\\/\\\/secure.gravatar.com\\\/avatar\\\/624ce3bd6151d711f02c8c31549c8390027943dc1293e17bf28c136ce4288a80?s=96&d=mm&r=g\",\"contentUrl\":\"https:\\\/\\\/secure.gravatar.com\\\/avatar\\\/624ce3bd6151d711f02c8c31549c8390027943dc1293e17bf28c136ce4288a80?s=96&d=mm&r=g\",\"caption\":\"Isabella Tombinski-robb\"},\"url\":\"https:\\\/\\\/www.treatwell.de/treatment-files\\\/author\\\/isabellatombinskirobb\\\/\"}]}<\/script>\n<!-- \/ Yoast SEO plugin. -->","yoast_head_json":{"title":"Braids und Glitter - Diese Festivalfrisuren sind zum Anhimmeln - Treatwell","description":"Wir zeigen euch die sch\u00f6nsten Festivalfrisuren, um die du diesen Sommer nicht herum kommst. Spoiler: Hab\u2019 schon mal die Glittertube ready...","robots":{"index":"index","follow":"follow","max-snippet":"max-snippet:-1","max-image-preview":"max-image-preview:large","max-video-preview":"max-video-preview:-1"},"canonical":"https:\/\/www.treatwell.de/treatment-files\/braids-glitter-diese-festivalfrisuren-sind-zum-anhimmeln\/","og_locale":"de_DE","og_type":"article","og_title":"Braids und Glitter - Diese Festivalfrisuren sind zum Anhimmeln - Treatwell","og_description":"Wir zeigen euch die sch\u00f6nsten Festivalfrisuren, um die du diesen Sommer nicht herum kommst. Spoiler: Hab\u2019 schon mal die Glittertube ready...","og_url":"https:\/\/www.treatwell.de/treatment-files\/braids-glitter-diese-festivalfrisuren-sind-zum-anhimmeln\/","og_site_name":"The Treatment Files Blog","article_published_time":"2018-07-30T08:00:49+00:00","article_modified_time":"2026-01-18T13:57:19+00:00","author":"Isabella Tombinski-robb","twitter_card":"summary_large_image","twitter_misc":{"Verfasst von":"Isabella Tombinski-robb","Gesch\u00e4tzte Lesezeit":"1 Minute"},"schema":{"@context":"https:\/\/schema.org","@graph":[{"@type":"Article","@id":"https:\/\/www.treatwell.de/treatment-files\/braids-glitter-diese-festivalfrisuren-sind-zum-anhimmeln\/#article","isPartOf":{"@id":"https:\/\/www.treatwell.de/treatment-files\/braids-glitter-diese-festivalfrisuren-sind-zum-anhimmeln\/"},"author":{"name":"Isabella Tombinski-robb","@id":"https:\/\/www.treatwell.de/treatment-files\/#\/schema\/person\/869d3f19bdf4203c8e6e97c64e1c3c8e"},"headline":"Braids und Glitter &#8211; Diese Festivalfrisuren sind zum Anhimmeln","datePublished":"2018-07-30T08:00:49+00:00","dateModified":"2026-01-18T13:57:19+00:00","mainEntityOfPage":{"@id":"https:\/\/www.treatwell.de/treatment-files\/braids-glitter-diese-festivalfrisuren-sind-zum-anhimmeln\/"},"wordCount":207,"publisher":{"@id":"https:\/\/www.treatwell.de/treatment-files\/#organization"},"keywords":["Braids","Hair Up"],"articleSection":["Trends"],"inLanguage":"de-DE"},{"@type":"WebPage","@id":"https:\/\/www.treatwell.de/treatment-files\/braids-glitter-diese-festivalfrisuren-sind-zum-anhimmeln\/","url":"https:\/\/www.treatwell.de/treatment-files\/braids-glitter-diese-festivalfrisuren-sind-zum-anhimmeln\/","name":"Braids und Glitter - Diese Festivalfrisuren sind zum Anhimmeln - Treatwell","isPartOf":{"@id":"https:\/\/www.treatwell.de/treatment-files\/#website"},"datePublished":"2018-07-30T08:00:49+00:00","dateModified":"2026-01-18T13:57:19+00:00","description":"Wir zeigen euch die sch\u00f6nsten Festivalfrisuren, um die du diesen Sommer nicht herum kommst. Spoiler: Hab\u2019 schon mal die Glittertube ready...","breadcrumb":{"@id":"https:\/\/www.treatwell.de/treatment-files\/braids-glitter-diese-festivalfrisuren-sind-zum-anhimmeln\/#breadcrumb"},"inLanguage":"de-DE","potentialAction":[{"@type":"ReadAction","target":["https:\/\/www.treatwell.de/treatment-files\/braids-glitter-diese-festivalfrisuren-sind-zum-anhimmeln\/"]}]},{"@type":"BreadcrumbList","@id":"https:\/\/www.treatwell.de/treatment-files\/braids-glitter-diese-festivalfrisuren-sind-zum-anhimmeln\/#breadcrumb","itemListElement":[{"@type":"ListItem","position":1,"name":"Home","item":"https:\/\/www.treatwell.de/treatment-files\/"},{"@type":"ListItem","position":2,"name":"Trends","item":"https:\/\/www.treatwell.de/treatment-files\/trends\/"},{"@type":"ListItem","position":3,"name":"Braids und Glitter &#8211; Diese Festivalfrisuren sind zum Anhimmeln"}]},{"@type":"WebSite","@id":"https:\/\/www.treatwell.de/treatment-files\/#website","url":"https:\/\/www.treatwell.de/treatment-files\/","name":"The Treatment Files Blog","description":"Beauty entdecken. Beauty erleben.","publisher":{"@id":"https:\/\/www.treatwell.de/treatment-files\/#organization"},"potentialAction":[{"@type":"SearchAction","target":{"@type":"EntryPoint","urlTemplate":"https:\/\/www.treatwell.de/treatment-files\/?s={search_term_string}"},"query-input":{"@type":"PropertyValueSpecification","valueRequired":true,"valueName":"search_term_string"}}],"inLanguage":"de-DE"},{"@type":"Organization","@id":"https:\/\/www.treatwell.de/treatment-files\/#organization","name":"Treatwell","url":"https:\/\/www.treatwell.de/treatment-files\/","logo":{"@type":"ImageObject","inLanguage":"de-DE","@id":"https:\/\/www.treatwell.de/treatment-files\/#\/schema\/logo\/image\/","url":"https:\/\/www.treatwell.de/treatment-files\/wp-content\/uploads\/sites\/7\/2022\/03\/logo_treatwell.png","contentUrl":"https:\/\/www.treatwell.de/treatment-files\/wp-content\/uploads\/sites\/7\/2022\/03\/logo_treatwell.png","width":889,"height":164,"caption":"Treatwell"},"image":{"@id":"https:\/\/www.treatwell.de/treatment-files\/#\/schema\/logo\/image\/"}},{"@type":"Person","@id":"https:\/\/www.treatwell.de/treatment-files\/#\/schema\/person\/869d3f19bdf4203c8e6e97c64e1c3c8e","name":"Isabella Tombinski-robb","image":{"@type":"ImageObject","inLanguage":"de-DE","@id":"https:\/\/secure.gravatar.com\/avatar\/624ce3bd6151d711f02c8c31549c8390027943dc1293e17bf28c136ce4288a80?s=96&d=mm&r=g","url":"https:\/\/secure.gravatar.com\/avatar\/624ce3bd6151d711f02c8c31549c8390027943dc1293e17bf28c136ce4288a80?s=96&d=mm&r=g","contentUrl":"https:\/\/secure.gravatar.com\/avatar\/624ce3bd6151d711f02c8c31549c8390027943dc1293e17bf28c136ce4288a80?s=96&d=mm&r=g","caption":"Isabella Tombinski-robb"},"url":"https:\/\/www.treatwell.de/treatment-files\/author\/isabellatombinskirobb\/"}]}},"featured_image_src":null,"featured_image_src_square":null,"author_info":{"display_name":"Isabella Tombinski-robb","author_link":"https:\/\/www.treatwell.de/treatment-files\/author\/isabellatombinskirobb\/"},"_links":{"self":[{"href":"https:\/\/www.treatwell.de\/treatment-files\/wp-json\/wp\/v2\/posts\/20103","targetHints":{"allow":["GET"]}}],"collection":[{"href":"https:\/\/www.treatwell.de\/treatment-files\/wp-json\/wp\/v2\/posts"}],"about":[{"href":"https:\/\/www.treatwell.de\/treatment-files\/wp-json\/wp\/v2\/types\/post"}],"author":[{"embeddable":true,"href":"https:\/\/www.treatwell.de\/treatment-files\/wp-json\/wp\/v2\/users\/3318"}],"replies":[{"embeddable":true,"href":"https:\/\/www.treatwell.de\/treatment-files\/wp-json\/wp\/v2\/comments?post=20103"}],"version-history":[{"count":0,"href":"https:\/\/www.treatwell.de\/treatment-files\/wp-json\/wp\/v2\/posts\/20103\/revisions"}],"wp:attachment":[{"href":"https:\/\/www.treatwell.de\/treatment-files\/wp-json\/wp\/v2\/media?parent=20103"}],"wp:term":[{"taxonomy":"category","embeddable":true,"href":"https:\/\/www.treatwell.de\/treatment-files\/wp-json\/wp\/v2\/categories?post=20103"},{"taxonomy":"post_tag","embeddable":true,"href":"https:\/\/www.treatwell.de\/treatment-files\/wp-json\/wp\/v2\/tags?post=20103"}],"curies":[{"name":"wp","href":"https:\/\/api.w.org\/{rel}","templated":true}]}}