{"id":19448,"date":"2016-08-10T11:36:04","date_gmt":"2016-08-10T09:36:04","guid":{"rendered":"http:\/\/www.treatwell.de\/treatment-files\/?p=3510"},"modified":"2026-01-18T14:55:25","modified_gmt":"2026-01-18T13:55:25","slug":"fade-undercut-frisuren","status":"publish","type":"post","link":"https:\/\/www.treatwell.de/treatment-files\/fade-undercut-frisuren\/","title":{"rendered":"Die richtige \u2018Fade\u2019-Frisur"},"content":{"rendered":"<p style=\"text-align: justify\"><span style=\"font-weight: 400\">Nicht jede\u00a0\u2018Fade\u2019-Frisur ist automatisch eine gute \u2018Fade\u2019-Frisur. Du kannst jeden Friseur fragen, und er wird dir erkl\u00e4ren, dass die Seitenlinie und starkes Deckhaar eine gute \u2018Fade\u2019-Frisur von einer schlechten unterscheidet. Ger\u00e4t diese moderne <a href=\"https:\/\/www.treatwell.de\/treatment-files\/so-wandelbar-ist-der-fade-cut\/\">Kombination aus Kurzhaar und Undercut<\/a> in die falschen H\u00e4nde, sieht man schnell aus wie der Prinz von Bel-Air. Und das ist nicht als Kompliment gedacht. Falls du dich das erste Mal an eine \u2018Fade\u2019-Frisur \u2013\u00a0\u00fcbrigens auch \u2018Razor-Faded\u2019 genannt \u2013\u00a0wagst, konzentriere dich erst auf die Basics. Sei dir im Klaren dar\u00fcber, was du m\u00f6chtest und wie weit du gehen willst. Nicht jeder Arbeitgeber billigt eine hohe \u2018Fade\u2019-Frisur \u00e0 la Tom Hardy. Egal, wie du deine Haare tr\u00e4gst; hoch, niedrig oder auf der H\u00e4lfte, achte darauf, dass die Seiten langsam vom kurzen Haar zu deiner Haut hin verblassen. Schau dir unseren Guide der \u201c4 besten Herrenfriseure in Berlin\u201d an, um den Friseur zu finden, der dir genau die Frisur schneiden kann, die du dir vorstellst. <\/span><\/p>\n<p>&nbsp;<\/p>\n<div class=\"schema-faq wp-block-yoast-faq-block\"><\/div>\n","protected":false},"excerpt":{"rendered":"<p>Nicht jede\u00a0\u2018Fade\u2019-Frisur ist automatisch eine gute \u2018Fade\u2019-Frisur. Du kannst jeden Friseur fragen, und er wird dir erkl\u00e4ren, dass die Seitenlinie und starkes Deckhaar eine gute \u2018Fade\u2019-Frisur von einer schlechten unterscheidet. Ger\u00e4t diese moderne Kombination aus Kurzhaar und Undercut in die falschen H\u00e4nde, sieht man schnell aus wie der Prinz von Bel-Air. Und das ist nicht [&hellip;]<\/p>\n","protected":false},"author":3290,"featured_media":19452,"comment_status":"closed","ping_status":"closed","sticky":false,"template":"","format":"standard","meta":{"_acf_changed":false,"_yoast_wpseo_title":"Die richtige \u2018Fade\u2019-Frisur - Treatwell","_yoast_wpseo_metadesc":"Wir sagen dir was du beachten musst, wenn du dir eine Fade Frisur \u2013 eine moderne Kombination aus Kurzhaar und Undercut \u2013 zulegen m\u00f6chtest.","_genesis_hide_title":false,"_genesis_hide_breadcrumbs":false,"_genesis_hide_singular_image":false,"_genesis_hide_footer_widgets":false,"_genesis_custom_body_class":"","_genesis_custom_post_class":"","_genesis_layout":"","saswp_custom_schema_field":"","footnotes":""},"categories":[2],"tags":[4,27],"class_list":{"0":"post-19448","1":"post","2":"type-post","3":"status-publish","4":"format-standard","5":"has-post-thumbnail","7":"category-trends","8":"tag-tr716","9":"tag-tr164","10":"entry"},"acf":{"post_credits":"Bildrechte: Stocksy, Pinterest","beauty_blog_post_button_title":"","beauty_blog_post_button":"","landscape_picture":19451,"blocks":[{"block_title":"","block_content":"","video_content":"","block_picture":19449},{"block_title":"","block_content":"","video_content":"","block_picture":19450}]},"yoast_head":"<!-- This site is optimized with the Yoast SEO plugin v27.5 - https:\/\/yoast.com\/product\/yoast-seo-wordpress\/ -->\n<title>Die richtige \u2018Fade\u2019-Frisur - Treatwell<\/title>\n<meta name=\"description\" content=\"Wir sagen dir was du beachten musst, wenn du dir eine Fade Frisur \u2013 eine moderne Kombination aus Kurzhaar und Undercut \u2013 zulegen m\u00f6chtest.\" \/>\n<meta name=\"robots\" content=\"index, follow, max-snippet:-1, max-image-preview:large, max-video-preview:-1\" \/>\n<link rel=\"canonical\" href=\"https:\/\/www.treatwell.de/treatment-files\/fade-undercut-frisuren\/\" \/>\n<meta property=\"og:locale\" content=\"de_DE\" \/>\n<meta property=\"og:type\" content=\"article\" \/>\n<meta property=\"og:title\" content=\"Die richtige \u2018Fade\u2019-Frisur - Treatwell\" \/>\n<meta property=\"og:description\" content=\"Wir sagen dir was du beachten musst, wenn du dir eine Fade Frisur \u2013 eine moderne Kombination aus Kurzhaar und Undercut \u2013 zulegen m\u00f6chtest.\" \/>\n<meta property=\"og:url\" content=\"https:\/\/www.treatwell.de/treatment-files\/fade-undercut-frisuren\/\" \/>\n<meta property=\"og:site_name\" content=\"The Treatment Files Blog\" \/>\n<meta property=\"article:published_time\" content=\"2016-08-10T09:36:04+00:00\" \/>\n<meta property=\"article:modified_time\" content=\"2026-01-18T13:55:25+00:00\" \/>\n<meta property=\"og:image\" content=\"https:\/\/www.treatwell.de/treatment-files\/wp-content\/uploads\/sites\/7\/2022\/03\/fabio-alves-DYetcnz0jRY-unsplash-min.jpg\" \/>\n\t<meta property=\"og:image:width\" content=\"628\" \/>\n\t<meta property=\"og:image:height\" content=\"628\" \/>\n\t<meta property=\"og:image:type\" content=\"image\/jpeg\" \/>\n<meta name=\"twitter:card\" content=\"summary_large_image\" \/>\n<meta name=\"twitter:label1\" content=\"Verfasst von\" \/>\n\t<meta name=\"twitter:data1\" content=\"\" \/>\n\t<meta name=\"twitter:label2\" content=\"Gesch\u00e4tzte Lesezeit\" \/>\n\t<meta name=\"twitter:data2\" content=\"1 Minute\" \/>\n<script type=\"application\/ld+json\" class=\"yoast-schema-graph\">{\"@context\":\"https:\\\/\\\/schema.org\",\"@graph\":[{\"@type\":\"Article\",\"@id\":\"https:\\\/\\\/www.treatwell.de/treatment-files\\\/fade-undercut-frisuren\\\/#article\",\"isPartOf\":{\"@id\":\"https:\\\/\\\/www.treatwell.de/treatment-files\\\/fade-undercut-frisuren\\\/\"},\"author\":{\"name\":\"\",\"@id\":\"\"},\"headline\":\"Die richtige \u2018Fade\u2019-Frisur\",\"datePublished\":\"2016-08-10T09:36:04+00:00\",\"dateModified\":\"2026-01-18T13:55:25+00:00\",\"mainEntityOfPage\":{\"@id\":\"https:\\\/\\\/www.treatwell.de/treatment-files\\\/fade-undercut-frisuren\\\/\"},\"wordCount\":172,\"publisher\":{\"@id\":\"https:\\\/\\\/www.treatwell.de/treatment-files\\\/#organization\"},\"image\":{\"@id\":\"https:\\\/\\\/www.treatwell.de/treatment-files\\\/fade-undercut-frisuren\\\/#primaryimage\"},\"thumbnailUrl\":\"https:\\\/\\\/www.treatwell.de/treatment-files\\\/wp-content\\\/uploads\\\/sites\\\/7\\\/2022\\\/03\\\/fabio-alves-DYetcnz0jRY-unsplash-min.jpg\",\"keywords\":[\"Men's Haircuts and Hairdressing\",\"Men's Shaving\"],\"articleSection\":[\"Trends\"],\"inLanguage\":\"de-DE\"},{\"@type\":\"WebPage\",\"@id\":\"https:\\\/\\\/www.treatwell.de/treatment-files\\\/fade-undercut-frisuren\\\/\",\"url\":\"https:\\\/\\\/www.treatwell.de/treatment-files\\\/fade-undercut-frisuren\\\/\",\"name\":\"Die richtige \u2018Fade\u2019-Frisur - Treatwell\",\"isPartOf\":{\"@id\":\"https:\\\/\\\/www.treatwell.de/treatment-files\\\/#website\"},\"primaryImageOfPage\":{\"@id\":\"https:\\\/\\\/www.treatwell.de/treatment-files\\\/fade-undercut-frisuren\\\/#primaryimage\"},\"image\":{\"@id\":\"https:\\\/\\\/www.treatwell.de/treatment-files\\\/fade-undercut-frisuren\\\/#primaryimage\"},\"thumbnailUrl\":\"https:\\\/\\\/www.treatwell.de/treatment-files\\\/wp-content\\\/uploads\\\/sites\\\/7\\\/2022\\\/03\\\/fabio-alves-DYetcnz0jRY-unsplash-min.jpg\",\"datePublished\":\"2016-08-10T09:36:04+00:00\",\"dateModified\":\"2026-01-18T13:55:25+00:00\",\"description\":\"Wir sagen dir was du beachten musst, wenn du dir eine Fade Frisur \u2013 eine moderne Kombination aus Kurzhaar und Undercut \u2013 zulegen m\u00f6chtest.\",\"breadcrumb\":{\"@id\":\"https:\\\/\\\/www.treatwell.de/treatment-files\\\/fade-undercut-frisuren\\\/#breadcrumb\"},\"inLanguage\":\"de-DE\",\"potentialAction\":[{\"@type\":\"ReadAction\",\"target\":[\"https:\\\/\\\/www.treatwell.de/treatment-files\\\/fade-undercut-frisuren\\\/\"]}]},{\"@type\":\"ImageObject\",\"inLanguage\":\"de-DE\",\"@id\":\"https:\\\/\\\/www.treatwell.de/treatment-files\\\/fade-undercut-frisuren\\\/#primaryimage\",\"url\":\"https:\\\/\\\/www.treatwell.de/treatment-files\\\/wp-content\\\/uploads\\\/sites\\\/7\\\/2022\\\/03\\\/fabio-alves-DYetcnz0jRY-unsplash-min.jpg\",\"contentUrl\":\"https:\\\/\\\/www.treatwell.de/treatment-files\\\/wp-content\\\/uploads\\\/sites\\\/7\\\/2022\\\/03\\\/fabio-alves-DYetcnz0jRY-unsplash-min.jpg\",\"width\":628,\"height\":628},{\"@type\":\"BreadcrumbList\",\"@id\":\"https:\\\/\\\/www.treatwell.de/treatment-files\\\/fade-undercut-frisuren\\\/#breadcrumb\",\"itemListElement\":[{\"@type\":\"ListItem\",\"position\":1,\"name\":\"Home\",\"item\":\"https:\\\/\\\/www.treatwell.de/treatment-files\\\/\"},{\"@type\":\"ListItem\",\"position\":2,\"name\":\"Trends\",\"item\":\"https:\\\/\\\/www.treatwell.de/treatment-files\\\/trends\\\/\"},{\"@type\":\"ListItem\",\"position\":3,\"name\":\"Die richtige \u2018Fade\u2019-Frisur\"}]},{\"@type\":\"WebSite\",\"@id\":\"https:\\\/\\\/www.treatwell.de/treatment-files\\\/#website\",\"url\":\"https:\\\/\\\/www.treatwell.de/treatment-files\\\/\",\"name\":\"The Treatment Files Blog\",\"description\":\"Beauty entdecken. Beauty erleben.\",\"publisher\":{\"@id\":\"https:\\\/\\\/www.treatwell.de/treatment-files\\\/#organization\"},\"potentialAction\":[{\"@type\":\"SearchAction\",\"target\":{\"@type\":\"EntryPoint\",\"urlTemplate\":\"https:\\\/\\\/www.treatwell.de/treatment-files\\\/?s={search_term_string}\"},\"query-input\":{\"@type\":\"PropertyValueSpecification\",\"valueRequired\":true,\"valueName\":\"search_term_string\"}}],\"inLanguage\":\"de-DE\"},{\"@type\":\"Organization\",\"@id\":\"https:\\\/\\\/www.treatwell.de/treatment-files\\\/#organization\",\"name\":\"Treatwell\",\"url\":\"https:\\\/\\\/www.treatwell.de/treatment-files\\\/\",\"logo\":{\"@type\":\"ImageObject\",\"inLanguage\":\"de-DE\",\"@id\":\"https:\\\/\\\/www.treatwell.de/treatment-files\\\/#\\\/schema\\\/logo\\\/image\\\/\",\"url\":\"https:\\\/\\\/www.treatwell.de/treatment-files\\\/wp-content\\\/uploads\\\/sites\\\/7\\\/2022\\\/03\\\/logo_treatwell.png\",\"contentUrl\":\"https:\\\/\\\/www.treatwell.de/treatment-files\\\/wp-content\\\/uploads\\\/sites\\\/7\\\/2022\\\/03\\\/logo_treatwell.png\",\"width\":889,\"height\":164,\"caption\":\"Treatwell\"},\"image\":{\"@id\":\"https:\\\/\\\/www.treatwell.de/treatment-files\\\/#\\\/schema\\\/logo\\\/image\\\/\"}},{\"@type\":\"Person\",\"@id\":\"\",\"url\":\"https:\\\/\\\/www.treatwell.de/treatment-files\\\/author\\\/\"}]}<\/script>\n<!-- \/ Yoast SEO plugin. -->","yoast_head_json":{"title":"Die richtige \u2018Fade\u2019-Frisur - Treatwell","description":"Wir sagen dir was du beachten musst, wenn du dir eine Fade Frisur \u2013 eine moderne Kombination aus Kurzhaar und Undercut \u2013 zulegen m\u00f6chtest.","robots":{"index":"index","follow":"follow","max-snippet":"max-snippet:-1","max-image-preview":"max-image-preview:large","max-video-preview":"max-video-preview:-1"},"canonical":"https:\/\/www.treatwell.de/treatment-files\/fade-undercut-frisuren\/","og_locale":"de_DE","og_type":"article","og_title":"Die richtige \u2018Fade\u2019-Frisur - Treatwell","og_description":"Wir sagen dir was du beachten musst, wenn du dir eine Fade Frisur \u2013 eine moderne Kombination aus Kurzhaar und Undercut \u2013 zulegen m\u00f6chtest.","og_url":"https:\/\/www.treatwell.de/treatment-files\/fade-undercut-frisuren\/","og_site_name":"The Treatment Files Blog","article_published_time":"2016-08-10T09:36:04+00:00","article_modified_time":"2026-01-18T13:55:25+00:00","og_image":[{"width":628,"height":628,"url":"https:\/\/www.treatwell.de/treatment-files\/wp-content\/uploads\/sites\/7\/2022\/03\/fabio-alves-DYetcnz0jRY-unsplash-min.jpg","type":"image\/jpeg"}],"twitter_card":"summary_large_image","twitter_misc":{"Verfasst von":"","Gesch\u00e4tzte Lesezeit":"1 Minute"},"schema":{"@context":"https:\/\/schema.org","@graph":[{"@type":"Article","@id":"https:\/\/www.treatwell.de/treatment-files\/fade-undercut-frisuren\/#article","isPartOf":{"@id":"https:\/\/www.treatwell.de/treatment-files\/fade-undercut-frisuren\/"},"author":{"name":"","@id":""},"headline":"Die richtige \u2018Fade\u2019-Frisur","datePublished":"2016-08-10T09:36:04+00:00","dateModified":"2026-01-18T13:55:25+00:00","mainEntityOfPage":{"@id":"https:\/\/www.treatwell.de/treatment-files\/fade-undercut-frisuren\/"},"wordCount":172,"publisher":{"@id":"https:\/\/www.treatwell.de/treatment-files\/#organization"},"image":{"@id":"https:\/\/www.treatwell.de/treatment-files\/fade-undercut-frisuren\/#primaryimage"},"thumbnailUrl":"https:\/\/www.treatwell.de/treatment-files\/wp-content\/uploads\/sites\/7\/2022\/03\/fabio-alves-DYetcnz0jRY-unsplash-min.jpg","keywords":["Men's Haircuts and Hairdressing","Men's Shaving"],"articleSection":["Trends"],"inLanguage":"de-DE"},{"@type":"WebPage","@id":"https:\/\/www.treatwell.de/treatment-files\/fade-undercut-frisuren\/","url":"https:\/\/www.treatwell.de/treatment-files\/fade-undercut-frisuren\/","name":"Die richtige \u2018Fade\u2019-Frisur - Treatwell","isPartOf":{"@id":"https:\/\/www.treatwell.de/treatment-files\/#website"},"primaryImageOfPage":{"@id":"https:\/\/www.treatwell.de/treatment-files\/fade-undercut-frisuren\/#primaryimage"},"image":{"@id":"https:\/\/www.treatwell.de/treatment-files\/fade-undercut-frisuren\/#primaryimage"},"thumbnailUrl":"https:\/\/www.treatwell.de/treatment-files\/wp-content\/uploads\/sites\/7\/2022\/03\/fabio-alves-DYetcnz0jRY-unsplash-min.jpg","datePublished":"2016-08-10T09:36:04+00:00","dateModified":"2026-01-18T13:55:25+00:00","description":"Wir sagen dir was du beachten musst, wenn du dir eine Fade Frisur \u2013 eine moderne Kombination aus Kurzhaar und Undercut \u2013 zulegen m\u00f6chtest.","breadcrumb":{"@id":"https:\/\/www.treatwell.de/treatment-files\/fade-undercut-frisuren\/#breadcrumb"},"inLanguage":"de-DE","potentialAction":[{"@type":"ReadAction","target":["https:\/\/www.treatwell.de/treatment-files\/fade-undercut-frisuren\/"]}]},{"@type":"ImageObject","inLanguage":"de-DE","@id":"https:\/\/www.treatwell.de/treatment-files\/fade-undercut-frisuren\/#primaryimage","url":"https:\/\/www.treatwell.de/treatment-files\/wp-content\/uploads\/sites\/7\/2022\/03\/fabio-alves-DYetcnz0jRY-unsplash-min.jpg","contentUrl":"https:\/\/www.treatwell.de/treatment-files\/wp-content\/uploads\/sites\/7\/2022\/03\/fabio-alves-DYetcnz0jRY-unsplash-min.jpg","width":628,"height":628},{"@type":"BreadcrumbList","@id":"https:\/\/www.treatwell.de/treatment-files\/fade-undercut-frisuren\/#breadcrumb","itemListElement":[{"@type":"ListItem","position":1,"name":"Home","item":"https:\/\/www.treatwell.de/treatment-files\/"},{"@type":"ListItem","position":2,"name":"Trends","item":"https:\/\/www.treatwell.de/treatment-files\/trends\/"},{"@type":"ListItem","position":3,"name":"Die richtige \u2018Fade\u2019-Frisur"}]},{"@type":"WebSite","@id":"https:\/\/www.treatwell.de/treatment-files\/#website","url":"https:\/\/www.treatwell.de/treatment-files\/","name":"The Treatment Files Blog","description":"Beauty entdecken. Beauty erleben.","publisher":{"@id":"https:\/\/www.treatwell.de/treatment-files\/#organization"},"potentialAction":[{"@type":"SearchAction","target":{"@type":"EntryPoint","urlTemplate":"https:\/\/www.treatwell.de/treatment-files\/?s={search_term_string}"},"query-input":{"@type":"PropertyValueSpecification","valueRequired":true,"valueName":"search_term_string"}}],"inLanguage":"de-DE"},{"@type":"Organization","@id":"https:\/\/www.treatwell.de/treatment-files\/#organization","name":"Treatwell","url":"https:\/\/www.treatwell.de/treatment-files\/","logo":{"@type":"ImageObject","inLanguage":"de-DE","@id":"https:\/\/www.treatwell.de/treatment-files\/#\/schema\/logo\/image\/","url":"https:\/\/www.treatwell.de/treatment-files\/wp-content\/uploads\/sites\/7\/2022\/03\/logo_treatwell.png","contentUrl":"https:\/\/www.treatwell.de/treatment-files\/wp-content\/uploads\/sites\/7\/2022\/03\/logo_treatwell.png","width":889,"height":164,"caption":"Treatwell"},"image":{"@id":"https:\/\/www.treatwell.de/treatment-files\/#\/schema\/logo\/image\/"}},{"@type":"Person","@id":"","url":"https:\/\/www.treatwell.de/treatment-files\/author\/"}]}},"featured_image_src":"https:\/\/www.treatwell.de/treatment-files\/wp-content\/uploads\/sites\/7\/2022\/03\/fabio-alves-DYetcnz0jRY-unsplash-min-600x400.jpg","featured_image_src_square":"https:\/\/www.treatwell.de/treatment-files\/wp-content\/uploads\/sites\/7\/2022\/03\/fabio-alves-DYetcnz0jRY-unsplash-min-600x600.jpg","author_info":{"display_name":"","author_link":"https:\/\/www.treatwell.de/treatment-files\/author\/"},"_links":{"self":[{"href":"https:\/\/www.treatwell.de\/treatment-files\/wp-json\/wp\/v2\/posts\/19448","targetHints":{"allow":["GET"]}}],"collection":[{"href":"https:\/\/www.treatwell.de\/treatment-files\/wp-json\/wp\/v2\/posts"}],"about":[{"href":"https:\/\/www.treatwell.de\/treatment-files\/wp-json\/wp\/v2\/types\/post"}],"author":[{"embeddable":true,"href":"https:\/\/www.treatwell.de\/treatment-files\/wp-json\/wp\/v2\/users\/3290"}],"replies":[{"embeddable":true,"href":"https:\/\/www.treatwell.de\/treatment-files\/wp-json\/wp\/v2\/comments?post=19448"}],"version-history":[{"count":0,"href":"https:\/\/www.treatwell.de\/treatment-files\/wp-json\/wp\/v2\/posts\/19448\/revisions"}],"wp:featuredmedia":[{"embeddable":true,"href":"https:\/\/www.treatwell.de\/treatment-files\/wp-json\/wp\/v2\/media\/19452"}],"wp:attachment":[{"href":"https:\/\/www.treatwell.de\/treatment-files\/wp-json\/wp\/v2\/media?parent=19448"}],"wp:term":[{"taxonomy":"category","embeddable":true,"href":"https:\/\/www.treatwell.de\/treatment-files\/wp-json\/wp\/v2\/categories?post=19448"},{"taxonomy":"post_tag","embeddable":true,"href":"https:\/\/www.treatwell.de\/treatment-files\/wp-json\/wp\/v2\/tags?post=19448"}],"curies":[{"name":"wp","href":"https:\/\/api.w.org\/{rel}","templated":true}]}}